{"id":974,"date":"2021-07-10T00:00:48","date_gmt":"2021-07-09T22:00:48","guid":{"rendered":"https:\/\/www.echoppe-francaise.fr\/blog\/?p=974"},"modified":"2021-07-02T22:05:42","modified_gmt":"2021-07-02T20:05:42","slug":"noeuds-papillons-matiere-recyclee-fabriques-france","status":"publish","type":"post","link":"https:\/\/www.echoppe-francaise.fr\/blog\/noeuds-papillons-matiere-recyclee-fabriques-france\/","title":{"rendered":"N\u0153uds Papillons en mati\u00e8re recycl\u00e9e &#038; fabriqu\u00e9s en France"},"content":{"rendered":"<h2 style=\"text-align: center;\">\u00a0\u00a0\u00a0\u00a0Rencontre avec Elsa Minier<\/h2>\n<p>Je m&rsquo;appelle Elsa, j&rsquo;ai 31 ans\u00a0et je suis Designer Textile de formation. Je suis optimiste, cr\u00e9ative et enthousiaste ! J&rsquo;ai une passion pour les\u00a0motifs.<\/p>\n<p>J&rsquo;ai grandi en Ile de France, dans le 91. J&rsquo;ai d\u00e9couvert le <strong>Jura<\/strong> \u00e0 travers mon travail dans la lunetterie et j&rsquo;en suis tomb\u00e9 amoureuse ! De ces lacs, de son atmosph\u00e8re, de ces petites usines cach\u00e9es et de ces montagnes,..<\/p>\n<h3>Mon m\u00e9tier<a href=\"https:\/\/www.echoppe-francaise.fr\/32_ecaille-au-col\"><img loading=\"lazy\" decoding=\"async\" class=\"size-medium wp-image-988 alignright\" src=\"https:\/\/www.echoppe-francaise.fr\/blog\/wp-content\/uploads\/2021\/06\/Noeud-papillon-Vahine-acetate-ecaille-marron-et-bleue-porte-sur-chemise-blanche-300x300.jpg\" alt=\"\" width=\"300\" height=\"300\" srcset=\"https:\/\/www.echoppe-francaise.fr\/blog\/wp-content\/uploads\/2021\/06\/Noeud-papillon-Vahine-acetate-ecaille-marron-et-bleue-porte-sur-chemise-blanche-300x300.jpg 300w, https:\/\/www.echoppe-francaise.fr\/blog\/wp-content\/uploads\/2021\/06\/Noeud-papillon-Vahine-acetate-ecaille-marron-et-bleue-porte-sur-chemise-blanche-150x150.jpg 150w, https:\/\/www.echoppe-francaise.fr\/blog\/wp-content\/uploads\/2021\/06\/Noeud-papillon-Vahine-acetate-ecaille-marron-et-bleue-porte-sur-chemise-blanche.jpg 543w\" sizes=\"auto, (max-width: 300px) 100vw, 300px\" \/><\/a><\/h3>\n<div class=\"freebirdFormviewerViewItemsItemItemHeader\">\n<div class=\"freebirdFormviewerViewItemsItemItemTitleDescContainer\">\n<div class=\"freebirdFormviewerViewItemsItemItemTitleContainer\">\n<div class=\"freebirdFormviewerViewItemsItemItemTitle exportItemTitle freebirdCustomFont\">Ecaille au Col est une marque d&rsquo;accessoires qui se propose de d\u00e9tourner l&rsquo;<strong>ac\u00e9tate de cellulose<\/strong>, mati\u00e8re habituellement utilis\u00e9e dans la lunetterie haut de gamme, pour proposer des cr\u00e9ations originales.<\/div>\n<div class=\"freebirdFormviewerViewItemsItemItemTitle exportItemTitle freebirdCustomFont\"><\/div>\n<div class=\"freebirdFormviewerViewItemsItemItemTitle exportItemTitle freebirdCustomFont\">\n<div class=\"freebirdFormviewerViewItemsItemItemHeader\">\n<div class=\"freebirdFormviewerViewItemsItemItemTitleDescContainer\">\n<div class=\"freebirdFormviewerViewItemsItemItemTitleContainer\">\n<div class=\"freebirdFormviewerViewItemsItemItemTitle exportItemTitle freebirdCustomFont\"><strong>Quand l\u2019histoire de votre boutique a-t-elle commenc\u00e9 ? Quel est votre parcours ? l&rsquo;histoire de votre vie professionnelle ?<\/strong><\/div>\n<\/div>\n<\/div>\n<\/div>\n<div class=\"freebirdFormviewerViewItemsTextTextItemContainer\">\n<div class=\"freebirdFormviewerViewItemsTextLongText freebirdFormviewerViewItemsTextDisabledText freebirdThemedInput\">En travaillant plusieurs ann\u00e9es dans la lunetterie, j\u2019ai d\u00e9couvert l\u2019ac\u00e9tate de cellulose et toutes ses possibilit\u00e9s. Des couleurs intenses, des aspects de surface en nombre et surtout des motifs \u00e0 dessiner \u00e0 l\u2019infini. Suite \u00e0 cette d\u00e9couverte, un constat s\u2019est impos\u00e9 : si l\u2019utilisation de l\u2019ac\u00e9tate est aujourd\u2019hui tr\u00e8s importante dans la lunetterie, elle reste peu r\u00e9pandue dans d\u2019autres domaines. Il s\u2019agit donc de faire d\u00e9couvrir cette mati\u00e8re incroyable en proposant des accessoires de mode en ac\u00e9tate de cellulose. Quoi de mieux, pour la r\u00e9v\u00e9ler au grand jour, que de l\u2019arborer fi\u00e8rement au col ? C\u2019est ainsi qu\u2019\u00c9caille au Col a pris vie.<\/div>\n<\/div>\n<\/div>\n<div class=\"freebirdFormviewerViewItemsItemItemTitle exportItemTitle freebirdCustomFont\"><\/div>\n<div class=\"freebirdFormviewerViewItemsItemItemTitle exportItemTitle freebirdCustomFont\"><strong>Vous \u00eates un artisan : Comment d\u00e9crieriez vous votre artisanat ?<\/strong><\/div>\n<\/div>\n<\/div>\n<\/div>\n<div class=\"freebirdFormviewerViewItemsTextTextItemContainer\">\n<div class=\"freebirdFormviewerViewItemsTextLongText freebirdFormviewerViewItemsTextDisabledText freebirdThemedInput\">Mon r\u00f4le au sein d&rsquo;Ecaille au Col est vraiment multiple (forc\u00e9ment, en tant qu&rsquo;auto-entreprneur !) mais celui que je pr\u00e9f\u00e8re est mon r\u00f4le de cr\u00e9atrice. Avoir un \u0153il sur le monde, l&rsquo;observer, le comprendre et l&rsquo;interpr\u00e9ter \u00e0 travers des cr\u00e9ations originales. L&rsquo;une des missions que je pr\u00e9f\u00e8re dans ce projet c&rsquo;est celle qui consiste \u00e0 faire d\u00e9couvrir les v\u00e9ritables artisans : les gens qui travaillent l&rsquo;ac\u00e9tate de cellulose dans leur petites usines du Jura !<\/div>\n<\/div>\n<div class=\"freebirdFormviewerViewItemsTextLongText freebirdFormviewerViewItemsTextDisabledText freebirdThemedInput\"><\/div>\n<h3 class=\"freebirdFormviewerViewItemsTextLongText freebirdFormviewerViewItemsTextDisabledText freebirdThemedInput\">Cr\u00e9ation et ins<img loading=\"lazy\" decoding=\"async\" class=\"size-medium wp-image-986 alignleft\" src=\"https:\/\/www.echoppe-francaise.fr\/blog\/wp-content\/uploads\/2021\/06\/Noeud-papillon-JOSEPHINE-acetate-miel-et-marron-porte-sur-chemise-blanche-300x300.jpg\" alt=\"\" width=\"300\" height=\"300\" srcset=\"https:\/\/www.echoppe-francaise.fr\/blog\/wp-content\/uploads\/2021\/06\/Noeud-papillon-JOSEPHINE-acetate-miel-et-marron-porte-sur-chemise-blanche-300x300.jpg 300w, https:\/\/www.echoppe-francaise.fr\/blog\/wp-content\/uploads\/2021\/06\/Noeud-papillon-JOSEPHINE-acetate-miel-et-marron-porte-sur-chemise-blanche-150x150.jpg 150w, https:\/\/www.echoppe-francaise.fr\/blog\/wp-content\/uploads\/2021\/06\/Noeud-papillon-JOSEPHINE-acetate-miel-et-marron-porte-sur-chemise-blanche.jpg 543w\" sizes=\"auto, (max-width: 300px) 100vw, 300px\" \/>piration unique et fran\u00e7aise, s&rsquo;il vous pla\u00eet !<\/h3>\n<div class=\"freebirdFormviewerViewItemsTextLongText freebirdFormviewerViewItemsTextDisabledText freebirdThemedInput\">\n<div class=\"freebirdFormviewerViewItemsItemItemHeader\">\n<div class=\"freebirdFormviewerViewItemsItemItemTitleDescContainer\">\n<div class=\"freebirdFormviewerViewItemsItemItemTitleContainer\">\n<div class=\"freebirdFormviewerViewItemsItemItemTitle exportItemTitle freebirdCustomFont\"><strong>Quelle est l\u2019histoire de vos cr\u00e9ations ?<\/strong><\/div>\n<\/div>\n<\/div>\n<\/div>\n<div class=\"freebirdFormviewerViewItemsTextTextItemContainer\">\n<div class=\"freebirdFormviewerViewItemsTextLongText freebirdFormviewerViewItemsTextDisabledText freebirdThemedInput\">Tout a commenc\u00e9 avec le n\u0153ud papillon, tr\u00e8s en vogue en 2018. Il m&rsquo;offrait la possibilit\u00e9 de montrer la mati\u00e8re dans toute sa splendeur !<\/div>\n<\/div>\n<\/div>\n<div class=\"freebirdFormviewerViewItemsTextLongText freebirdFormviewerViewItemsTextDisabledText freebirdThemedInput\"><\/div>\n<div class=\"freebirdFormviewerViewItemsTextLongText freebirdFormviewerViewItemsTextDisabledText freebirdThemedInput\">\n<div class=\"freebirdFormviewerViewItemsItemItemHeader\">\n<div class=\"freebirdFormviewerViewItemsItemItemTitleDescContainer\">\n<div class=\"freebirdFormviewerViewItemsItemItemTitleContainer\">\n<div class=\"freebirdFormviewerViewItemsItemItemTitle exportItemTitle freebirdCustomFont\"><strong>O\u00f9 trouvez-vous l\u2019inspiration pour vos cr\u00e9ations ? Avez vous une muse ?<\/strong><\/div>\n<\/div>\n<\/div>\n<\/div>\n<div class=\"freebirdFormviewerViewItemsTextTextItemContainer\">\n<div class=\"freebirdFormviewerViewItemsTextLongText freebirdFormviewerViewItemsTextDisabledText freebirdThemedInput\">Je trouve mon inspiration dans les voyages, les expositions et surtout,\u00a0dans les usines ! C&rsquo;est souvent en discutant avec les gens qui fabriquent que les id\u00e9es me viennent. J&rsquo;ai \u00e9galement la chance d&rsquo;\u00eatre bien entour\u00e9e, d&rsquo;avoir des ami.e.s plein de cr\u00e9ativit\u00e9 avec qui je partage beaucoup et je fais des collaborations.<\/div>\n<\/div>\n<\/div>\n<div class=\"freebirdFormviewerViewItemsTextLongText freebirdFormviewerViewItemsTextDisabledText freebirdThemedInput\"><\/div>\n<div class=\"freebirdFormviewerViewItemsTextLongText freebirdFormviewerViewItemsTextDisabledText freebirdThemedInput\">\n<div class=\"freebirdFormviewerViewItemsItemItemHeader\">\n<div class=\"freebirdFormviewerViewItemsItemItemTitleDescContainer\">\n<div class=\"freebirdFormviewerViewItemsItemItemTitleContainer\">\n<div class=\"freebirdFormviewerViewItemsItemItemTitle exportItemTitle freebirdCustomFont\"><strong>Que faites-vous ? Expliquez en quelques \u00e9tapes simples le processus de fabrication de l\u2019une de vos cr\u00e9ations.<\/strong><\/div>\n<\/div>\n<\/div>\n<\/div>\n<div class=\"freebirdFormviewerViewItemsTextTextItemContainer\">\n<div class=\"freebirdFormviewerViewItemsTextLongText freebirdFormviewerViewItemsTextDisabledText freebirdThemedInput\">Dessin\u00e9s \u00e0 Paris, les n\u0153uds papillon \u00c9caille au Col sont enti\u00e8rement r\u00e9alis\u00e9s en France. Le n\u0153ud en ac\u00e9tate de cellulose est travaill\u00e9 dans le berceau de la lunetterie fran\u00e7aise : le Jura. D\u00e9coup\u00e9 dans des ateliers o\u00f9 naissent chaque jour les plus belles montures haut de gamme, chaque n\u0153ud est ensuite poli \u00e0 la main. L\u2019ac\u00e9tate se travaille essentiellement \u00e0 la main, elle est donc le point de d\u00e9part d\u2019un artisanat que je voudrais promouvoir et exporter hors des fronti\u00e8res de la lunetterie. Les tissus des tours de cou de toutes les collections sont italiens. En lainage, ils rappellent les costumes masculins et leur \u00e9l\u00e9gance. Confi\u00e9s \u00e0 un atelier de confection parisien, ils sont coup\u00e9s, cousus puis assembl\u00e9s \u00e0 l\u2019ac\u00e9tate.<\/div>\n<\/div>\n<\/div>\n<div class=\"freebirdFormviewerViewItemsTextLongText freebirdFormviewerViewItemsTextDisabledText freebirdThemedInput\"><\/div>\n<div class=\"freebirdFormviewerViewItemsTextLongText freebirdFormviewerViewItemsTextDisabledText freebirdThemedInput\"><strong>Quelle est la valeur ajout\u00e9e de vos cr\u00e9ations ?<\/strong><\/div>\n<div class=\"freebirdFormviewerViewItemsTextLongText freebirdFormviewerViewItemsTextDisabledText freebirdThemedInput\">\n<div class=\"freebirdFormviewerViewItemsTextTextItemContainer\">\n<div class=\"freebirdFormviewerViewItemsTextLongText freebirdFormviewerViewItemsTextDisabledText freebirdThemedInput\">La mati\u00e8re et son d\u00e9tournement est l&rsquo;originalit\u00e9 d&rsquo;Ecaille au col. Nul part ailleurs vous ne trouverez de n\u0153ud papillon en ac\u00e9tate de cellulose !<\/div>\n<\/div>\n<\/div>\n<div class=\"freebirdFormviewerViewItemsTextLongText freebirdFormviewerViewItemsTextDisabledText freebirdThemedInput\"><\/div>\n<div class=\"freebirdFormviewerViewItemsTextLongText freebirdFormviewerViewItemsTextDisabledText freebirdThemedInput\">\n<div class=\"freebirdFormviewerViewItemsItemItemHeader\">\n<div class=\"freebirdFormviewerViewItemsItemItemTitleDescContainer\">\n<div class=\"freebirdFormviewerViewItemsItemItemTitleContainer\">\n<div class=\"freebirdFormviewerViewItemsItemItemTitle exportItemTitle freebirdCustomFont\"><strong>Mise \u00e0 part la \u201cFrench Touch\u201d, quelle est votre touche personnelle ?\u00a0<\/strong><\/div>\n<\/div>\n<\/div>\n<\/div>\n<div class=\"freebirdFormviewerViewItemsTextTextItemContainer\">\n<div class=\"freebirdFormviewerViewItemsTextLongText freebirdFormviewerViewItemsTextDisabledText freebirdThemedInput\">Je ne me mets aucune barri\u00e8re ! Ce qui donne des cr\u00e9ations pleine d&rsquo;\u00e9nergie, de folie et de couleurs.<\/div>\n<\/div>\n<\/div>\n<div class=\"freebirdFormviewerViewItemsTextLongText freebirdFormviewerViewItemsTextDisabledText freebirdThemedInput\">\n<div class=\"freebirdFormviewerViewItemsItemItemHeader\">\n<div class=\"freebirdFormviewerViewItemsItemItemTitleDescContainer\">\n<div class=\"freebirdFormviewerViewItemsItemItemTitleContainer\">\n<h3 class=\"freebirdFormviewerViewItemsItemItemTitle exportItemTitle freebirdCustomFont\">\u00a0<strong>Une pens\u00e9e pour la plan\u00e8te<\/strong><\/h3>\n<div class=\"freebirdFormviewerViewItemsItemItemTitle exportItemTitle freebirdCustomFont\"><strong>D&rsquo;o\u00f9 proviennent les mati\u00e8res premi\u00e8res utilis\u00e9es ?<img loading=\"lazy\" decoding=\"async\" class=\" wp-image-987 alignright\" src=\"https:\/\/www.echoppe-francaise.fr\/blog\/wp-content\/uploads\/2021\/06\/Noeud-papillon-Marylin-acetate-ecaille-blonde-port\u00e9-sur-chemise-blanche-300x300.jpg\" alt=\"\" width=\"297\" height=\"297\" srcset=\"https:\/\/www.echoppe-francaise.fr\/blog\/wp-content\/uploads\/2021\/06\/Noeud-papillon-Marylin-acetate-ecaille-blonde-port\u00e9-sur-chemise-blanche-300x300.jpg 300w, https:\/\/www.echoppe-francaise.fr\/blog\/wp-content\/uploads\/2021\/06\/Noeud-papillon-Marylin-acetate-ecaille-blonde-port\u00e9-sur-chemise-blanche-150x150.jpg 150w, https:\/\/www.echoppe-francaise.fr\/blog\/wp-content\/uploads\/2021\/06\/Noeud-papillon-Marylin-acetate-ecaille-blonde-port\u00e9-sur-chemise-blanche.jpg 543w\" sizes=\"auto, (max-width: 297px) 100vw, 297px\" \/><\/strong><\/div>\n<\/div>\n<\/div>\n<\/div>\n<div class=\"freebirdFormviewerViewItemsTextTextItemContainer\">\n<div class=\"freebirdFormviewerViewItemsTextLongText freebirdFormviewerViewItemsTextDisabledText freebirdThemedInput\">L&rsquo;ac\u00e9tate que j&rsquo;utilise provient du leader mondial de cette mati\u00e8re qui est italien. De plus en plus, j&rsquo;essaye de trouver d&rsquo;autre fili\u00e8re pour faire mes cr\u00e9ations et je me fournis chez un revendeur d&rsquo;ac\u00e9tate \u00ab\u00a0de seconde main\u00a0\u00bb : des morceaux laiss\u00e9es pour compte dans des usines qu&rsquo;il r\u00e9cup\u00e8re et revend \u00e0 moindre cout. Les tissus des tours de cou de toutes les collections sont italiens et proviennent du Sentier de Paris.<\/div>\n<\/div>\n<\/div>\n<div class=\"freebirdFormviewerViewItemsTextLongText freebirdFormviewerViewItemsTextDisabledText freebirdThemedInput\"><\/div>\n<div class=\"freebirdFormviewerViewItemsTextLongText freebirdFormviewerViewItemsTextDisabledText freebirdThemedInput\">\n<div class=\"freebirdFormviewerViewItemsItemItemHeader\">\n<div class=\"freebirdFormviewerViewItemsItemItemTitleDescContainer\">\n<div class=\"freebirdFormviewerViewItemsItemItemTitleContainer\">\n<div class=\"freebirdFormviewerViewItemsItemItemTitle exportItemTitle freebirdCustomFont\"><strong>Vers une tendance \u201cZ\u00c9RO D\u00c9CHETS\u201d ? Si oui d\u00e9crivez en quoi \/ de quelle fa\u00e7on vous vous engagez pour la plan\u00e8te. Si non, avez-vous pens\u00e9 \u00e0 le faire ? Un processus de conversion est-il en cours\u00a0? D\u00e9crivez de quelle mani\u00e8re vous souhaitez vous engager dans la r\u00e9duction de d\u00e9chets \u00e0 travers votre marque.<\/strong><\/div>\n<\/div>\n<\/div>\n<\/div>\n<div class=\"freebirdFormviewerViewItemsTextTextItemContainer\">\n<div class=\"freebirdFormviewerViewItemsTextLongText freebirdFormviewerViewItemsTextDisabledText freebirdThemedInput\">Les noeuds papillons sont aujourd&rsquo;hui d\u00e9coup\u00e9s dans des chutes de plaques qui seraient en principe parti \u00e0 la poubelle. Par ailleurs, l&rsquo;ac\u00e9tate de cellulose peut \u00eatre refondu quasiment \u00e0 l&rsquo;infini.Je produis en toute petite s\u00e9rie afin de ne pas avoir de produit en sur stock.<\/div>\n<\/div>\n<\/div>\n<div class=\"freebirdFormviewerViewItemsTextLongText freebirdFormviewerViewItemsTextDisabledText freebirdThemedInput\"><\/div>\n<div class=\"freebirdFormviewerViewItemsTextLongText freebirdFormviewerViewItemsTextDisabledText freebirdThemedInput\">\n<div class=\"freebirdFormviewerViewItemsItemItemHeader\">\n<div class=\"freebirdFormviewerViewItemsItemItemTitleDescContainer\">\n<div class=\"freebirdFormviewerViewItemsItemItemTitleContainer\">\n<div class=\"freebirdFormviewerViewItemsItemItemTitle exportItemTitle freebirdCustomFont\"><strong>Que souhaitez vous dire\/transmettre \u00e0 travers vos cr\u00e9ations ? Quelles sont vos valeurs d&rsquo;artisans ?<\/strong><\/div>\n<\/div>\n<\/div>\n<\/div>\n<div class=\"freebirdFormviewerViewItemsTextTextItemContainer\">\n<div class=\"freebirdFormviewerViewItemsTextLongText freebirdFormviewerViewItemsTextDisabledText freebirdThemedInput\">Avec \u00c9caille au Col il s\u2019agit de faire d\u00e9couvrir un savoir-faire historique et trop peu connu en France. Notre pays regorge de petites unit\u00e9s de productions incroyables qu&rsquo;on ne connait pas assez.<\/div>\n<\/div>\n<\/div>\n<div class=\"freebirdFormviewerViewItemsTextLongText freebirdFormviewerViewItemsTextDisabledText freebirdThemedInput\"><\/div>\n<div class=\"freebirdFormviewerViewItemsTextLongText freebirdFormviewerViewItemsTextDisabledText freebirdThemedInput\">\n<div class=\"freebirdFormviewerViewItemsItemItemHeader\">\n<div class=\"freebirdFormviewerViewItemsItemItemTitleDescContainer\">\n<div class=\"freebirdFormviewerViewItemsItemItemTitleContainer\">\n<div class=\"freebirdFormviewerViewItemsItemItemTitle exportItemTitle freebirdCustomFont\"><strong>Vos cr\u00e9ations, c\u2019est vous<img loading=\"lazy\" decoding=\"async\" class=\"size-medium wp-image-984 alignleft\" src=\"https:\/\/www.echoppe-francaise.fr\/blog\/wp-content\/uploads\/2021\/06\/Noeud-papillon-Ellen-ac\u00e9tate-noire-et-grise-porte-sur-chemise-blanche--300x300.jpg\" alt=\"\" width=\"300\" height=\"300\" srcset=\"https:\/\/www.echoppe-francaise.fr\/blog\/wp-content\/uploads\/2021\/06\/Noeud-papillon-Ellen-ac\u00e9tate-noire-et-grise-porte-sur-chemise-blanche--300x300.jpg 300w, https:\/\/www.echoppe-francaise.fr\/blog\/wp-content\/uploads\/2021\/06\/Noeud-papillon-Ellen-ac\u00e9tate-noire-et-grise-porte-sur-chemise-blanche--150x150.jpg 150w, https:\/\/www.echoppe-francaise.fr\/blog\/wp-content\/uploads\/2021\/06\/Noeud-papillon-Ellen-ac\u00e9tate-noire-et-grise-porte-sur-chemise-blanche-.jpg 543w\" sizes=\"auto, (max-width: 300px) 100vw, 300px\" \/> qui en parlez le mieux ! Quelle est votre cr\u00e9ation coup de c\u0153ur ? Pourquoi ?<\/strong><\/div>\n<\/div>\n<\/div>\n<\/div>\n<div class=\"freebirdFormviewerViewItemsTextTextItemContainer\">\n<div class=\"freebirdFormviewerViewItemsTextLongText freebirdFormviewerViewItemsTextDisabledText freebirdThemedInput\">Je ne pourrais pas choisir, j&rsquo;aime \u00e9norm\u00e9ment deux de mes n\u0153uds papillons et pour de raisons presque oppos\u00e9es. J&rsquo;adore MARYLIN car sa mati\u00e8re est celle qui repr\u00e9sente le mieux l&rsquo;ac\u00e9tate de cellulose et qui \u00e9voque le plus l&rsquo;\u00e9caille qu&rsquo;elle cherche \u00e0 imiter depuis que l&rsquo;on a r\u00e9alis\u00e9 que les animaux dont elle provient n&rsquo;y survivrait pas. J&rsquo;aime \u00e9galement beaucoup BRIDGET avec sa couleur turquoise et son effet d&rsquo;optique : c&rsquo;est ici la pr\u00e9cision de la mati\u00e8re qui s&rsquo;exprime. L&rsquo;ac\u00e9tate permet de cr\u00e9er des motifs extr\u00eamement pr\u00e9cis et g\u00e9om\u00e9triques !<\/div>\n<\/div>\n<\/div>\n<div class=\"freebirdFormviewerViewItemsTextLongText freebirdFormviewerViewItemsTextDisabledText freebirdThemedInput\"><\/div>\n<div class=\"freebirdFormviewerViewItemsTextLongText freebirdFormviewerViewItemsTextDisabledText freebirdThemedInput\">\n<div class=\"freebirdFormviewerViewItemsItemItemHeader\">\n<div class=\"freebirdFormviewerViewItemsItemItemTitleDescContainer\">\n<div class=\"freebirdFormviewerViewItemsItemItemTitleContainer\">\n<div class=\"freebirdFormviewerViewItemsItemItemTitle exportItemTitle freebirdCustomFont\"><strong>Le but \u00e9tant r\u00e9ellement d&rsquo;informer la communaut\u00e9 sur le mode de fabrication des produits, y a-t-il des termes techniques que l&rsquo;on pourrait leur expliquer ?<\/strong><\/div>\n<\/div>\n<\/div>\n<\/div>\n<div class=\"freebirdFormviewerViewItemsTextTextItemContainer\">\n<div class=\"freebirdFormviewerViewItemsTextLongText freebirdFormviewerViewItemsTextDisabledText freebirdThemedInput\">Les n\u0153uds papillons sont r\u00e9alis\u00e9s exactement de la m\u00eame mani\u00e8re que les lunettes. Il y a donc une \u00e9tape que l&rsquo;on ne peut pas manquer, c&rsquo;est celle des tonneaux. Pour polir et \u00e9liminer les petits d\u00e9fauts de l&rsquo;ac\u00e9tate, on met les parties d\u00e9coup\u00e9es (les branches, la face ou le n\u0153ud dans mon cas) dans de grands tonneaux en bois contenant des morceaux de bois flott\u00e9s et de l&rsquo;eau pendant parfois des journ\u00e9es enti\u00e8res. C&rsquo;est le passage aux tonneaux. Cela fait briller la mati\u00e8re, \u00e9limine les impuret\u00e9s \u00e0 la surface et fait tomber les angles.<\/div>\n<\/div>\n<\/div>\n<div class=\"freebirdFormviewerViewItemsTextLongText freebirdFormviewerViewItemsTextDisabledText freebirdThemedInput\"><\/div>\n<h3 class=\"freebirdFormviewerViewItemsTextLongText freebirdFormviewerViewItemsTextDisabledText freebirdThemedInput\">Et face au Covid alors ?<\/h3>\n<div class=\"freebirdFormviewerViewItemsItemItemHeader\">\n<div class=\"freebirdFormviewerViewItemsItemItemTitleDescContainer\">\n<div class=\"freebirdFormviewerViewItemsItemItemTitleContainer\">\n<div class=\"freebirdFormviewerViewItemsItemItemTitle exportItemTitle freebirdCustomFont\"><strong>Avec la survenue de la crise sanitaire par le Covid 19, quelles adaptations avez-vous d\u00fb faire pour pouvoir poursuivre votre activit\u00e9 durant la pand\u00e9mie?\u00a0<\/strong><\/div>\n<\/div>\n<\/div>\n<\/div>\n<div class=\"freebirdFormviewerViewItemsTextTextItemContainer\">\n<div class=\"freebirdFormviewerViewItemsTextLongText freebirdFormviewerViewItemsTextDisabledText freebirdThemedInput\">J&rsquo;ai arr\u00eat\u00e9 les march\u00e9s de cr\u00e9ateurs malheureusement. Mon site tourne au ralenti actuellement.<\/div>\n<\/div>\n<p><img loading=\"lazy\" decoding=\"async\" class=\"size-medium wp-image-985 aligncenter\" src=\"https:\/\/www.echoppe-francaise.fr\/blog\/wp-content\/uploads\/2021\/06\/Noeud-papillon-Bridget-acetate-turquoise-porte-sur-chemise-blanche-300x300.jpg\" alt=\"\" width=\"300\" height=\"300\" srcset=\"https:\/\/www.echoppe-francaise.fr\/blog\/wp-content\/uploads\/2021\/06\/Noeud-papillon-Bridget-acetate-turquoise-porte-sur-chemise-blanche-300x300.jpg 300w, https:\/\/www.echoppe-francaise.fr\/blog\/wp-content\/uploads\/2021\/06\/Noeud-papillon-Bridget-acetate-turquoise-porte-sur-chemise-blanche-150x150.jpg 150w, https:\/\/www.echoppe-francaise.fr\/blog\/wp-content\/uploads\/2021\/06\/Noeud-papillon-Bridget-acetate-turquoise-porte-sur-chemise-blanche.jpg 543w\" sizes=\"auto, (max-width: 300px) 100vw, 300px\" \/><\/p>\n<p>&nbsp;<\/p>\n<p style=\"text-align: center;\"><a href=\"https:\/\/www.echoppe-francaise.fr\/noeud-papillon_49\"><strong>D\u00e9couvrir tous les n\u0153uds papillons de l\u2019\u00c9choppe Fran\u00e7aise !<\/strong><\/a><\/p>\n<p>&nbsp;<\/p>\n","protected":false},"excerpt":{"rendered":"<p>\u00a0\u00a0\u00a0\u00a0Rencontre avec Elsa Minier Je m&rsquo;appelle Elsa, j&rsquo;ai 31 ans\u00a0et je suis Designer Textile de formation. Je suis optimiste, cr\u00e9ative et enthousiaste ! J&rsquo;ai une passion pour les\u00a0motifs. J&rsquo;ai grandi en Ile de France, dans le 91. J&rsquo;ai d\u00e9couvert le Jura \u00e0 travers mon travail dans la lunetterie et j&rsquo;en suis tomb\u00e9 amoureuse ! De&hellip;&nbsp;<\/p>\n","protected":false},"author":6,"featured_media":976,"comment_status":"open","ping_status":"open","sticky":false,"template":"","format":"standard","meta":{"_crdt_document":"","neve_meta_sidebar":"","neve_meta_container":"","neve_meta_enable_content_width":"","neve_meta_content_width":0,"neve_meta_title_alignment":"","neve_meta_author_avatar":"","neve_post_elements_order":"","neve_meta_disable_header":"","neve_meta_disable_footer":"","neve_meta_disable_title":"","footnotes":""},"categories":[3],"tags":[4,106,108,107],"class_list":["post-974","post","type-post","status-publish","format-standard","has-post-thumbnail","hentry","category-portrait","tag-made-in-france","tag-noeud-papillon","tag-plastique-noble","tag-upcyling"],"yoast_head":"<!-- This site is optimized with the Yoast SEO plugin v27.5 - https:\/\/yoast.com\/product\/yoast-seo-wordpress\/ -->\n<title>N\u0153uds Papillons en mati\u00e8re recycl\u00e9e &amp; fabriqu\u00e9s en France - \u00c9choppe Fran\u00e7aise, le Blog<\/title>\n<meta name=\"robots\" content=\"index, follow, max-snippet:-1, max-image-preview:large, max-video-preview:-1\" \/>\n<link rel=\"canonical\" href=\"https:\/\/www.echoppe-francaise.fr\/blog\/noeuds-papillons-matiere-recyclee-fabriques-france\/\" \/>\n<meta property=\"og:locale\" content=\"fr_FR\" \/>\n<meta property=\"og:type\" content=\"article\" \/>\n<meta property=\"og:title\" content=\"N\u0153uds Papillons en mati\u00e8re recycl\u00e9e &amp; fabriqu\u00e9s en France - \u00c9choppe Fran\u00e7aise, le Blog\" \/>\n<meta property=\"og:description\" content=\"\u00a0\u00a0\u00a0\u00a0Rencontre avec Elsa Minier Je m&rsquo;appelle Elsa, j&rsquo;ai 31 ans\u00a0et je suis Designer Textile de formation. Je suis optimiste, cr\u00e9ative et enthousiaste ! J&rsquo;ai une passion pour les\u00a0motifs. J&rsquo;ai grandi en Ile de France, dans le 91. J&rsquo;ai d\u00e9couvert le Jura \u00e0 travers mon travail dans la lunetterie et j&rsquo;en suis tomb\u00e9 amoureuse ! De&hellip;&nbsp;\" \/>\n<meta property=\"og:url\" content=\"https:\/\/www.echoppe-francaise.fr\/blog\/noeuds-papillons-matiere-recyclee-fabriques-france\/\" \/>\n<meta property=\"og:site_name\" content=\"\u00c9choppe Fran\u00e7aise, le Blog\" \/>\n<meta property=\"article:published_time\" content=\"2021-07-09T22:00:48+00:00\" \/>\n<meta property=\"og:image\" content=\"https:\/\/www.echoppe-francaise.fr\/blog\/wp-content\/uploads\/2021\/06\/Noeud-papillon-Ellen-port\u00e9-lifestyle.jpg\" \/>\n\t<meta property=\"og:image:width\" content=\"543\" \/>\n\t<meta property=\"og:image:height\" content=\"543\" \/>\n\t<meta property=\"og:image:type\" content=\"image\/jpeg\" \/>\n<meta name=\"author\" content=\"AntoineR\" \/>\n<meta name=\"twitter:card\" content=\"summary_large_image\" \/>\n<meta name=\"twitter:label1\" content=\"\u00c9crit par\" \/>\n\t<meta name=\"twitter:data1\" content=\"AntoineR\" \/>\n\t<meta name=\"twitter:label2\" content=\"Dur\u00e9e de lecture estim\u00e9e\" \/>\n\t<meta name=\"twitter:data2\" content=\"6 minutes\" \/>\n<script type=\"application\/ld+json\" class=\"yoast-schema-graph\">{\"@context\":\"https:\\\/\\\/schema.org\",\"@graph\":[{\"@type\":\"Article\",\"@id\":\"https:\\\/\\\/www.echoppe-francaise.fr\\\/blog\\\/noeuds-papillons-matiere-recyclee-fabriques-france\\\/#article\",\"isPartOf\":{\"@id\":\"https:\\\/\\\/www.echoppe-francaise.fr\\\/blog\\\/noeuds-papillons-matiere-recyclee-fabriques-france\\\/\"},\"author\":{\"name\":\"AntoineR\",\"@id\":\"https:\\\/\\\/www.echoppe-francaise.fr\\\/blog\\\/#\\\/schema\\\/person\\\/eef9eb08fd5394e6899ff8e6c5045b52\"},\"headline\":\"N\u0153uds Papillons en mati\u00e8re recycl\u00e9e &#038; fabriqu\u00e9s en France\",\"datePublished\":\"2021-07-09T22:00:48+00:00\",\"mainEntityOfPage\":{\"@id\":\"https:\\\/\\\/www.echoppe-francaise.fr\\\/blog\\\/noeuds-papillons-matiere-recyclee-fabriques-france\\\/\"},\"wordCount\":1251,\"commentCount\":0,\"publisher\":{\"@id\":\"https:\\\/\\\/www.echoppe-francaise.fr\\\/blog\\\/#organization\"},\"image\":{\"@id\":\"https:\\\/\\\/www.echoppe-francaise.fr\\\/blog\\\/noeuds-papillons-matiere-recyclee-fabriques-france\\\/#primaryimage\"},\"thumbnailUrl\":\"https:\\\/\\\/www.echoppe-francaise.fr\\\/blog\\\/wp-content\\\/uploads\\\/2021\\\/06\\\/Noeud-papillon-Ellen-port\u00e9-lifestyle.jpg\",\"keywords\":[\"made in france\",\"Noeud papillon\",\"Plastique noble\",\"Upcyling\"],\"articleSection\":[\"PORTRAIT\"],\"inLanguage\":\"fr-FR\",\"potentialAction\":[{\"@type\":\"CommentAction\",\"name\":\"Comment\",\"target\":[\"https:\\\/\\\/www.echoppe-francaise.fr\\\/blog\\\/noeuds-papillons-matiere-recyclee-fabriques-france\\\/#respond\"]}]},{\"@type\":\"WebPage\",\"@id\":\"https:\\\/\\\/www.echoppe-francaise.fr\\\/blog\\\/noeuds-papillons-matiere-recyclee-fabriques-france\\\/\",\"url\":\"https:\\\/\\\/www.echoppe-francaise.fr\\\/blog\\\/noeuds-papillons-matiere-recyclee-fabriques-france\\\/\",\"name\":\"N\u0153uds Papillons en mati\u00e8re recycl\u00e9e & fabriqu\u00e9s en France - \u00c9choppe Fran\u00e7aise, le Blog\",\"isPartOf\":{\"@id\":\"https:\\\/\\\/www.echoppe-francaise.fr\\\/blog\\\/#website\"},\"primaryImageOfPage\":{\"@id\":\"https:\\\/\\\/www.echoppe-francaise.fr\\\/blog\\\/noeuds-papillons-matiere-recyclee-fabriques-france\\\/#primaryimage\"},\"image\":{\"@id\":\"https:\\\/\\\/www.echoppe-francaise.fr\\\/blog\\\/noeuds-papillons-matiere-recyclee-fabriques-france\\\/#primaryimage\"},\"thumbnailUrl\":\"https:\\\/\\\/www.echoppe-francaise.fr\\\/blog\\\/wp-content\\\/uploads\\\/2021\\\/06\\\/Noeud-papillon-Ellen-port\u00e9-lifestyle.jpg\",\"datePublished\":\"2021-07-09T22:00:48+00:00\",\"breadcrumb\":{\"@id\":\"https:\\\/\\\/www.echoppe-francaise.fr\\\/blog\\\/noeuds-papillons-matiere-recyclee-fabriques-france\\\/#breadcrumb\"},\"inLanguage\":\"fr-FR\",\"potentialAction\":[{\"@type\":\"ReadAction\",\"target\":[\"https:\\\/\\\/www.echoppe-francaise.fr\\\/blog\\\/noeuds-papillons-matiere-recyclee-fabriques-france\\\/\"]}]},{\"@type\":\"ImageObject\",\"inLanguage\":\"fr-FR\",\"@id\":\"https:\\\/\\\/www.echoppe-francaise.fr\\\/blog\\\/noeuds-papillons-matiere-recyclee-fabriques-france\\\/#primaryimage\",\"url\":\"https:\\\/\\\/www.echoppe-francaise.fr\\\/blog\\\/wp-content\\\/uploads\\\/2021\\\/06\\\/Noeud-papillon-Ellen-port\u00e9-lifestyle.jpg\",\"contentUrl\":\"https:\\\/\\\/www.echoppe-francaise.fr\\\/blog\\\/wp-content\\\/uploads\\\/2021\\\/06\\\/Noeud-papillon-Ellen-port\u00e9-lifestyle.jpg\",\"width\":543,\"height\":543},{\"@type\":\"BreadcrumbList\",\"@id\":\"https:\\\/\\\/www.echoppe-francaise.fr\\\/blog\\\/noeuds-papillons-matiere-recyclee-fabriques-france\\\/#breadcrumb\",\"itemListElement\":[{\"@type\":\"ListItem\",\"position\":1,\"name\":\"Accueil\",\"item\":\"https:\\\/\\\/www.echoppe-francaise.fr\\\/blog\\\/\"},{\"@type\":\"ListItem\",\"position\":2,\"name\":\"N\u0153uds Papillons en mati\u00e8re recycl\u00e9e &#038; fabriqu\u00e9s en France\"}]},{\"@type\":\"WebSite\",\"@id\":\"https:\\\/\\\/www.echoppe-francaise.fr\\\/blog\\\/#website\",\"url\":\"https:\\\/\\\/www.echoppe-francaise.fr\\\/blog\\\/\",\"name\":\"\u00c9choppe Fran\u00e7aise, le Blog\",\"description\":\"Le blog des Cr\u00e9atrices et Cr\u00e9ateurs fran\u00e7ais\",\"publisher\":{\"@id\":\"https:\\\/\\\/www.echoppe-francaise.fr\\\/blog\\\/#organization\"},\"potentialAction\":[{\"@type\":\"SearchAction\",\"target\":{\"@type\":\"EntryPoint\",\"urlTemplate\":\"https:\\\/\\\/www.echoppe-francaise.fr\\\/blog\\\/?s={search_term_string}\"},\"query-input\":{\"@type\":\"PropertyValueSpecification\",\"valueRequired\":true,\"valueName\":\"search_term_string\"}}],\"inLanguage\":\"fr-FR\"},{\"@type\":\"Organization\",\"@id\":\"https:\\\/\\\/www.echoppe-francaise.fr\\\/blog\\\/#organization\",\"name\":\"L'\u00e9choppe Fran\u00e7aise\",\"url\":\"https:\\\/\\\/www.echoppe-francaise.fr\\\/blog\\\/\",\"logo\":{\"@type\":\"ImageObject\",\"inLanguage\":\"fr-FR\",\"@id\":\"https:\\\/\\\/www.echoppe-francaise.fr\\\/blog\\\/#\\\/schema\\\/logo\\\/image\\\/\",\"url\":\"https:\\\/\\\/www.echoppe-francaise.fr\\\/blog\\\/wp-content\\\/uploads\\\/2017\\\/04\\\/echoppe-francaise-logo-1489412704.png\",\"contentUrl\":\"https:\\\/\\\/www.echoppe-francaise.fr\\\/blog\\\/wp-content\\\/uploads\\\/2017\\\/04\\\/echoppe-francaise-logo-1489412704.png\",\"width\":492,\"height\":270,\"caption\":\"L'\u00e9choppe Fran\u00e7aise\"},\"image\":{\"@id\":\"https:\\\/\\\/www.echoppe-francaise.fr\\\/blog\\\/#\\\/schema\\\/logo\\\/image\\\/\"}},{\"@type\":\"Person\",\"@id\":\"https:\\\/\\\/www.echoppe-francaise.fr\\\/blog\\\/#\\\/schema\\\/person\\\/eef9eb08fd5394e6899ff8e6c5045b52\",\"name\":\"AntoineR\",\"image\":{\"@type\":\"ImageObject\",\"inLanguage\":\"fr-FR\",\"@id\":\"https:\\\/\\\/secure.gravatar.com\\\/avatar\\\/11538476e65f843df3f3d146f6b3798ffda7e7510e46d9566b2379eca1b1cf4d?s=96&d=mm&r=g\",\"url\":\"https:\\\/\\\/secure.gravatar.com\\\/avatar\\\/11538476e65f843df3f3d146f6b3798ffda7e7510e46d9566b2379eca1b1cf4d?s=96&d=mm&r=g\",\"contentUrl\":\"https:\\\/\\\/secure.gravatar.com\\\/avatar\\\/11538476e65f843df3f3d146f6b3798ffda7e7510e46d9566b2379eca1b1cf4d?s=96&d=mm&r=g\",\"caption\":\"AntoineR\"},\"url\":\"https:\\\/\\\/www.echoppe-francaise.fr\\\/blog\\\/author\\\/antoiner\\\/\"}]}<\/script>\n<!-- \/ Yoast SEO plugin. -->","yoast_head_json":{"title":"N\u0153uds Papillons en mati\u00e8re recycl\u00e9e & fabriqu\u00e9s en France - \u00c9choppe Fran\u00e7aise, le Blog","robots":{"index":"index","follow":"follow","max-snippet":"max-snippet:-1","max-image-preview":"max-image-preview:large","max-video-preview":"max-video-preview:-1"},"canonical":"https:\/\/www.echoppe-francaise.fr\/blog\/noeuds-papillons-matiere-recyclee-fabriques-france\/","og_locale":"fr_FR","og_type":"article","og_title":"N\u0153uds Papillons en mati\u00e8re recycl\u00e9e & fabriqu\u00e9s en France - \u00c9choppe Fran\u00e7aise, le Blog","og_description":"\u00a0\u00a0\u00a0\u00a0Rencontre avec Elsa Minier Je m&rsquo;appelle Elsa, j&rsquo;ai 31 ans\u00a0et je suis Designer Textile de formation. Je suis optimiste, cr\u00e9ative et enthousiaste ! J&rsquo;ai une passion pour les\u00a0motifs. J&rsquo;ai grandi en Ile de France, dans le 91. J&rsquo;ai d\u00e9couvert le Jura \u00e0 travers mon travail dans la lunetterie et j&rsquo;en suis tomb\u00e9 amoureuse ! De&hellip;&nbsp;","og_url":"https:\/\/www.echoppe-francaise.fr\/blog\/noeuds-papillons-matiere-recyclee-fabriques-france\/","og_site_name":"\u00c9choppe Fran\u00e7aise, le Blog","article_published_time":"2021-07-09T22:00:48+00:00","og_image":[{"width":543,"height":543,"url":"https:\/\/www.echoppe-francaise.fr\/blog\/wp-content\/uploads\/2021\/06\/Noeud-papillon-Ellen-port\u00e9-lifestyle.jpg","type":"image\/jpeg"}],"author":"AntoineR","twitter_card":"summary_large_image","twitter_misc":{"\u00c9crit par":"AntoineR","Dur\u00e9e de lecture estim\u00e9e":"6 minutes"},"schema":{"@context":"https:\/\/schema.org","@graph":[{"@type":"Article","@id":"https:\/\/www.echoppe-francaise.fr\/blog\/noeuds-papillons-matiere-recyclee-fabriques-france\/#article","isPartOf":{"@id":"https:\/\/www.echoppe-francaise.fr\/blog\/noeuds-papillons-matiere-recyclee-fabriques-france\/"},"author":{"name":"AntoineR","@id":"https:\/\/www.echoppe-francaise.fr\/blog\/#\/schema\/person\/eef9eb08fd5394e6899ff8e6c5045b52"},"headline":"N\u0153uds Papillons en mati\u00e8re recycl\u00e9e &#038; fabriqu\u00e9s en France","datePublished":"2021-07-09T22:00:48+00:00","mainEntityOfPage":{"@id":"https:\/\/www.echoppe-francaise.fr\/blog\/noeuds-papillons-matiere-recyclee-fabriques-france\/"},"wordCount":1251,"commentCount":0,"publisher":{"@id":"https:\/\/www.echoppe-francaise.fr\/blog\/#organization"},"image":{"@id":"https:\/\/www.echoppe-francaise.fr\/blog\/noeuds-papillons-matiere-recyclee-fabriques-france\/#primaryimage"},"thumbnailUrl":"https:\/\/www.echoppe-francaise.fr\/blog\/wp-content\/uploads\/2021\/06\/Noeud-papillon-Ellen-port\u00e9-lifestyle.jpg","keywords":["made in france","Noeud papillon","Plastique noble","Upcyling"],"articleSection":["PORTRAIT"],"inLanguage":"fr-FR","potentialAction":[{"@type":"CommentAction","name":"Comment","target":["https:\/\/www.echoppe-francaise.fr\/blog\/noeuds-papillons-matiere-recyclee-fabriques-france\/#respond"]}]},{"@type":"WebPage","@id":"https:\/\/www.echoppe-francaise.fr\/blog\/noeuds-papillons-matiere-recyclee-fabriques-france\/","url":"https:\/\/www.echoppe-francaise.fr\/blog\/noeuds-papillons-matiere-recyclee-fabriques-france\/","name":"N\u0153uds Papillons en mati\u00e8re recycl\u00e9e & fabriqu\u00e9s en France - \u00c9choppe Fran\u00e7aise, le Blog","isPartOf":{"@id":"https:\/\/www.echoppe-francaise.fr\/blog\/#website"},"primaryImageOfPage":{"@id":"https:\/\/www.echoppe-francaise.fr\/blog\/noeuds-papillons-matiere-recyclee-fabriques-france\/#primaryimage"},"image":{"@id":"https:\/\/www.echoppe-francaise.fr\/blog\/noeuds-papillons-matiere-recyclee-fabriques-france\/#primaryimage"},"thumbnailUrl":"https:\/\/www.echoppe-francaise.fr\/blog\/wp-content\/uploads\/2021\/06\/Noeud-papillon-Ellen-port\u00e9-lifestyle.jpg","datePublished":"2021-07-09T22:00:48+00:00","breadcrumb":{"@id":"https:\/\/www.echoppe-francaise.fr\/blog\/noeuds-papillons-matiere-recyclee-fabriques-france\/#breadcrumb"},"inLanguage":"fr-FR","potentialAction":[{"@type":"ReadAction","target":["https:\/\/www.echoppe-francaise.fr\/blog\/noeuds-papillons-matiere-recyclee-fabriques-france\/"]}]},{"@type":"ImageObject","inLanguage":"fr-FR","@id":"https:\/\/www.echoppe-francaise.fr\/blog\/noeuds-papillons-matiere-recyclee-fabriques-france\/#primaryimage","url":"https:\/\/www.echoppe-francaise.fr\/blog\/wp-content\/uploads\/2021\/06\/Noeud-papillon-Ellen-port\u00e9-lifestyle.jpg","contentUrl":"https:\/\/www.echoppe-francaise.fr\/blog\/wp-content\/uploads\/2021\/06\/Noeud-papillon-Ellen-port\u00e9-lifestyle.jpg","width":543,"height":543},{"@type":"BreadcrumbList","@id":"https:\/\/www.echoppe-francaise.fr\/blog\/noeuds-papillons-matiere-recyclee-fabriques-france\/#breadcrumb","itemListElement":[{"@type":"ListItem","position":1,"name":"Accueil","item":"https:\/\/www.echoppe-francaise.fr\/blog\/"},{"@type":"ListItem","position":2,"name":"N\u0153uds Papillons en mati\u00e8re recycl\u00e9e &#038; fabriqu\u00e9s en France"}]},{"@type":"WebSite","@id":"https:\/\/www.echoppe-francaise.fr\/blog\/#website","url":"https:\/\/www.echoppe-francaise.fr\/blog\/","name":"\u00c9choppe Fran\u00e7aise, le Blog","description":"Le blog des Cr\u00e9atrices et Cr\u00e9ateurs fran\u00e7ais","publisher":{"@id":"https:\/\/www.echoppe-francaise.fr\/blog\/#organization"},"potentialAction":[{"@type":"SearchAction","target":{"@type":"EntryPoint","urlTemplate":"https:\/\/www.echoppe-francaise.fr\/blog\/?s={search_term_string}"},"query-input":{"@type":"PropertyValueSpecification","valueRequired":true,"valueName":"search_term_string"}}],"inLanguage":"fr-FR"},{"@type":"Organization","@id":"https:\/\/www.echoppe-francaise.fr\/blog\/#organization","name":"L'\u00e9choppe Fran\u00e7aise","url":"https:\/\/www.echoppe-francaise.fr\/blog\/","logo":{"@type":"ImageObject","inLanguage":"fr-FR","@id":"https:\/\/www.echoppe-francaise.fr\/blog\/#\/schema\/logo\/image\/","url":"https:\/\/www.echoppe-francaise.fr\/blog\/wp-content\/uploads\/2017\/04\/echoppe-francaise-logo-1489412704.png","contentUrl":"https:\/\/www.echoppe-francaise.fr\/blog\/wp-content\/uploads\/2017\/04\/echoppe-francaise-logo-1489412704.png","width":492,"height":270,"caption":"L'\u00e9choppe Fran\u00e7aise"},"image":{"@id":"https:\/\/www.echoppe-francaise.fr\/blog\/#\/schema\/logo\/image\/"}},{"@type":"Person","@id":"https:\/\/www.echoppe-francaise.fr\/blog\/#\/schema\/person\/eef9eb08fd5394e6899ff8e6c5045b52","name":"AntoineR","image":{"@type":"ImageObject","inLanguage":"fr-FR","@id":"https:\/\/secure.gravatar.com\/avatar\/11538476e65f843df3f3d146f6b3798ffda7e7510e46d9566b2379eca1b1cf4d?s=96&d=mm&r=g","url":"https:\/\/secure.gravatar.com\/avatar\/11538476e65f843df3f3d146f6b3798ffda7e7510e46d9566b2379eca1b1cf4d?s=96&d=mm&r=g","contentUrl":"https:\/\/secure.gravatar.com\/avatar\/11538476e65f843df3f3d146f6b3798ffda7e7510e46d9566b2379eca1b1cf4d?s=96&d=mm&r=g","caption":"AntoineR"},"url":"https:\/\/www.echoppe-francaise.fr\/blog\/author\/antoiner\/"}]}},"_links":{"self":[{"href":"https:\/\/www.echoppe-francaise.fr\/blog\/wp-json\/wp\/v2\/posts\/974","targetHints":{"allow":["GET"]}}],"collection":[{"href":"https:\/\/www.echoppe-francaise.fr\/blog\/wp-json\/wp\/v2\/posts"}],"about":[{"href":"https:\/\/www.echoppe-francaise.fr\/blog\/wp-json\/wp\/v2\/types\/post"}],"author":[{"embeddable":true,"href":"https:\/\/www.echoppe-francaise.fr\/blog\/wp-json\/wp\/v2\/users\/6"}],"replies":[{"embeddable":true,"href":"https:\/\/www.echoppe-francaise.fr\/blog\/wp-json\/wp\/v2\/comments?post=974"}],"version-history":[{"count":12,"href":"https:\/\/www.echoppe-francaise.fr\/blog\/wp-json\/wp\/v2\/posts\/974\/revisions"}],"predecessor-version":[{"id":997,"href":"https:\/\/www.echoppe-francaise.fr\/blog\/wp-json\/wp\/v2\/posts\/974\/revisions\/997"}],"wp:featuredmedia":[{"embeddable":true,"href":"https:\/\/www.echoppe-francaise.fr\/blog\/wp-json\/wp\/v2\/media\/976"}],"wp:attachment":[{"href":"https:\/\/www.echoppe-francaise.fr\/blog\/wp-json\/wp\/v2\/media?parent=974"}],"wp:term":[{"taxonomy":"category","embeddable":true,"href":"https:\/\/www.echoppe-francaise.fr\/blog\/wp-json\/wp\/v2\/categories?post=974"},{"taxonomy":"post_tag","embeddable":true,"href":"https:\/\/www.echoppe-francaise.fr\/blog\/wp-json\/wp\/v2\/tags?post=974"}],"curies":[{"name":"wp","href":"https:\/\/api.w.org\/{rel}","templated":true}]}}