{"id":873,"date":"2021-06-30T22:00:07","date_gmt":"2021-06-30T20:00:07","guid":{"rendered":"https:\/\/www.echoppe-francaise.fr\/blog\/?p=873"},"modified":"2025-03-17T16:49:32","modified_gmt":"2025-03-17T15:49:32","slug":"rencontre-laure-derrey","status":"publish","type":"post","link":"https:\/\/www.echoppe-francaise.fr\/blog\/rencontre-laure-derrey\/","title":{"rendered":"Rencontre avec Laure Derrey"},"content":{"rendered":"<h1 style=\"text-align: center;\"><strong>Elle a lanc\u00e9 le headband made in France, et \u00e7a marche !<\/strong><\/h1>\n<p><span style=\"font-weight: 400;\">Lanc\u00e9e il y a 3 ans, la marque <\/span><b>Laure Derrey<\/b><span style=\"font-weight: 400;\"> propose d&rsquo;abord du conseil en image et sa propre collection de v\u00eatements haut de gamme, en r\u00e9ponse aux demandes de ses clientes.<\/span><\/p>\n<p><span style=\"font-weight: 400;\">Un an plus tard, la collection de headbands \u00e9thiques, con\u00e7ue avec les m\u00eames tissus que ses collections de v\u00eatements, voit le jour. L\u2019engouement est tel que la cr\u00e9atrice va tr\u00e8s vite d\u00e9cliner ses <\/span><b>headbands<\/b><span style=\"font-weight: 400;\"> dans d\u2019autres mati\u00e8res afin que chaque femme puisse trouver le <\/span><b>bandeau<\/b><span style=\"font-weight: 400;\"> qui lui ressemble. Les mati\u00e8res des <\/span><b>turbans<\/b><span style=\"font-weight: 400;\"> sont raffin\u00e9es et vari\u00e9es, les couleurs franches et les motifs sont floraux, ethniques ou g\u00e9om\u00e9triques.<\/span><\/p>\n<p><span style=\"font-weight: 400;\">Adepte de la <\/span><b>Slow Fashion,<\/b> <b>Laure Derrey<\/b><span style=\"font-weight: 400;\">, la cr\u00e9atrice, s\u2019engage pour une <\/span><b>mode \u00e9thique et durable<\/b><span style=\"font-weight: 400;\">, un brin \u00ab\u00a0r\u00e9tro chic\u00a0\u00bb, en proposant des mod\u00e8les intemporels disponibles tout au long de l\u2019ann\u00e9e.<\/span><\/p>\n<p><span style=\"font-weight: 400;\">Laure pr\u00f4ne la qualit\u00e9 et la transparence, et con\u00e7oit ses collections de A \u00e0 Z dans son <\/span><b>atelier parisien<\/b><span style=\"font-weight: 400;\">. Un soin particulier est apport\u00e9 \u00e0 chaque \u00e9tape de la cr\u00e9ation, pour redonner \u00e0 la mode ses lettres de noblesse.<\/span><\/p>\n<p><span style=\"font-weight: 400;\">Laure Derrey et sa soeur Solange, les fondatrices :<\/span><\/p>\n<p><span style=\"font-weight: 400;\">Dipl\u00f4m\u00e9e d\u2019ESMOD, Laure d\u00e9bute sa carri\u00e8re en tant que styliste pour une enseigne haut de gamme sp\u00e9cialis\u00e9e dans la grande taille. Un d\u00e9fi quotidien : cr\u00e9er des v\u00eatements qui sublimeront les rondeurs et att\u00e9nueront les complexes. Passionn\u00e9e par ce challenge, elle y reste 8 ans.<\/span><\/p>\n<p><span style=\"font-weight: 400;\">S\u2019ensuit un dipl\u00f4me de Conseil en Image \u00e0 l\u2019IDRI o\u00f9 elle d\u00e9couvre un m\u00e9tier compl\u00e9mentaire qui allie son expertise en style et son aisance relationnelle. Apr\u00e8s plusieurs sessions de personal shopping elle constate qu\u2019il est difficile de trouver les v\u00eatements qui illustrent parfaitement les conseils prodigu\u00e9s \u00e0 ses clientes.<\/span><\/p>\n<p><span style=\"font-weight: 400;\">Elle d\u00e9cide donc de cr\u00e9er sa propre marque de pi\u00e8ces intemporelles avec la possibilit\u00e9 de les\u00a0personnaliser et de les adapter aux diff\u00e9rentes morphologies et personnalit\u00e9s de chacune.<\/span><\/p>\n<p><span style=\"font-weight: 400;\">Solange a fond\u00e9 la marque avec Laure et l\u2019\u00e9paule sur le marketing et la communication. Elle est aussi Directrice de la Communication et des \u00c9tudes de tendances dans une agence sp\u00e9cialis\u00e9e dans l\u2019innovation technologique.<\/span><\/p>\n<h2>Interview de Laure<\/h2>\n<p style=\"text-align: left;\">Je suis Laure Derrey, 38 ans, entrepreneuse passionn\u00e9e ! J&rsquo;accompagne les femmes \u00e0 r\u00e9v\u00e9ler leur unicit\u00e9 pour pouvoir exprimer pleinement leur personnalit\u00e9 \u00e0 travers une mode qui leur ressemble. Je suis positive, authentique, sensible, tenace, dynamique, emphatique, bavarde et perfectionniste ! J&rsquo;aime rire, le soleil et la nature, danser la salsa, renouer avec l&rsquo;essence des choses, d\u00e9couvrir de nouvelles cultures, relever des d\u00e9fis, la libert\u00e9&#8230;Je d\u00e9teste attendre, choisir, l\u2019injustice, le manque de bienveillance \ud83d\ude09<\/p>\n<div class=\"freebirdFormviewerViewItemsTextTextItemContainer\">\n<div class=\"freebirdFormviewerViewItemsTextLongText freebirdFormviewerViewItemsTextDisabledText freebirdThemedInput\" style=\"text-align: left;\">Je suis conseill\u00e8re en image et cr\u00e9atrice de mode \u00e9thique. Je cr\u00e9e \u00e9galement des accessoires pour cheveux (headbands et chouchous) upcycl\u00e9s. Ils proviennent des chutes de tissu de mes collection ou de d\u00e9stockage d&rsquo;\u00e9toffe de cr\u00e9ateurs. A travers ces accessoires j&rsquo;invite les femmes \u00e0 oser la couleur ou l&rsquo;imprim\u00e9 et mettre un peu de piment dans leur looks pour se d\u00e9marquer.<\/div>\n<p><strong>Quand l\u2019histoire de votre boutique a-t-elle commenc\u00e9 ? Quel est votre parcours ? l&rsquo;histoire de votre vie professionnelle ?<\/strong><\/p>\n<div class=\"freebirdFormviewerViewItemsTextLongText freebirdFormviewerViewItemsTextDisabledText freebirdThemedInput\" style=\"text-align: left;\">\u00a0Dipl\u00f4m\u00e9e d\u2019ESMOD, j\u2019en sors \u00e0 21 ans et j&rsquo;exerce pendant 8 ans le m\u00e9tier passionnant d<a href=\"https:\/\/www.echoppe-francaise.fr\/headband-bandeau-cheveux_46\"><img loading=\"lazy\" decoding=\"async\" class=\"alignright wp-image-935 size-thumbnail\" src=\"https:\/\/www.echoppe-francaise.fr\/blog\/wp-content\/uploads\/2021\/06\/headband-laure-derrey-anae-imprime-boheme-fleurs-liberty-bleu-rouge-made-in-france-mode-ethique-accessoire-cheveux-150x150.jpg\" alt=\"\" width=\"150\" height=\"150\" \/><\/a>e styliste sp\u00e9cialis\u00e9e dans la grande taille. J\u2019y d\u00e9veloppe une v\u00e9ritable expertise pour mettre en valeur les diff\u00e9rentes morphologies et redonner aux femmes leur pouvoir de s\u00e9duction. J\u2019aiguise mon approche avec un dipl\u00f4me de Conseil en Image \u00e0 l\u2019IDRI et je fonde mon entreprise en 2015 : un concept novateur proposant mes prestations de conseil et une collection de pr\u00eat-\u00e0-porter haut de gamme personnalisable made in Paris. Une mode \u00e9thique et responsable pr\u00f4nant une production raisonn\u00e9e en s\u00e9rie limit\u00e9e et permettant de retisser un lien authentique entre le v\u00eatement, la cr\u00e9atrice et la cliente qui le portera. 2 ans plus tard, je d\u00e9veloppe \u00e9galement une collection d\u2019accessoires pour cheveux (headbands), issus des chutes de tissus de mes collections de v\u00eatements ou d\u2019\u00e9toffes de cr\u00e9ateurs : le succ\u00e8s est imm\u00e9diat ! Ils sont aujourd&rsquo;hui distribu\u00e9s dans une cinquantaine de concept-stores en France et \u00e0 l\u2019\u00e9tranger qui me permettent d\u2019\u00e9tendre ma vision et de sensibiliser \u00e0 la Slow Fashion.<\/div>\n<p><strong>O\u00f9 trouvez-vous l\u2019inspiration pour vos cr\u00e9ations ? Avez vous une muse ?<\/strong><\/p>\n<p>Le style casual chic de la parisienne m&rsquo;inspire beaucoup, j&rsquo;aime cette id\u00e9e d&rsquo;\u00eatre f\u00e9minine et \u00e9l\u00e9gante sans para\u00eetre trop appr\u00eat\u00e9e et sans n\u00e9gliger le confort qui est un crit\u00e8re tr\u00e8s important pour les wonder Women que nous sommes ! Les femmes qui m&rsquo;entourent sont \u00e9galement mes muses, quand je cr\u00e9e j&rsquo;explore les diff\u00e9rentes facettes de ma personnalit\u00e9 et j&rsquo;aime me dire que chaque femme pourra trouver son bonheur dans mes collections et porter chaque pi\u00e8ce en l&rsquo;adaptant \u00e0 son propre style.<\/p>\n<div class=\"freebirdFormviewerViewItemsTextLongText freebirdFormviewerViewItemsTextDisabledText freebirdThemedInput\" style=\"text-align: left;\"><strong>Quelle est l\u2019histoire de vos cr\u00e9ations ?<\/strong><\/div>\n<div class=\"freebirdFormviewerViewItemsTextLongText freebirdFormviewerViewItemsTextDisabledText freebirdThemedInput\" style=\"text-align: left;\"><\/div>\n<div class=\"freebirdFormviewerViewItemsTextLongText freebirdFormviewerViewItemsTextDisabledText freebirdThemedInput\" style=\"text-align: left;\">Plus jeune j&rsquo;ai moi aussi \u00e9t\u00e9 une \u00ab\u00a0fashion victim\u00a0\u00bb, \u00e0 d\u00e9penser sans r\u00e9el besoin dans les enseignes de fast fashion et voir mon dressing se remplir de pi\u00e8ces bas de gamme et inutiles que je ne portais pas. Mon dipl\u00f4me de conseil en image et la trentaine m&rsquo;ont amen\u00e9s \u00e0 poser un autre regard sur la vie et surtout \u00e0 revoir mon mode de consommation. J&rsquo;ai donc commenc\u00e9 par cr\u00e9er une sorte de dressing id\u00e9al avec ma collection de pr\u00eat-\u00e0-porter compos\u00e9e de jolis basiques, puis est venu le headband, une pi\u00e8ce devenue elle aussi intemporelle.<\/div>\n<div class=\"freebirdFormviewerViewItemsTextLongText freebirdFormviewerViewItemsTextDisabledText freebirdThemedInput\" style=\"text-align: left;\"><\/div>\n<p>Que faites-vous ? Expliquez en quelques \u00e9tapes simples le processus de fabrication de l\u2019une de vos cr\u00e9ations.<\/p>\n<p>LE HEADBAND : Je choisis les tissus en tenant compte de la qualit\u00e9 de la mati\u00e8re, il est essentielle qu&rsquo;elle soit agr\u00e9able \u00e0 porter et que la couleur soit lumineuse au teint. Chaque cliente a sa propre colorim\u00e9trie mais j&rsquo;essaie de toujours choisir des couleurs lumineuses et flatteuses. Viens ensuite l&rsquo;\u00e9tape de la coupe qui se fait manuellement, au ciseau pour plus de pr\u00e9cision. C&rsquo;est une \u00e9tape longue et sportive ! Ensuite place au montage et \u00e0 la phase de prototype car chaque tissu demande de r\u00e9ajuster la mesure de l&rsquo;\u00e9lastique pour arriver \u00e0 ce maintien parfait tout en \u00e9tant confortable. Ensuite je pose l&rsquo;\u00e9tiquette \u00ab\u00a0Laure Derrey\u00a0\u00bb compos\u00e9e de 4 points mains d\u00e9licats et invisible \u00e0 l&rsquo;ext\u00e9rieur. J&rsquo;\u00e9cris ensuite \u00e0 la main la r\u00e9f\u00e9rence et la composition du tissu sur la cartonnerie, je glisse le tout dans un petit pochon en coton que je parfume d\u00e9licatement \u00e0 la fleur de Cassis !<\/p>\n<div class=\"freebirdFormviewerViewItemsTextLongText freebirdFormviewerViewItemsTextDisabledText freebirdThemedInput\" style=\"text-align: left;\"><\/div>\n<div class=\"freebirdFormviewerViewItemsTextLongText freebirdFormviewerViewItemsTextDisabledText freebirdThemedInput\" style=\"text-align: left;\"><strong>Quelle est la valeur ajout\u00e9e de vos cr\u00e9ations ?<\/strong><\/div>\n<p>Les finitions haut de gamme, la confection made in France et la revalorisation des tissus qui en fait des s\u00e9ries limit\u00e9es que les clientes ne retrouveront pas sur tout le monde. La notion de conseil \u00e9galement car je suis tr\u00e8s proche de mes clientes notamment via les r\u00e9seaux sociaux et je les oriente avec plaisir dans leur choix pour que leur achat ne reste pas au placard !<\/p>\n<div class=\"freebirdFormviewerViewItemsTextLongText freebirdFormviewerViewItemsTextDisabledText freebirdThemedInput\" style=\"text-align: left;\"><strong>Mise \u00e0 part la \u201cFrench Touch\u201d, quelle est votre touche personnelle ?<\/strong><\/div>\n<p>La multitude d&rsquo;imprim\u00e9s color\u00e9s !<\/p>\n<\/div>\n<p><a href=\"https:\/\/www.echoppe-francaise.fr\/blog\/wp-content\/uploads\/2021\/06\/HEADBA1.jpe\"><img loading=\"lazy\" decoding=\"async\" class=\"wp-image-942 size-thumbnail alignleft\" src=\"https:\/\/www.echoppe-francaise.fr\/blog\/wp-content\/uploads\/2021\/06\/HEADBA1-150x150.jpe\" alt=\"\" width=\"150\" height=\"150\" \/><\/a><\/p>\n<div class=\"freebirdFormviewerViewItemsTextTextItemContainer\">\n<div class=\"freebirdFormviewerViewItemsTextLongText freebirdFormviewerViewItemsTextDisabledText freebirdThemedInput\" style=\"text-align: left;\"><\/div>\n<div class=\"freebirdFormviewerViewItemsTextLongText freebirdFormviewerViewItemsTextDisabledText freebirdThemedInput\" style=\"text-align: left;\"><strong>D&rsquo;o\u00f9 proviennent les mati\u00e8res premi\u00e8res utilis\u00e9es ?<\/strong><\/div>\n<p>Je rach\u00e8te des fins de rouleaux issus de de stockage de cr\u00e9ateur.<\/p>\n<div class=\"freebirdFormviewerViewItemsTextLongText freebirdFormviewerViewItemsTextDisabledText freebirdThemedInput\" style=\"text-align: left;\"><strong>Vers une tendance \u201cZ\u00c9RO D\u00c9CHETS\u201d ? Si oui d\u00e9crivez en quoi \/ de quelle fa\u00e7on vous vous engagez pour la plan\u00e8te. Si non, avez-vous pens\u00e9 \u00e0 le faire ? Un processus de conversion est-il en cours ? D\u00e9crivez de quelle mani\u00e8re vous souhaitez vous engager dans la r\u00e9duction de d\u00e9chets \u00e0 travers votre marque.<\/strong><\/div>\n<p>L&rsquo;upcycling et la s\u00e9rie limit\u00e9e, je produis \u00e9galement tr\u00e8s peu de stock d&rsquo;avance.<\/p>\n<p><strong>Que souhaitez vous dire\/transmettre \u00e0 travers vos cr\u00e9ations ? Quelles sont vos valeurs d&rsquo;artisans ?<\/strong><\/p>\n<p>SOYEZ CONSOM&rsquo;ACTEUR ! Par le choix de vos v\u00eatements\/accessoires vous mettez en lumi\u00e8re le travail de la personne qui les a cr\u00e9\u00e9s, vous participez \u00e0 une \u00e9conomie. Reprenez donc votre \u00ab\u00a0pouvoir d&rsquo;achat\u00a0\u00bb en choisissant des marques dont vous partagez les valeurs, vous vous sentirez ainsi pleinement align\u00e9e \u00e0 votre garde robe. Cela permet aussi de cr\u00e9er davantage de lien avec votre entourage qui sera toujours ravi de d\u00e9couvrir sur vous des marques confidentielles qui n&rsquo;ont pas toujours les moyens marketing des grosses enseignes (et avec un peu de chance vous pourrez le sensibiliser \u00e0 la mode \u00e9thique !)<\/p>\n<p><strong>Vos cr\u00e9ations, c\u2019est vous qui en parlez le mieux ! Quelle est votre cr\u00e9ation coup de c\u0153ur ? Pourquoi ?<\/strong><\/p>\n<p>Mon headband pr\u00e9f\u00e9r\u00e9 est le Prairie car c&rsquo;est une couleur \u00e0 la fois pep&rsquo;s et intemporelle qui donne un vrai coup d&rsquo;\u00e9clat au teint !<img loading=\"lazy\" decoding=\"async\" class=\"wp-image-943 size-thumbnail alignright\" src=\"https:\/\/www.echoppe-francaise.fr\/blog\/wp-content\/uploads\/2021\/06\/HEADBA2-150x150.jpg\" alt=\"\" width=\"150\" height=\"150\" \/><\/p>\n<p><strong>Avec la survenue de la crise sanitaire par le Covid 19, quelles adaptations avez-vous d\u00fb faire pour pouvoir poursuivre votre activit\u00e9 durant la pand\u00e9mie?<\/strong><\/p>\n<p>D\u00e9velopper ma pr\u00e9sence sur Instagram pour conserver un lien avec mes clientes et leur permettre de voir les produits mais aussi leur donner plein de conseils \u00e9tant donn\u00e9 que je faisais plus d&rsquo;\u00e9v\u00e8nements physiques. Je me suis \u00e9galement plus d\u00e9voil\u00e9e \u00e0 titre personnel pour renforcer ce lien d&rsquo;authenticit\u00e9 qui m&rsquo;est cher.<\/p>\n<p><strong>Quelle est la vie de votre boutique actuellement ?<\/strong><\/p>\n<p>Les ventes ont chut\u00e9 de moiti\u00e9 depuis le Covid mais je pers\u00e9v\u00e8re et continue l&rsquo;aventure m\u00eame si il y a des moments empreints de doute et de stress !<\/p>\n<\/div>\n<div class=\"freebirdFormviewerViewItemsTextTextItemContainer\"><\/div>\n","protected":false},"excerpt":{"rendered":"<p>Elle a lanc\u00e9 le headband made in France, et \u00e7a marche ! Lanc\u00e9e il y a 3 ans, la marque Laure Derrey propose d&rsquo;abord du conseil en image et sa propre collection de v\u00eatements haut de gamme, en r\u00e9ponse aux demandes de ses clientes. Un an plus tard, la collection de headbands \u00e9thiques, con\u00e7ue avec&hellip;&nbsp;<\/p>\n","protected":false},"author":6,"featured_media":947,"comment_status":"open","ping_status":"open","sticky":false,"template":"","format":"standard","meta":{"_crdt_document":"","neve_meta_sidebar":"","neve_meta_container":"","neve_meta_enable_content_width":"","neve_meta_content_width":0,"neve_meta_title_alignment":"","neve_meta_author_avatar":"","neve_post_elements_order":"","neve_meta_disable_header":"","neve_meta_disable_footer":"","neve_meta_disable_title":"","footnotes":""},"categories":[3],"tags":[92,93],"class_list":["post-873","post","type-post","status-publish","format-standard","has-post-thumbnail","hentry","category-portrait","tag-coiffure-bandeaux-et-headband","tag-headband-made-in-france"],"yoast_head":"<!-- This site is optimized with the Yoast SEO plugin v27.5 - https:\/\/yoast.com\/product\/yoast-seo-wordpress\/ -->\n<title>Rencontre avec Laure Derrey - \u00c9choppe Fran\u00e7aise, le Blog<\/title>\n<meta name=\"robots\" content=\"index, follow, max-snippet:-1, max-image-preview:large, max-video-preview:-1\" \/>\n<link rel=\"canonical\" href=\"https:\/\/www.echoppe-francaise.fr\/blog\/rencontre-laure-derrey\/\" \/>\n<meta property=\"og:locale\" content=\"fr_FR\" \/>\n<meta property=\"og:type\" content=\"article\" \/>\n<meta property=\"og:title\" content=\"Rencontre avec Laure Derrey - \u00c9choppe Fran\u00e7aise, le Blog\" \/>\n<meta property=\"og:description\" content=\"Elle a lanc\u00e9 le headband made in France, et \u00e7a marche ! Lanc\u00e9e il y a 3 ans, la marque Laure Derrey propose d&rsquo;abord du conseil en image et sa propre collection de v\u00eatements haut de gamme, en r\u00e9ponse aux demandes de ses clientes. Un an plus tard, la collection de headbands \u00e9thiques, con\u00e7ue avec&hellip;&nbsp;\" \/>\n<meta property=\"og:url\" content=\"https:\/\/www.echoppe-francaise.fr\/blog\/rencontre-laure-derrey\/\" \/>\n<meta property=\"og:site_name\" content=\"\u00c9choppe Fran\u00e7aise, le Blog\" \/>\n<meta property=\"article:published_time\" content=\"2021-06-30T20:00:07+00:00\" \/>\n<meta property=\"article:modified_time\" content=\"2025-03-17T15:49:32+00:00\" \/>\n<meta property=\"og:image\" content=\"https:\/\/www.echoppe-francaise.fr\/blog\/wp-content\/uploads\/2021\/06\/HEADBA4.jpg\" \/>\n\t<meta property=\"og:image:width\" content=\"900\" \/>\n\t<meta property=\"og:image:height\" content=\"1350\" \/>\n\t<meta property=\"og:image:type\" content=\"image\/jpeg\" \/>\n<meta name=\"author\" content=\"AntoineR\" \/>\n<meta name=\"twitter:card\" content=\"summary_large_image\" \/>\n<meta name=\"twitter:label1\" content=\"\u00c9crit par\" \/>\n\t<meta name=\"twitter:data1\" content=\"AntoineR\" \/>\n\t<meta name=\"twitter:label2\" content=\"Dur\u00e9e de lecture estim\u00e9e\" \/>\n\t<meta name=\"twitter:data2\" content=\"9 minutes\" \/>\n<script type=\"application\/ld+json\" class=\"yoast-schema-graph\">{\"@context\":\"https:\\\/\\\/schema.org\",\"@graph\":[{\"@type\":\"Article\",\"@id\":\"https:\\\/\\\/www.echoppe-francaise.fr\\\/blog\\\/rencontre-laure-derrey\\\/#article\",\"isPartOf\":{\"@id\":\"https:\\\/\\\/www.echoppe-francaise.fr\\\/blog\\\/rencontre-laure-derrey\\\/\"},\"author\":{\"name\":\"AntoineR\",\"@id\":\"https:\\\/\\\/www.echoppe-francaise.fr\\\/blog\\\/#\\\/schema\\\/person\\\/eef9eb08fd5394e6899ff8e6c5045b52\"},\"headline\":\"Rencontre avec Laure Derrey\",\"datePublished\":\"2021-06-30T20:00:07+00:00\",\"dateModified\":\"2025-03-17T15:49:32+00:00\",\"mainEntityOfPage\":{\"@id\":\"https:\\\/\\\/www.echoppe-francaise.fr\\\/blog\\\/rencontre-laure-derrey\\\/\"},\"wordCount\":1620,\"commentCount\":0,\"publisher\":{\"@id\":\"https:\\\/\\\/www.echoppe-francaise.fr\\\/blog\\\/#organization\"},\"image\":{\"@id\":\"https:\\\/\\\/www.echoppe-francaise.fr\\\/blog\\\/rencontre-laure-derrey\\\/#primaryimage\"},\"thumbnailUrl\":\"https:\\\/\\\/www.echoppe-francaise.fr\\\/blog\\\/wp-content\\\/uploads\\\/2021\\\/06\\\/HEADBA4.jpg\",\"keywords\":[\"Coiffure bandeaux et headband\",\"Headband made in France\"],\"articleSection\":[\"PORTRAIT\"],\"inLanguage\":\"fr-FR\",\"potentialAction\":[{\"@type\":\"CommentAction\",\"name\":\"Comment\",\"target\":[\"https:\\\/\\\/www.echoppe-francaise.fr\\\/blog\\\/rencontre-laure-derrey\\\/#respond\"]}]},{\"@type\":\"WebPage\",\"@id\":\"https:\\\/\\\/www.echoppe-francaise.fr\\\/blog\\\/rencontre-laure-derrey\\\/\",\"url\":\"https:\\\/\\\/www.echoppe-francaise.fr\\\/blog\\\/rencontre-laure-derrey\\\/\",\"name\":\"Rencontre avec Laure Derrey - \u00c9choppe Fran\u00e7aise, le Blog\",\"isPartOf\":{\"@id\":\"https:\\\/\\\/www.echoppe-francaise.fr\\\/blog\\\/#website\"},\"primaryImageOfPage\":{\"@id\":\"https:\\\/\\\/www.echoppe-francaise.fr\\\/blog\\\/rencontre-laure-derrey\\\/#primaryimage\"},\"image\":{\"@id\":\"https:\\\/\\\/www.echoppe-francaise.fr\\\/blog\\\/rencontre-laure-derrey\\\/#primaryimage\"},\"thumbnailUrl\":\"https:\\\/\\\/www.echoppe-francaise.fr\\\/blog\\\/wp-content\\\/uploads\\\/2021\\\/06\\\/HEADBA4.jpg\",\"datePublished\":\"2021-06-30T20:00:07+00:00\",\"dateModified\":\"2025-03-17T15:49:32+00:00\",\"breadcrumb\":{\"@id\":\"https:\\\/\\\/www.echoppe-francaise.fr\\\/blog\\\/rencontre-laure-derrey\\\/#breadcrumb\"},\"inLanguage\":\"fr-FR\",\"potentialAction\":[{\"@type\":\"ReadAction\",\"target\":[\"https:\\\/\\\/www.echoppe-francaise.fr\\\/blog\\\/rencontre-laure-derrey\\\/\"]}]},{\"@type\":\"ImageObject\",\"inLanguage\":\"fr-FR\",\"@id\":\"https:\\\/\\\/www.echoppe-francaise.fr\\\/blog\\\/rencontre-laure-derrey\\\/#primaryimage\",\"url\":\"https:\\\/\\\/www.echoppe-francaise.fr\\\/blog\\\/wp-content\\\/uploads\\\/2021\\\/06\\\/HEADBA4.jpg\",\"contentUrl\":\"https:\\\/\\\/www.echoppe-francaise.fr\\\/blog\\\/wp-content\\\/uploads\\\/2021\\\/06\\\/HEADBA4.jpg\",\"width\":900,\"height\":1350},{\"@type\":\"BreadcrumbList\",\"@id\":\"https:\\\/\\\/www.echoppe-francaise.fr\\\/blog\\\/rencontre-laure-derrey\\\/#breadcrumb\",\"itemListElement\":[{\"@type\":\"ListItem\",\"position\":1,\"name\":\"Accueil\",\"item\":\"https:\\\/\\\/www.echoppe-francaise.fr\\\/blog\\\/\"},{\"@type\":\"ListItem\",\"position\":2,\"name\":\"Rencontre avec Laure Derrey\"}]},{\"@type\":\"WebSite\",\"@id\":\"https:\\\/\\\/www.echoppe-francaise.fr\\\/blog\\\/#website\",\"url\":\"https:\\\/\\\/www.echoppe-francaise.fr\\\/blog\\\/\",\"name\":\"\u00c9choppe Fran\u00e7aise, le Blog\",\"description\":\"Le blog des Cr\u00e9atrices et Cr\u00e9ateurs fran\u00e7ais\",\"publisher\":{\"@id\":\"https:\\\/\\\/www.echoppe-francaise.fr\\\/blog\\\/#organization\"},\"potentialAction\":[{\"@type\":\"SearchAction\",\"target\":{\"@type\":\"EntryPoint\",\"urlTemplate\":\"https:\\\/\\\/www.echoppe-francaise.fr\\\/blog\\\/?s={search_term_string}\"},\"query-input\":{\"@type\":\"PropertyValueSpecification\",\"valueRequired\":true,\"valueName\":\"search_term_string\"}}],\"inLanguage\":\"fr-FR\"},{\"@type\":\"Organization\",\"@id\":\"https:\\\/\\\/www.echoppe-francaise.fr\\\/blog\\\/#organization\",\"name\":\"L'\u00e9choppe Fran\u00e7aise\",\"url\":\"https:\\\/\\\/www.echoppe-francaise.fr\\\/blog\\\/\",\"logo\":{\"@type\":\"ImageObject\",\"inLanguage\":\"fr-FR\",\"@id\":\"https:\\\/\\\/www.echoppe-francaise.fr\\\/blog\\\/#\\\/schema\\\/logo\\\/image\\\/\",\"url\":\"https:\\\/\\\/www.echoppe-francaise.fr\\\/blog\\\/wp-content\\\/uploads\\\/2017\\\/04\\\/echoppe-francaise-logo-1489412704.png\",\"contentUrl\":\"https:\\\/\\\/www.echoppe-francaise.fr\\\/blog\\\/wp-content\\\/uploads\\\/2017\\\/04\\\/echoppe-francaise-logo-1489412704.png\",\"width\":492,\"height\":270,\"caption\":\"L'\u00e9choppe Fran\u00e7aise\"},\"image\":{\"@id\":\"https:\\\/\\\/www.echoppe-francaise.fr\\\/blog\\\/#\\\/schema\\\/logo\\\/image\\\/\"}},{\"@type\":\"Person\",\"@id\":\"https:\\\/\\\/www.echoppe-francaise.fr\\\/blog\\\/#\\\/schema\\\/person\\\/eef9eb08fd5394e6899ff8e6c5045b52\",\"name\":\"AntoineR\",\"image\":{\"@type\":\"ImageObject\",\"inLanguage\":\"fr-FR\",\"@id\":\"https:\\\/\\\/secure.gravatar.com\\\/avatar\\\/11538476e65f843df3f3d146f6b3798ffda7e7510e46d9566b2379eca1b1cf4d?s=96&d=mm&r=g\",\"url\":\"https:\\\/\\\/secure.gravatar.com\\\/avatar\\\/11538476e65f843df3f3d146f6b3798ffda7e7510e46d9566b2379eca1b1cf4d?s=96&d=mm&r=g\",\"contentUrl\":\"https:\\\/\\\/secure.gravatar.com\\\/avatar\\\/11538476e65f843df3f3d146f6b3798ffda7e7510e46d9566b2379eca1b1cf4d?s=96&d=mm&r=g\",\"caption\":\"AntoineR\"},\"url\":\"https:\\\/\\\/www.echoppe-francaise.fr\\\/blog\\\/author\\\/antoiner\\\/\"}]}<\/script>\n<!-- \/ Yoast SEO plugin. -->","yoast_head_json":{"title":"Rencontre avec Laure Derrey - \u00c9choppe Fran\u00e7aise, le Blog","robots":{"index":"index","follow":"follow","max-snippet":"max-snippet:-1","max-image-preview":"max-image-preview:large","max-video-preview":"max-video-preview:-1"},"canonical":"https:\/\/www.echoppe-francaise.fr\/blog\/rencontre-laure-derrey\/","og_locale":"fr_FR","og_type":"article","og_title":"Rencontre avec Laure Derrey - \u00c9choppe Fran\u00e7aise, le Blog","og_description":"Elle a lanc\u00e9 le headband made in France, et \u00e7a marche ! Lanc\u00e9e il y a 3 ans, la marque Laure Derrey propose d&rsquo;abord du conseil en image et sa propre collection de v\u00eatements haut de gamme, en r\u00e9ponse aux demandes de ses clientes. Un an plus tard, la collection de headbands \u00e9thiques, con\u00e7ue avec&hellip;&nbsp;","og_url":"https:\/\/www.echoppe-francaise.fr\/blog\/rencontre-laure-derrey\/","og_site_name":"\u00c9choppe Fran\u00e7aise, le Blog","article_published_time":"2021-06-30T20:00:07+00:00","article_modified_time":"2025-03-17T15:49:32+00:00","og_image":[{"width":900,"height":1350,"url":"https:\/\/www.echoppe-francaise.fr\/blog\/wp-content\/uploads\/2021\/06\/HEADBA4.jpg","type":"image\/jpeg"}],"author":"AntoineR","twitter_card":"summary_large_image","twitter_misc":{"\u00c9crit par":"AntoineR","Dur\u00e9e de lecture estim\u00e9e":"9 minutes"},"schema":{"@context":"https:\/\/schema.org","@graph":[{"@type":"Article","@id":"https:\/\/www.echoppe-francaise.fr\/blog\/rencontre-laure-derrey\/#article","isPartOf":{"@id":"https:\/\/www.echoppe-francaise.fr\/blog\/rencontre-laure-derrey\/"},"author":{"name":"AntoineR","@id":"https:\/\/www.echoppe-francaise.fr\/blog\/#\/schema\/person\/eef9eb08fd5394e6899ff8e6c5045b52"},"headline":"Rencontre avec Laure Derrey","datePublished":"2021-06-30T20:00:07+00:00","dateModified":"2025-03-17T15:49:32+00:00","mainEntityOfPage":{"@id":"https:\/\/www.echoppe-francaise.fr\/blog\/rencontre-laure-derrey\/"},"wordCount":1620,"commentCount":0,"publisher":{"@id":"https:\/\/www.echoppe-francaise.fr\/blog\/#organization"},"image":{"@id":"https:\/\/www.echoppe-francaise.fr\/blog\/rencontre-laure-derrey\/#primaryimage"},"thumbnailUrl":"https:\/\/www.echoppe-francaise.fr\/blog\/wp-content\/uploads\/2021\/06\/HEADBA4.jpg","keywords":["Coiffure bandeaux et headband","Headband made in France"],"articleSection":["PORTRAIT"],"inLanguage":"fr-FR","potentialAction":[{"@type":"CommentAction","name":"Comment","target":["https:\/\/www.echoppe-francaise.fr\/blog\/rencontre-laure-derrey\/#respond"]}]},{"@type":"WebPage","@id":"https:\/\/www.echoppe-francaise.fr\/blog\/rencontre-laure-derrey\/","url":"https:\/\/www.echoppe-francaise.fr\/blog\/rencontre-laure-derrey\/","name":"Rencontre avec Laure Derrey - \u00c9choppe Fran\u00e7aise, le Blog","isPartOf":{"@id":"https:\/\/www.echoppe-francaise.fr\/blog\/#website"},"primaryImageOfPage":{"@id":"https:\/\/www.echoppe-francaise.fr\/blog\/rencontre-laure-derrey\/#primaryimage"},"image":{"@id":"https:\/\/www.echoppe-francaise.fr\/blog\/rencontre-laure-derrey\/#primaryimage"},"thumbnailUrl":"https:\/\/www.echoppe-francaise.fr\/blog\/wp-content\/uploads\/2021\/06\/HEADBA4.jpg","datePublished":"2021-06-30T20:00:07+00:00","dateModified":"2025-03-17T15:49:32+00:00","breadcrumb":{"@id":"https:\/\/www.echoppe-francaise.fr\/blog\/rencontre-laure-derrey\/#breadcrumb"},"inLanguage":"fr-FR","potentialAction":[{"@type":"ReadAction","target":["https:\/\/www.echoppe-francaise.fr\/blog\/rencontre-laure-derrey\/"]}]},{"@type":"ImageObject","inLanguage":"fr-FR","@id":"https:\/\/www.echoppe-francaise.fr\/blog\/rencontre-laure-derrey\/#primaryimage","url":"https:\/\/www.echoppe-francaise.fr\/blog\/wp-content\/uploads\/2021\/06\/HEADBA4.jpg","contentUrl":"https:\/\/www.echoppe-francaise.fr\/blog\/wp-content\/uploads\/2021\/06\/HEADBA4.jpg","width":900,"height":1350},{"@type":"BreadcrumbList","@id":"https:\/\/www.echoppe-francaise.fr\/blog\/rencontre-laure-derrey\/#breadcrumb","itemListElement":[{"@type":"ListItem","position":1,"name":"Accueil","item":"https:\/\/www.echoppe-francaise.fr\/blog\/"},{"@type":"ListItem","position":2,"name":"Rencontre avec Laure Derrey"}]},{"@type":"WebSite","@id":"https:\/\/www.echoppe-francaise.fr\/blog\/#website","url":"https:\/\/www.echoppe-francaise.fr\/blog\/","name":"\u00c9choppe Fran\u00e7aise, le Blog","description":"Le blog des Cr\u00e9atrices et Cr\u00e9ateurs fran\u00e7ais","publisher":{"@id":"https:\/\/www.echoppe-francaise.fr\/blog\/#organization"},"potentialAction":[{"@type":"SearchAction","target":{"@type":"EntryPoint","urlTemplate":"https:\/\/www.echoppe-francaise.fr\/blog\/?s={search_term_string}"},"query-input":{"@type":"PropertyValueSpecification","valueRequired":true,"valueName":"search_term_string"}}],"inLanguage":"fr-FR"},{"@type":"Organization","@id":"https:\/\/www.echoppe-francaise.fr\/blog\/#organization","name":"L'\u00e9choppe Fran\u00e7aise","url":"https:\/\/www.echoppe-francaise.fr\/blog\/","logo":{"@type":"ImageObject","inLanguage":"fr-FR","@id":"https:\/\/www.echoppe-francaise.fr\/blog\/#\/schema\/logo\/image\/","url":"https:\/\/www.echoppe-francaise.fr\/blog\/wp-content\/uploads\/2017\/04\/echoppe-francaise-logo-1489412704.png","contentUrl":"https:\/\/www.echoppe-francaise.fr\/blog\/wp-content\/uploads\/2017\/04\/echoppe-francaise-logo-1489412704.png","width":492,"height":270,"caption":"L'\u00e9choppe Fran\u00e7aise"},"image":{"@id":"https:\/\/www.echoppe-francaise.fr\/blog\/#\/schema\/logo\/image\/"}},{"@type":"Person","@id":"https:\/\/www.echoppe-francaise.fr\/blog\/#\/schema\/person\/eef9eb08fd5394e6899ff8e6c5045b52","name":"AntoineR","image":{"@type":"ImageObject","inLanguage":"fr-FR","@id":"https:\/\/secure.gravatar.com\/avatar\/11538476e65f843df3f3d146f6b3798ffda7e7510e46d9566b2379eca1b1cf4d?s=96&d=mm&r=g","url":"https:\/\/secure.gravatar.com\/avatar\/11538476e65f843df3f3d146f6b3798ffda7e7510e46d9566b2379eca1b1cf4d?s=96&d=mm&r=g","contentUrl":"https:\/\/secure.gravatar.com\/avatar\/11538476e65f843df3f3d146f6b3798ffda7e7510e46d9566b2379eca1b1cf4d?s=96&d=mm&r=g","caption":"AntoineR"},"url":"https:\/\/www.echoppe-francaise.fr\/blog\/author\/antoiner\/"}]}},"_links":{"self":[{"href":"https:\/\/www.echoppe-francaise.fr\/blog\/wp-json\/wp\/v2\/posts\/873","targetHints":{"allow":["GET"]}}],"collection":[{"href":"https:\/\/www.echoppe-francaise.fr\/blog\/wp-json\/wp\/v2\/posts"}],"about":[{"href":"https:\/\/www.echoppe-francaise.fr\/blog\/wp-json\/wp\/v2\/types\/post"}],"author":[{"embeddable":true,"href":"https:\/\/www.echoppe-francaise.fr\/blog\/wp-json\/wp\/v2\/users\/6"}],"replies":[{"embeddable":true,"href":"https:\/\/www.echoppe-francaise.fr\/blog\/wp-json\/wp\/v2\/comments?post=873"}],"version-history":[{"count":12,"href":"https:\/\/www.echoppe-francaise.fr\/blog\/wp-json\/wp\/v2\/posts\/873\/revisions"}],"predecessor-version":[{"id":2197,"href":"https:\/\/www.echoppe-francaise.fr\/blog\/wp-json\/wp\/v2\/posts\/873\/revisions\/2197"}],"wp:featuredmedia":[{"embeddable":true,"href":"https:\/\/www.echoppe-francaise.fr\/blog\/wp-json\/wp\/v2\/media\/947"}],"wp:attachment":[{"href":"https:\/\/www.echoppe-francaise.fr\/blog\/wp-json\/wp\/v2\/media?parent=873"}],"wp:term":[{"taxonomy":"category","embeddable":true,"href":"https:\/\/www.echoppe-francaise.fr\/blog\/wp-json\/wp\/v2\/categories?post=873"},{"taxonomy":"post_tag","embeddable":true,"href":"https:\/\/www.echoppe-francaise.fr\/blog\/wp-json\/wp\/v2\/tags?post=873"}],"curies":[{"name":"wp","href":"https:\/\/api.w.org\/{rel}","templated":true}]}}