{"id":846,"date":"2021-05-26T08:00:12","date_gmt":"2021-05-26T06:00:12","guid":{"rendered":"https:\/\/www.echoppe-francaise.fr\/blog\/?p=846"},"modified":"2021-06-29T09:14:32","modified_gmt":"2021-06-29T07:14:32","slug":"studio-martho-echoppe-francaise","status":"publish","type":"post","link":"https:\/\/www.echoppe-francaise.fr\/blog\/studio-martho-echoppe-francaise\/","title":{"rendered":"Rencontre avec Marion et Thomas &#8211; Studio Martho"},"content":{"rendered":"<h1 style=\"text-align: center;\"><strong>Martho, c\u2019est l\u2019association cr\u00e9ative de Marion et Thomas<\/strong><\/h1>\n<p><strong>Marion<\/strong> est Designer Produit, <strong>Thomas<\/strong> est Graphiste Directeur Artistique,<\/p>\n<p><span style=\"font-weight: 400;\">Le duo fait na\u00eetre une jolie <strong>marque avec une identit\u00e9 forte et originale<\/strong>, propose des <strong>bijoux<\/strong> et <strong>accessoires<\/strong> en bois de cerisier, d\u00e9coup\u00e9s et grav\u00e9s au laser.<\/span><\/p>\n<p><img loading=\"lazy\" decoding=\"async\" class=\"alignnone wp-image-853\" src=\"https:\/\/www.echoppe-francaise.fr\/blog\/wp-content\/uploads\/2021\/05\/Atelier-cuire-noir-et-blanc-300x200.jpg\" alt=\"\" width=\"257\" height=\"171\" srcset=\"https:\/\/www.echoppe-francaise.fr\/blog\/wp-content\/uploads\/2021\/05\/Atelier-cuire-noir-et-blanc-300x200.jpg 300w, https:\/\/www.echoppe-francaise.fr\/blog\/wp-content\/uploads\/2021\/05\/Atelier-cuire-noir-et-blanc-768x512.jpg 768w, https:\/\/www.echoppe-francaise.fr\/blog\/wp-content\/uploads\/2021\/05\/Atelier-cuire-noir-et-blanc.jpg 814w\" sizes=\"auto, (max-width: 257px) 100vw, 257px\" \/> <img loading=\"lazy\" decoding=\"async\" class=\"alignnone wp-image-854\" src=\"https:\/\/www.echoppe-francaise.fr\/blog\/wp-content\/uploads\/2021\/05\/Atelier-laser-Martho-300x200.jpg\" alt=\"\" width=\"257\" height=\"171\" srcset=\"https:\/\/www.echoppe-francaise.fr\/blog\/wp-content\/uploads\/2021\/05\/Atelier-laser-Martho-300x200.jpg 300w, https:\/\/www.echoppe-francaise.fr\/blog\/wp-content\/uploads\/2021\/05\/Atelier-laser-Martho-768x512.jpg 768w, https:\/\/www.echoppe-francaise.fr\/blog\/wp-content\/uploads\/2021\/05\/Atelier-laser-Martho.jpg 814w\" sizes=\"auto, (max-width: 257px) 100vw, 257px\" \/> <img loading=\"lazy\" decoding=\"async\" class=\"alignnone wp-image-856\" src=\"https:\/\/www.echoppe-francaise.fr\/blog\/wp-content\/uploads\/2021\/05\/Martho-Atelier-couleur-300x200.jpg\" alt=\"\" width=\"258\" height=\"172\" srcset=\"https:\/\/www.echoppe-francaise.fr\/blog\/wp-content\/uploads\/2021\/05\/Martho-Atelier-couleur-300x200.jpg 300w, https:\/\/www.echoppe-francaise.fr\/blog\/wp-content\/uploads\/2021\/05\/Martho-Atelier-couleur-768x512.jpg 768w, https:\/\/www.echoppe-francaise.fr\/blog\/wp-content\/uploads\/2021\/05\/Martho-Atelier-couleur.jpg 814w\" sizes=\"auto, (max-width: 258px) 100vw, 258px\" \/><\/p>\n<h2><b>Le studio<\/b><\/h2>\n<p><b>Marion et Thomas <\/b><span style=\"font-weight: 400;\">ont cr\u00e9\u00e9 <\/span><b>Studio Martho<\/b><span style=\"font-weight: 400;\"> au c\u0153ur de la Croix Rousse : le c\u00e9l\u00e8bre quartier lyonnais. Il s\u2019agit d\u2019un studio de design ayant pour vocation de cr\u00e9er des produits astucieux r\u00e9pondant \u00e0 de nouveaux usages domestiques.<\/span><\/p>\n<p>Ils ont r\u00e9cemment d\u00e9m\u00e9nag\u00e9 \u00e0 Toulouse, en Occitanie.<\/p>\n<p><span style=\"font-weight: 400;\">A l\u2019image de tous les cr\u00e9ateurs formant la famille de l\u2019Echoppe Fran\u00e7aise, Marion et Thomas ont \u00e0 c\u0153ur de favoriser la <\/span><b>proximit\u00e9 dans l\u2019\u00e9laboration de leurs produits<\/b><span style=\"font-weight: 400;\">, afin d\u2019avoir recours \u00e0 une production raisonn\u00e9e et attentionn\u00e9e. Particuli\u00e8rement attentifs aux mat\u00e9riaux et \u00e0 ceux qui les fa\u00e7onnent, nos deux designers affectionnent les imperfections naturelles de la mati\u00e8re, qui selon eux, insufflent un suppl\u00e9ment d\u2019\u00e2me \u00e0 leurs cr\u00e9ations.<\/span><\/p>\n<h2><b>Des accessoires pour femmes et hommes tendances<\/b><\/h2>\n<p><span style=\"font-weight: 400;\">Vous retrouverez sur l\u2019Echoppe Fran\u00e7aise leur collection de <\/span><b>bijoux et accessoires pour hommes et femmes, en bois,<\/b><span style=\"font-weight: 400;\"> d\u00e9coup\u00e9s et grav\u00e9s au laser, et souvent agr\u00e9ment\u00e9s d\u2019une touche de <\/span><b>cuir<\/b><span style=\"font-weight: 400;\">. Ces cr\u00e9ations sont issues de l\u2019alliance entre technologie et artisanat, produites en petites s\u00e9ries, <\/span><b>au gr\u00e9 des chutes r\u00e9cup\u00e9r\u00e9es dans les ateliers de maroquinerie ou autres cr\u00e9atrices<\/b><span style=\"font-weight: 400;\">. Le tout est ensuite assembl\u00e9 \u00e0 la main, dans l\u2019atelier situ\u00e9 au c\u0153ur\u00a0de la Ville Rose.<\/span><\/p>\n<p>Tout savoir sur leur <a href=\"https:\/\/www.echoppe-francaise.fr\/35_studio-martho\">cr\u00e9ations<\/a> :<\/p>\n<p><img loading=\"lazy\" decoding=\"async\" class=\"alignnone wp-image-860\" src=\"https:\/\/www.echoppe-francaise.fr\/blog\/wp-content\/uploads\/2021\/05\/marion-340-300x300.jpg\" alt=\"\" width=\"273\" height=\"273\" srcset=\"https:\/\/www.echoppe-francaise.fr\/blog\/wp-content\/uploads\/2021\/05\/marion-340-300x300.jpg 300w, https:\/\/www.echoppe-francaise.fr\/blog\/wp-content\/uploads\/2021\/05\/marion-340-150x150.jpg 150w, https:\/\/www.echoppe-francaise.fr\/blog\/wp-content\/uploads\/2021\/05\/marion-340.jpg 340w\" sizes=\"auto, (max-width: 273px) 100vw, 273px\" \/>\u00a0 \u00a0<img loading=\"lazy\" decoding=\"async\" class=\"alignnone wp-image-855\" src=\"https:\/\/www.echoppe-francaise.fr\/blog\/wp-content\/uploads\/2021\/05\/Atelier-noir-et-blanc-Martho-200x300.jpg\" alt=\"\" width=\"182\" height=\"273\" srcset=\"https:\/\/www.echoppe-francaise.fr\/blog\/wp-content\/uploads\/2021\/05\/Atelier-noir-et-blanc-Martho-200x300.jpg 200w, https:\/\/www.echoppe-francaise.fr\/blog\/wp-content\/uploads\/2021\/05\/Atelier-noir-et-blanc-Martho.jpg 362w\" sizes=\"auto, (max-width: 182px) 100vw, 182px\" \/>\u00a0 \u00a0<img loading=\"lazy\" decoding=\"async\" class=\"alignnone wp-image-861\" src=\"https:\/\/www.echoppe-francaise.fr\/blog\/wp-content\/uploads\/2021\/05\/thomas-340-300x300.jpg\" alt=\"\" width=\"274\" height=\"274\" srcset=\"https:\/\/www.echoppe-francaise.fr\/blog\/wp-content\/uploads\/2021\/05\/thomas-340-300x300.jpg 300w, https:\/\/www.echoppe-francaise.fr\/blog\/wp-content\/uploads\/2021\/05\/thomas-340-150x150.jpg 150w, https:\/\/www.echoppe-francaise.fr\/blog\/wp-content\/uploads\/2021\/05\/thomas-340.jpg 340w\" sizes=\"auto, (max-width: 274px) 100vw, 274px\" \/><\/p>\n<h2 style=\"text-align: center;\"><strong>Voici l&rsquo;interveiw que nous avons men\u00e9 avec Marion et Thomas<\/strong><\/h2>\n<h3>Cr\u00e9ations &amp; inspirations<\/h3>\n<p><b>Quand l\u2019histoire de votre boutique a-t-elle commenc\u00e9 ? Quel est votre parcours ? l&rsquo;histoire de votre vie professionnelle ?<\/b><\/p>\n<p><span style=\"font-weight: 400;\">Suite \u00e0 la fin de nos \u00e9tudes, nous nous sommes install\u00e9s au Canada pour une ann\u00e9e fabuleuse. A notre retour en France nous avons lanc\u00e9 Martho sous une toute autre forme que celle actuelle. C&rsquo;est donc depuis 2017 que la v\u00e9ritable histoire de Martho commence et \u00e0 l&rsquo;heure actuelle Marion a pris les rennes.<\/span><\/p>\n<p>&nbsp;<\/p>\n<p><b>O\u00f9 trouvez-vous l\u2019inspiration pour vos cr\u00e9ations ? Avez vous une muse ?<\/b><\/p>\n<p><span style=\"font-weight: 400;\">Nos cr\u00e9ations sont inspir\u00e9es par la nature et le c\u00e9leste beaucoup emprunt des cultures ancestrales ethnique.<\/span><\/p>\n<p><b>Quelle est l\u2019histoire de vos cr\u00e9ations ?<\/b><\/p>\n<p><a href=\"https:\/\/www.echoppe-francaise.fr\/boucles-oreilles-createur\/832-boucles-d-oreilles-bois-et-cuir-champetre.html\"><img loading=\"lazy\" decoding=\"async\" class=\"wp-image-867 alignleft\" src=\"https:\/\/www.echoppe-francaise.fr\/blog\/wp-content\/uploads\/2021\/05\/Boucles-doreilles-champetre-marion-et-thomas-studio-martho-300x300.jpg\" alt=\"\" width=\"161\" height=\"161\" srcset=\"https:\/\/www.echoppe-francaise.fr\/blog\/wp-content\/uploads\/2021\/05\/Boucles-doreilles-champetre-marion-et-thomas-studio-martho-300x300.jpg 300w, https:\/\/www.echoppe-francaise.fr\/blog\/wp-content\/uploads\/2021\/05\/Boucles-doreilles-champetre-marion-et-thomas-studio-martho-150x150.jpg 150w, https:\/\/www.echoppe-francaise.fr\/blog\/wp-content\/uploads\/2021\/05\/Boucles-doreilles-champetre-marion-et-thomas-studio-martho.jpg 543w\" sizes=\"auto, (max-width: 161px) 100vw, 161px\" \/><\/a><\/p>\n<p><span style=\"font-weight: 400;\">Nous avons tout d&rsquo;abord commenc\u00e9 par la cr\u00e9ation d&rsquo;une bo\u00eete \u00e0 bijoux en porcelaine. Pour la mettre en avant nous avons cr\u00e9\u00e9 des boucles d&rsquo;oreilles qui finalement ont pris le pas. Puis les boucles d&rsquo;oreilles se sont vues accompagn\u00e9es de n\u0153ud papillon, afin de ne pas faire de jaloux.<\/span><\/p>\n<p><b>Que faites-vous ? Expliquez en quelques \u00e9tapes simples le processus de fabrication de l\u2019une de vos cr\u00e9ations.<\/b><\/p>\n<p><span style=\"font-weight: 400;\">Nous imaginons et dessinons les formes de nos bijoux directement dans notre atelier toulousain. Puis, une fois vectoris\u00e9, nous envoyons les fichiers \u00e0 la d\u00e9coupe laser. C&rsquo;est une petite entreprise familiale situ\u00e9e en Rh\u00f4ne Alpes qui s&rsquo;occupe de cette \u00e9tape. Ensuite nous r\u00e9cup\u00e9rons les bijoux, assemblons les appr\u00eats. Et c&rsquo;est lors des commandes que nous ajoutons les touches de cuir ou simili cuir upcycl\u00e9es.<\/span><\/p>\n<h3>Le made in France<\/h3>\n<p><a href=\"https:\/\/www.echoppe-francaise.fr\/boucles-oreilles-createur\/836-boucles-d-oreilles-bois-et-cuir-eclyps.html\"><img loading=\"lazy\" decoding=\"async\" class=\"wp-image-869 alignright\" src=\"https:\/\/www.echoppe-francaise.fr\/blog\/wp-content\/uploads\/2021\/05\/Boucles-doreilles-ECLYPS-Jaune-Martho-300x300.jpg\" alt=\"\" width=\"150\" height=\"150\" srcset=\"https:\/\/www.echoppe-francaise.fr\/blog\/wp-content\/uploads\/2021\/05\/Boucles-doreilles-ECLYPS-Jaune-Martho-300x300.jpg 300w, https:\/\/www.echoppe-francaise.fr\/blog\/wp-content\/uploads\/2021\/05\/Boucles-doreilles-ECLYPS-Jaune-Martho-150x150.jpg 150w, https:\/\/www.echoppe-francaise.fr\/blog\/wp-content\/uploads\/2021\/05\/Boucles-doreilles-ECLYPS-Jaune-Martho.jpg 543w\" sizes=\"auto, (max-width: 150px) 100vw, 150px\" \/><\/a><\/p>\n<p><b>Quelle est la valeur ajout\u00e9e de vos cr\u00e9ations ?<\/b><\/p>\n<p><span style=\"font-weight: 400;\">Des formes uniques, originales, une multitude de coloris. Et des bijoux reconnaissables.<\/span><\/p>\n<p><b>Mise \u00e0 part la \u201cFrench Touch\u201d, quelle est votre touche personnelle ?<\/b><\/p>\n<p><span style=\"font-weight: 400;\">Des bijoux tr\u00e8s originaux qui s&rsquo;assument !<\/span><\/p>\n<p><b>D&rsquo;o\u00f9 proviennent les mati\u00e8res premi\u00e8res utilis\u00e9es ?<\/b><\/p>\n<p><span style=\"font-weight: 400;\">D&rsquo;Europe, la cr\u00e9ation de bijoux fantaisie ne peut malheureusement se faire en 100% fait en France, car il n&rsquo;y a simplement pas d&rsquo;usines qui proposent les appr\u00eats dont nous avons besoin.\u00a0<\/span><\/p>\n<p><span style=\"font-weight: 400;\">Pour le cuir ou simili cuir nous le r\u00e9cup\u00e9rons chez des cr\u00e9atrices ou maroquiniers fran\u00e7ais.<\/span><\/p>\n<h3>Et on pense \u00e0 l&rsquo;environnement !<\/h3>\n<p><b>Vers une tendance \u201cZ\u00c9RO D\u00c9CHETS\u201d ? Si oui d\u00e9crivez en quoi \/ de quelle fa\u00e7on vous vous engagez pour la plan\u00e8te. Si non, avez-vous pens\u00e9 \u00e0 le faire ? Un processus de conversion est-il en cours ? D\u00e9crivez de quelle mani\u00e8re vous souhaitez vous engager dans la r\u00e9duction de d\u00e9chets \u00e0 travers votre marque.<\/b><\/p>\n<p><span style=\"font-weight: 400;\"><a href=\"https:\/\/www.echoppe-francaise.fr\/boucles-oreilles-createur\/835-boucles-d-oreilles-bois-et-cuir-rubiks.html\"><img loading=\"lazy\" decoding=\"async\" class=\" wp-image-868 alignleft\" src=\"https:\/\/www.echoppe-francaise.fr\/blog\/wp-content\/uploads\/2021\/05\/RUBIKS-Mint-Boucles-doreilles-Martho-300x300.jpg\" alt=\"\" width=\"197\" height=\"197\" srcset=\"https:\/\/www.echoppe-francaise.fr\/blog\/wp-content\/uploads\/2021\/05\/RUBIKS-Mint-Boucles-doreilles-Martho-300x300.jpg 300w, https:\/\/www.echoppe-francaise.fr\/blog\/wp-content\/uploads\/2021\/05\/RUBIKS-Mint-Boucles-doreilles-Martho-150x150.jpg 150w, https:\/\/www.echoppe-francaise.fr\/blog\/wp-content\/uploads\/2021\/05\/RUBIKS-Mint-Boucles-doreilles-Martho.jpg 543w\" sizes=\"auto, (max-width: 197px) 100vw, 197px\" \/><\/a>Dans notre vie personnelle comme dans celle professionnelle la r\u00e9duction de nos d\u00e9chets est primordiale !\u00a0<\/span><\/p>\n<p><span style=\"font-weight: 400;\">&#8211; Les tissus utilis\u00e9s pour emballer nos bijoux en bois sont upcycl\u00e9s et nous proposons un principe de consigne ! Nous sommes la premi\u00e8re marque de bijoux \u00e0 proposer cette d\u00e9marche globale !\u00a0<\/span><\/p>\n<p><span style=\"font-weight: 400;\">&#8211; Les cuirs et simili cuirs sont issus de l&rsquo;upcycling.<\/span><\/p>\n<p><span style=\"font-weight: 400;\">La moindre miette de cuir est gard\u00e9e pour fabriquer le pistil de ASTERAL ou DALIA. Nous avons tr\u00e8s peu de d\u00e9chets.<\/span><\/p>\n<p><span style=\"font-weight: 400;\">&#8211; Certains d\u00e9chets seraient in\u00e9vitables mais nous pallions cela en faisant des dons dans des \u00e9coles par exemple.<\/span><\/p>\n<p><span style=\"font-weight: 400;\">&#8211; Chaque produit est fait \u00e0 la commande, donc pas de surproduction. Cependant nos invendus (apr\u00e8s plusieurs ann\u00e9es) sont offerts \u00e0 des associations de femmes dans le besoin.<\/span><\/p>\n<h3>Les coups de c\u0153ur !<\/h3>\n<p><a href=\"https:\/\/www.echoppe-francaise.fr\/boucles-oreilles-createur\/837-boucles-d-oreilles-bois-celest.html\"><span style=\"font-weight: 400;\"><img loading=\"lazy\" decoding=\"async\" class=\"wp-image-866 alignright\" src=\"https:\/\/www.echoppe-francaise.fr\/blog\/wp-content\/uploads\/2021\/05\/Boucles-doreilles-CELEST-Martho-300x300.jpg\" alt=\"\" width=\"209\" height=\"209\" srcset=\"https:\/\/www.echoppe-francaise.fr\/blog\/wp-content\/uploads\/2021\/05\/Boucles-doreilles-CELEST-Martho-300x300.jpg 300w, https:\/\/www.echoppe-francaise.fr\/blog\/wp-content\/uploads\/2021\/05\/Boucles-doreilles-CELEST-Martho-150x150.jpg 150w, https:\/\/www.echoppe-francaise.fr\/blog\/wp-content\/uploads\/2021\/05\/Boucles-doreilles-CELEST-Martho.jpg 543w\" sizes=\"auto, (max-width: 209px) 100vw, 209px\" \/><\/span><\/a><\/p>\n<p><b>Vos cr\u00e9ations, c\u2019est vous qui en parlez le mieux ! Quelle est votre cr\u00e9ation coup de c\u0153ur ? Pourquoi ?<\/b><\/p>\n<p><span style=\"font-weight: 400;\">Les boucles d&rsquo;oreilles RUBIKS et FANTAISISTE sont devenues un incontournable de la marque&#8230; j&rsquo;en ai moi m\u00eame trois paires de chaque !<\/span><\/p>\n<h3>Et avec la crise sanitaire ?<\/h3>\n<p><b>Avec la survenue de la crise sanitaire par le Covid 19, quelles adaptations avez-vous d\u00fb faire pour pouvoir poursuivre votre activit\u00e9 durant la pand\u00e9mie?<\/b><\/p>\n<p><span style=\"font-weight: 400;\">Beaucoup plus de communication sur les r\u00e9seaux qui sont notre seule vitrine actuellement. Avant cela nous fonctionnons beaucoup avec les march\u00e9s des cr\u00e9ateurs.<\/span><\/p>\n<p><b>Autres remarques ? Exprimez-vous !<\/b><\/p>\n<p><span style=\"font-weight: 400;\">J&rsquo;esp\u00e8re que L&rsquo;ECHOPPE va retrouver ses clients et clientes d&rsquo;avant \ud83d\ude42<\/span><\/p>\n","protected":false},"excerpt":{"rendered":"<p>Martho, c\u2019est l\u2019association cr\u00e9ative de Marion et Thomas Marion est Designer Produit, Thomas est Graphiste Directeur Artistique, Le duo fait na\u00eetre une jolie marque avec une identit\u00e9 forte et originale, propose des bijoux et accessoires en bois de cerisier, d\u00e9coup\u00e9s et grav\u00e9s au laser. Le studio Marion et Thomas ont cr\u00e9\u00e9 Studio Martho au c\u0153ur&hellip;&nbsp;<\/p>\n","protected":false},"author":6,"featured_media":949,"comment_status":"open","ping_status":"open","sticky":false,"template":"","format":"standard","meta":{"_crdt_document":"","neve_meta_sidebar":"","neve_meta_container":"","neve_meta_enable_content_width":"","neve_meta_content_width":0,"neve_meta_title_alignment":"","neve_meta_author_avatar":"","neve_post_elements_order":"","neve_meta_disable_header":"","neve_meta_disable_footer":"","neve_meta_disable_title":"","footnotes":""},"categories":[3],"tags":[30,33,29,95,5],"class_list":["post-846","post","type-post","status-publish","format-standard","has-post-thumbnail","hentry","category-portrait","tag-bijoux-artisanaux","tag-bijoux-createurs-en-ligne","tag-bijoux-de-createurs","tag-bijoux-en-bois-et-cuir","tag-createurs-francais"],"yoast_head":"<!-- This site is optimized with the Yoast SEO plugin v27.5 - https:\/\/yoast.com\/product\/yoast-seo-wordpress\/ -->\n<title>Rencontre avec Marion et Thomas - Studio Martho - \u00c9choppe Fran\u00e7aise, le Blog<\/title>\n<meta name=\"description\" content=\"Bijoux d&#039;artisans en bois fait main et made in France. Ils proposent les produits de ces artisans qui confectionnent des accessoires pour hommes et femmes.\" \/>\n<meta name=\"robots\" content=\"index, follow, max-snippet:-1, max-image-preview:large, max-video-preview:-1\" \/>\n<link rel=\"canonical\" href=\"https:\/\/www.echoppe-francaise.fr\/blog\/studio-martho-echoppe-francaise\/\" \/>\n<meta property=\"og:locale\" content=\"fr_FR\" \/>\n<meta property=\"og:type\" content=\"article\" \/>\n<meta property=\"og:title\" content=\"Rencontre avec Marion et Thomas - Studio Martho - \u00c9choppe Fran\u00e7aise, le Blog\" \/>\n<meta property=\"og:description\" content=\"Bijoux d&#039;artisans en bois fait main et made in France. Ils proposent les produits de ces artisans qui confectionnent des accessoires pour hommes et femmes.\" \/>\n<meta property=\"og:url\" content=\"https:\/\/www.echoppe-francaise.fr\/blog\/studio-martho-echoppe-francaise\/\" \/>\n<meta property=\"og:site_name\" content=\"\u00c9choppe Fran\u00e7aise, le Blog\" \/>\n<meta property=\"article:published_time\" content=\"2021-05-26T06:00:12+00:00\" \/>\n<meta property=\"article:modified_time\" content=\"2021-06-29T07:14:32+00:00\" \/>\n<meta property=\"og:image\" content=\"https:\/\/www.echoppe-francaise.fr\/blog\/wp-content\/uploads\/2021\/05\/boucles-d-oreilles-en-bois-bijoux-en-bois-MARTHO-H3-Galaxie-02.jpg\" \/>\n\t<meta property=\"og:image:width\" content=\"543\" \/>\n\t<meta property=\"og:image:height\" content=\"543\" \/>\n\t<meta property=\"og:image:type\" content=\"image\/jpeg\" \/>\n<meta name=\"author\" content=\"AntoineR\" \/>\n<meta name=\"twitter:card\" content=\"summary_large_image\" \/>\n<meta name=\"twitter:label1\" content=\"\u00c9crit par\" \/>\n\t<meta name=\"twitter:data1\" content=\"AntoineR\" \/>\n\t<meta name=\"twitter:label2\" content=\"Dur\u00e9e de lecture estim\u00e9e\" \/>\n\t<meta name=\"twitter:data2\" content=\"5 minutes\" \/>\n<script type=\"application\/ld+json\" class=\"yoast-schema-graph\">{\"@context\":\"https:\\\/\\\/schema.org\",\"@graph\":[{\"@type\":\"Article\",\"@id\":\"https:\\\/\\\/www.echoppe-francaise.fr\\\/blog\\\/studio-martho-echoppe-francaise\\\/#article\",\"isPartOf\":{\"@id\":\"https:\\\/\\\/www.echoppe-francaise.fr\\\/blog\\\/studio-martho-echoppe-francaise\\\/\"},\"author\":{\"name\":\"AntoineR\",\"@id\":\"https:\\\/\\\/www.echoppe-francaise.fr\\\/blog\\\/#\\\/schema\\\/person\\\/eef9eb08fd5394e6899ff8e6c5045b52\"},\"headline\":\"Rencontre avec Marion et Thomas &#8211; Studio Martho\",\"datePublished\":\"2021-05-26T06:00:12+00:00\",\"dateModified\":\"2021-06-29T07:14:32+00:00\",\"mainEntityOfPage\":{\"@id\":\"https:\\\/\\\/www.echoppe-francaise.fr\\\/blog\\\/studio-martho-echoppe-francaise\\\/\"},\"wordCount\":973,\"commentCount\":0,\"publisher\":{\"@id\":\"https:\\\/\\\/www.echoppe-francaise.fr\\\/blog\\\/#organization\"},\"image\":{\"@id\":\"https:\\\/\\\/www.echoppe-francaise.fr\\\/blog\\\/studio-martho-echoppe-francaise\\\/#primaryimage\"},\"thumbnailUrl\":\"https:\\\/\\\/www.echoppe-francaise.fr\\\/blog\\\/wp-content\\\/uploads\\\/2021\\\/05\\\/boucles-d-oreilles-en-bois-bijoux-en-bois-MARTHO-H3-Galaxie-02.jpg\",\"keywords\":[\"bijoux artisanaux\",\"bijoux cr\u00e9ateurs en ligne\",\"bijoux de cr\u00e9ateurs\",\"Bijoux en bois et cuir\",\"cr\u00e9ateurs fran\u00e7ais\"],\"articleSection\":[\"PORTRAIT\"],\"inLanguage\":\"fr-FR\",\"potentialAction\":[{\"@type\":\"CommentAction\",\"name\":\"Comment\",\"target\":[\"https:\\\/\\\/www.echoppe-francaise.fr\\\/blog\\\/studio-martho-echoppe-francaise\\\/#respond\"]}]},{\"@type\":\"WebPage\",\"@id\":\"https:\\\/\\\/www.echoppe-francaise.fr\\\/blog\\\/studio-martho-echoppe-francaise\\\/\",\"url\":\"https:\\\/\\\/www.echoppe-francaise.fr\\\/blog\\\/studio-martho-echoppe-francaise\\\/\",\"name\":\"Rencontre avec Marion et Thomas - Studio Martho - \u00c9choppe Fran\u00e7aise, le Blog\",\"isPartOf\":{\"@id\":\"https:\\\/\\\/www.echoppe-francaise.fr\\\/blog\\\/#website\"},\"primaryImageOfPage\":{\"@id\":\"https:\\\/\\\/www.echoppe-francaise.fr\\\/blog\\\/studio-martho-echoppe-francaise\\\/#primaryimage\"},\"image\":{\"@id\":\"https:\\\/\\\/www.echoppe-francaise.fr\\\/blog\\\/studio-martho-echoppe-francaise\\\/#primaryimage\"},\"thumbnailUrl\":\"https:\\\/\\\/www.echoppe-francaise.fr\\\/blog\\\/wp-content\\\/uploads\\\/2021\\\/05\\\/boucles-d-oreilles-en-bois-bijoux-en-bois-MARTHO-H3-Galaxie-02.jpg\",\"datePublished\":\"2021-05-26T06:00:12+00:00\",\"dateModified\":\"2021-06-29T07:14:32+00:00\",\"description\":\"Bijoux d'artisans en bois fait main et made in France. Ils proposent les produits de ces artisans qui confectionnent des accessoires pour hommes et femmes.\",\"breadcrumb\":{\"@id\":\"https:\\\/\\\/www.echoppe-francaise.fr\\\/blog\\\/studio-martho-echoppe-francaise\\\/#breadcrumb\"},\"inLanguage\":\"fr-FR\",\"potentialAction\":[{\"@type\":\"ReadAction\",\"target\":[\"https:\\\/\\\/www.echoppe-francaise.fr\\\/blog\\\/studio-martho-echoppe-francaise\\\/\"]}]},{\"@type\":\"ImageObject\",\"inLanguage\":\"fr-FR\",\"@id\":\"https:\\\/\\\/www.echoppe-francaise.fr\\\/blog\\\/studio-martho-echoppe-francaise\\\/#primaryimage\",\"url\":\"https:\\\/\\\/www.echoppe-francaise.fr\\\/blog\\\/wp-content\\\/uploads\\\/2021\\\/05\\\/boucles-d-oreilles-en-bois-bijoux-en-bois-MARTHO-H3-Galaxie-02.jpg\",\"contentUrl\":\"https:\\\/\\\/www.echoppe-francaise.fr\\\/blog\\\/wp-content\\\/uploads\\\/2021\\\/05\\\/boucles-d-oreilles-en-bois-bijoux-en-bois-MARTHO-H3-Galaxie-02.jpg\",\"width\":543,\"height\":543},{\"@type\":\"BreadcrumbList\",\"@id\":\"https:\\\/\\\/www.echoppe-francaise.fr\\\/blog\\\/studio-martho-echoppe-francaise\\\/#breadcrumb\",\"itemListElement\":[{\"@type\":\"ListItem\",\"position\":1,\"name\":\"Accueil\",\"item\":\"https:\\\/\\\/www.echoppe-francaise.fr\\\/blog\\\/\"},{\"@type\":\"ListItem\",\"position\":2,\"name\":\"Rencontre avec Marion et Thomas &#8211; Studio Martho\"}]},{\"@type\":\"WebSite\",\"@id\":\"https:\\\/\\\/www.echoppe-francaise.fr\\\/blog\\\/#website\",\"url\":\"https:\\\/\\\/www.echoppe-francaise.fr\\\/blog\\\/\",\"name\":\"\u00c9choppe Fran\u00e7aise, le Blog\",\"description\":\"Le blog des Cr\u00e9atrices et Cr\u00e9ateurs fran\u00e7ais\",\"publisher\":{\"@id\":\"https:\\\/\\\/www.echoppe-francaise.fr\\\/blog\\\/#organization\"},\"potentialAction\":[{\"@type\":\"SearchAction\",\"target\":{\"@type\":\"EntryPoint\",\"urlTemplate\":\"https:\\\/\\\/www.echoppe-francaise.fr\\\/blog\\\/?s={search_term_string}\"},\"query-input\":{\"@type\":\"PropertyValueSpecification\",\"valueRequired\":true,\"valueName\":\"search_term_string\"}}],\"inLanguage\":\"fr-FR\"},{\"@type\":\"Organization\",\"@id\":\"https:\\\/\\\/www.echoppe-francaise.fr\\\/blog\\\/#organization\",\"name\":\"L'\u00e9choppe Fran\u00e7aise\",\"url\":\"https:\\\/\\\/www.echoppe-francaise.fr\\\/blog\\\/\",\"logo\":{\"@type\":\"ImageObject\",\"inLanguage\":\"fr-FR\",\"@id\":\"https:\\\/\\\/www.echoppe-francaise.fr\\\/blog\\\/#\\\/schema\\\/logo\\\/image\\\/\",\"url\":\"https:\\\/\\\/www.echoppe-francaise.fr\\\/blog\\\/wp-content\\\/uploads\\\/2017\\\/04\\\/echoppe-francaise-logo-1489412704.png\",\"contentUrl\":\"https:\\\/\\\/www.echoppe-francaise.fr\\\/blog\\\/wp-content\\\/uploads\\\/2017\\\/04\\\/echoppe-francaise-logo-1489412704.png\",\"width\":492,\"height\":270,\"caption\":\"L'\u00e9choppe Fran\u00e7aise\"},\"image\":{\"@id\":\"https:\\\/\\\/www.echoppe-francaise.fr\\\/blog\\\/#\\\/schema\\\/logo\\\/image\\\/\"}},{\"@type\":\"Person\",\"@id\":\"https:\\\/\\\/www.echoppe-francaise.fr\\\/blog\\\/#\\\/schema\\\/person\\\/eef9eb08fd5394e6899ff8e6c5045b52\",\"name\":\"AntoineR\",\"image\":{\"@type\":\"ImageObject\",\"inLanguage\":\"fr-FR\",\"@id\":\"https:\\\/\\\/secure.gravatar.com\\\/avatar\\\/11538476e65f843df3f3d146f6b3798ffda7e7510e46d9566b2379eca1b1cf4d?s=96&d=mm&r=g\",\"url\":\"https:\\\/\\\/secure.gravatar.com\\\/avatar\\\/11538476e65f843df3f3d146f6b3798ffda7e7510e46d9566b2379eca1b1cf4d?s=96&d=mm&r=g\",\"contentUrl\":\"https:\\\/\\\/secure.gravatar.com\\\/avatar\\\/11538476e65f843df3f3d146f6b3798ffda7e7510e46d9566b2379eca1b1cf4d?s=96&d=mm&r=g\",\"caption\":\"AntoineR\"},\"url\":\"https:\\\/\\\/www.echoppe-francaise.fr\\\/blog\\\/author\\\/antoiner\\\/\"}]}<\/script>\n<!-- \/ Yoast SEO plugin. -->","yoast_head_json":{"title":"Rencontre avec Marion et Thomas - Studio Martho - \u00c9choppe Fran\u00e7aise, le Blog","description":"Bijoux d'artisans en bois fait main et made in France. Ils proposent les produits de ces artisans qui confectionnent des accessoires pour hommes et femmes.","robots":{"index":"index","follow":"follow","max-snippet":"max-snippet:-1","max-image-preview":"max-image-preview:large","max-video-preview":"max-video-preview:-1"},"canonical":"https:\/\/www.echoppe-francaise.fr\/blog\/studio-martho-echoppe-francaise\/","og_locale":"fr_FR","og_type":"article","og_title":"Rencontre avec Marion et Thomas - Studio Martho - \u00c9choppe Fran\u00e7aise, le Blog","og_description":"Bijoux d'artisans en bois fait main et made in France. Ils proposent les produits de ces artisans qui confectionnent des accessoires pour hommes et femmes.","og_url":"https:\/\/www.echoppe-francaise.fr\/blog\/studio-martho-echoppe-francaise\/","og_site_name":"\u00c9choppe Fran\u00e7aise, le Blog","article_published_time":"2021-05-26T06:00:12+00:00","article_modified_time":"2021-06-29T07:14:32+00:00","og_image":[{"width":543,"height":543,"url":"https:\/\/www.echoppe-francaise.fr\/blog\/wp-content\/uploads\/2021\/05\/boucles-d-oreilles-en-bois-bijoux-en-bois-MARTHO-H3-Galaxie-02.jpg","type":"image\/jpeg"}],"author":"AntoineR","twitter_card":"summary_large_image","twitter_misc":{"\u00c9crit par":"AntoineR","Dur\u00e9e de lecture estim\u00e9e":"5 minutes"},"schema":{"@context":"https:\/\/schema.org","@graph":[{"@type":"Article","@id":"https:\/\/www.echoppe-francaise.fr\/blog\/studio-martho-echoppe-francaise\/#article","isPartOf":{"@id":"https:\/\/www.echoppe-francaise.fr\/blog\/studio-martho-echoppe-francaise\/"},"author":{"name":"AntoineR","@id":"https:\/\/www.echoppe-francaise.fr\/blog\/#\/schema\/person\/eef9eb08fd5394e6899ff8e6c5045b52"},"headline":"Rencontre avec Marion et Thomas &#8211; Studio Martho","datePublished":"2021-05-26T06:00:12+00:00","dateModified":"2021-06-29T07:14:32+00:00","mainEntityOfPage":{"@id":"https:\/\/www.echoppe-francaise.fr\/blog\/studio-martho-echoppe-francaise\/"},"wordCount":973,"commentCount":0,"publisher":{"@id":"https:\/\/www.echoppe-francaise.fr\/blog\/#organization"},"image":{"@id":"https:\/\/www.echoppe-francaise.fr\/blog\/studio-martho-echoppe-francaise\/#primaryimage"},"thumbnailUrl":"https:\/\/www.echoppe-francaise.fr\/blog\/wp-content\/uploads\/2021\/05\/boucles-d-oreilles-en-bois-bijoux-en-bois-MARTHO-H3-Galaxie-02.jpg","keywords":["bijoux artisanaux","bijoux cr\u00e9ateurs en ligne","bijoux de cr\u00e9ateurs","Bijoux en bois et cuir","cr\u00e9ateurs fran\u00e7ais"],"articleSection":["PORTRAIT"],"inLanguage":"fr-FR","potentialAction":[{"@type":"CommentAction","name":"Comment","target":["https:\/\/www.echoppe-francaise.fr\/blog\/studio-martho-echoppe-francaise\/#respond"]}]},{"@type":"WebPage","@id":"https:\/\/www.echoppe-francaise.fr\/blog\/studio-martho-echoppe-francaise\/","url":"https:\/\/www.echoppe-francaise.fr\/blog\/studio-martho-echoppe-francaise\/","name":"Rencontre avec Marion et Thomas - Studio Martho - \u00c9choppe Fran\u00e7aise, le Blog","isPartOf":{"@id":"https:\/\/www.echoppe-francaise.fr\/blog\/#website"},"primaryImageOfPage":{"@id":"https:\/\/www.echoppe-francaise.fr\/blog\/studio-martho-echoppe-francaise\/#primaryimage"},"image":{"@id":"https:\/\/www.echoppe-francaise.fr\/blog\/studio-martho-echoppe-francaise\/#primaryimage"},"thumbnailUrl":"https:\/\/www.echoppe-francaise.fr\/blog\/wp-content\/uploads\/2021\/05\/boucles-d-oreilles-en-bois-bijoux-en-bois-MARTHO-H3-Galaxie-02.jpg","datePublished":"2021-05-26T06:00:12+00:00","dateModified":"2021-06-29T07:14:32+00:00","description":"Bijoux d'artisans en bois fait main et made in France. Ils proposent les produits de ces artisans qui confectionnent des accessoires pour hommes et femmes.","breadcrumb":{"@id":"https:\/\/www.echoppe-francaise.fr\/blog\/studio-martho-echoppe-francaise\/#breadcrumb"},"inLanguage":"fr-FR","potentialAction":[{"@type":"ReadAction","target":["https:\/\/www.echoppe-francaise.fr\/blog\/studio-martho-echoppe-francaise\/"]}]},{"@type":"ImageObject","inLanguage":"fr-FR","@id":"https:\/\/www.echoppe-francaise.fr\/blog\/studio-martho-echoppe-francaise\/#primaryimage","url":"https:\/\/www.echoppe-francaise.fr\/blog\/wp-content\/uploads\/2021\/05\/boucles-d-oreilles-en-bois-bijoux-en-bois-MARTHO-H3-Galaxie-02.jpg","contentUrl":"https:\/\/www.echoppe-francaise.fr\/blog\/wp-content\/uploads\/2021\/05\/boucles-d-oreilles-en-bois-bijoux-en-bois-MARTHO-H3-Galaxie-02.jpg","width":543,"height":543},{"@type":"BreadcrumbList","@id":"https:\/\/www.echoppe-francaise.fr\/blog\/studio-martho-echoppe-francaise\/#breadcrumb","itemListElement":[{"@type":"ListItem","position":1,"name":"Accueil","item":"https:\/\/www.echoppe-francaise.fr\/blog\/"},{"@type":"ListItem","position":2,"name":"Rencontre avec Marion et Thomas &#8211; Studio Martho"}]},{"@type":"WebSite","@id":"https:\/\/www.echoppe-francaise.fr\/blog\/#website","url":"https:\/\/www.echoppe-francaise.fr\/blog\/","name":"\u00c9choppe Fran\u00e7aise, le Blog","description":"Le blog des Cr\u00e9atrices et Cr\u00e9ateurs fran\u00e7ais","publisher":{"@id":"https:\/\/www.echoppe-francaise.fr\/blog\/#organization"},"potentialAction":[{"@type":"SearchAction","target":{"@type":"EntryPoint","urlTemplate":"https:\/\/www.echoppe-francaise.fr\/blog\/?s={search_term_string}"},"query-input":{"@type":"PropertyValueSpecification","valueRequired":true,"valueName":"search_term_string"}}],"inLanguage":"fr-FR"},{"@type":"Organization","@id":"https:\/\/www.echoppe-francaise.fr\/blog\/#organization","name":"L'\u00e9choppe Fran\u00e7aise","url":"https:\/\/www.echoppe-francaise.fr\/blog\/","logo":{"@type":"ImageObject","inLanguage":"fr-FR","@id":"https:\/\/www.echoppe-francaise.fr\/blog\/#\/schema\/logo\/image\/","url":"https:\/\/www.echoppe-francaise.fr\/blog\/wp-content\/uploads\/2017\/04\/echoppe-francaise-logo-1489412704.png","contentUrl":"https:\/\/www.echoppe-francaise.fr\/blog\/wp-content\/uploads\/2017\/04\/echoppe-francaise-logo-1489412704.png","width":492,"height":270,"caption":"L'\u00e9choppe Fran\u00e7aise"},"image":{"@id":"https:\/\/www.echoppe-francaise.fr\/blog\/#\/schema\/logo\/image\/"}},{"@type":"Person","@id":"https:\/\/www.echoppe-francaise.fr\/blog\/#\/schema\/person\/eef9eb08fd5394e6899ff8e6c5045b52","name":"AntoineR","image":{"@type":"ImageObject","inLanguage":"fr-FR","@id":"https:\/\/secure.gravatar.com\/avatar\/11538476e65f843df3f3d146f6b3798ffda7e7510e46d9566b2379eca1b1cf4d?s=96&d=mm&r=g","url":"https:\/\/secure.gravatar.com\/avatar\/11538476e65f843df3f3d146f6b3798ffda7e7510e46d9566b2379eca1b1cf4d?s=96&d=mm&r=g","contentUrl":"https:\/\/secure.gravatar.com\/avatar\/11538476e65f843df3f3d146f6b3798ffda7e7510e46d9566b2379eca1b1cf4d?s=96&d=mm&r=g","caption":"AntoineR"},"url":"https:\/\/www.echoppe-francaise.fr\/blog\/author\/antoiner\/"}]}},"_links":{"self":[{"href":"https:\/\/www.echoppe-francaise.fr\/blog\/wp-json\/wp\/v2\/posts\/846","targetHints":{"allow":["GET"]}}],"collection":[{"href":"https:\/\/www.echoppe-francaise.fr\/blog\/wp-json\/wp\/v2\/posts"}],"about":[{"href":"https:\/\/www.echoppe-francaise.fr\/blog\/wp-json\/wp\/v2\/types\/post"}],"author":[{"embeddable":true,"href":"https:\/\/www.echoppe-francaise.fr\/blog\/wp-json\/wp\/v2\/users\/6"}],"replies":[{"embeddable":true,"href":"https:\/\/www.echoppe-francaise.fr\/blog\/wp-json\/wp\/v2\/comments?post=846"}],"version-history":[{"count":18,"href":"https:\/\/www.echoppe-francaise.fr\/blog\/wp-json\/wp\/v2\/posts\/846\/revisions"}],"predecessor-version":[{"id":918,"href":"https:\/\/www.echoppe-francaise.fr\/blog\/wp-json\/wp\/v2\/posts\/846\/revisions\/918"}],"wp:featuredmedia":[{"embeddable":true,"href":"https:\/\/www.echoppe-francaise.fr\/blog\/wp-json\/wp\/v2\/media\/949"}],"wp:attachment":[{"href":"https:\/\/www.echoppe-francaise.fr\/blog\/wp-json\/wp\/v2\/media?parent=846"}],"wp:term":[{"taxonomy":"category","embeddable":true,"href":"https:\/\/www.echoppe-francaise.fr\/blog\/wp-json\/wp\/v2\/categories?post=846"},{"taxonomy":"post_tag","embeddable":true,"href":"https:\/\/www.echoppe-francaise.fr\/blog\/wp-json\/wp\/v2\/tags?post=846"}],"curies":[{"name":"wp","href":"https:\/\/api.w.org\/{rel}","templated":true}]}}