{"id":834,"date":"2021-05-19T08:00:59","date_gmt":"2021-05-19T06:00:59","guid":{"rendered":"https:\/\/www.echoppe-francaise.fr\/blog\/?p=834"},"modified":"2021-06-29T11:01:55","modified_gmt":"2021-06-29T09:01:55","slug":"pochettes-tendances-made-in-france","status":"publish","type":"post","link":"https:\/\/www.echoppe-francaise.fr\/blog\/pochettes-tendances-made-in-france\/","title":{"rendered":"Pochettes tendances made in France &#8211; Anj\u00e9sy Design"},"content":{"rendered":"<p style=\"text-align: center;\"><b>Rencontre avec <\/b><b>Sylvie, cr\u00e9atrice de la marque Anj\u00e9sy Design<\/b><\/p>\n<p><span style=\"font-weight: 400;\">Apr\u00e8s des ann\u00e9es au service de maisons de haute couture en tant que styliste mode ind\u00e9pendante, Sylvie a d\u00e9cid\u00e9 de cr\u00e9er son propre univers, au travers de sa marque <\/span><b>Anj\u00e9sy Design<\/b><span style=\"font-weight: 400;\">. Elle a ains<a href=\"https:\/\/www.echoppe-francaise.fr\/37_anjesy-design\"><img loading=\"lazy\" decoding=\"async\" class=\"alignnone wp-image-835 alignright\" src=\"https:\/\/www.echoppe-francaise.fr\/blog\/wp-content\/uploads\/2021\/05\/creatrice-anjesy-design-accessoires-femme-made-in-france-300x300.png\" alt=\"\" width=\"151\" height=\"151\" srcset=\"https:\/\/www.echoppe-francaise.fr\/blog\/wp-content\/uploads\/2021\/05\/creatrice-anjesy-design-accessoires-femme-made-in-france-300x300.png 300w, https:\/\/www.echoppe-francaise.fr\/blog\/wp-content\/uploads\/2021\/05\/creatrice-anjesy-design-accessoires-femme-made-in-france-150x150.png 150w, https:\/\/www.echoppe-francaise.fr\/blog\/wp-content\/uploads\/2021\/05\/creatrice-anjesy-design-accessoires-femme-made-in-france.png 340w\" sizes=\"auto, (max-width: 151px) 100vw, 151px\" \/><\/a>i \u00e9labor\u00e9 une ligne de <\/span><b>pochettes et accessoires<\/b><span style=\"font-weight: 400;\">, enti\u00e8rement imagin\u00e9s et r\u00e9alis\u00e9s dans son atelier parisien.<\/span><\/p>\n<p><span style=\"font-weight: 400;\">Tout commence par un dessin, une esquisse, avant de se transformer en\u00a0s\u00e9rigraphie appliqu\u00e9e sur des <\/span><b>mati\u00e8res de haute qualit\u00e9<\/b><span style=\"font-weight: 400;\">, comme <\/span><b>des lins et des cotons tiss\u00e9s<\/b><span style=\"font-weight: 400;\">. Sensible au respect de l\u2019environnement, Sylvie n\u2019utilise pour ses s\u00e9rigraphies que des encres \u00e0 <a href=\"https:\/\/www.echoppe-francaise.fr\/trousse\/669-pochette-femme-tissu-imprime-scandinave.html\"><img loading=\"lazy\" decoding=\"async\" class=\" wp-image-838 alignleft\" src=\"https:\/\/www.echoppe-francaise.fr\/blog\/wp-content\/uploads\/2021\/05\/pochette-femme-tissu-imprime-scandinave-300x300.png\" alt=\"\" width=\"162\" height=\"162\" srcset=\"https:\/\/www.echoppe-francaise.fr\/blog\/wp-content\/uploads\/2021\/05\/pochette-femme-tissu-imprime-scandinave-300x300.png 300w, https:\/\/www.echoppe-francaise.fr\/blog\/wp-content\/uploads\/2021\/05\/pochette-femme-tissu-imprime-scandinave-150x150.png 150w, https:\/\/www.echoppe-francaise.fr\/blog\/wp-content\/uploads\/2021\/05\/pochette-femme-tissu-imprime-scandinave.png 543w\" sizes=\"auto, (max-width: 162px) 100vw, 162px\" \/><\/a>l\u2019eau, qui s\u2019inscrivent dans une <\/span><b>d\u00e9marche \u00e9co-responsable<\/b><span style=\"font-weight: 400;\">.<\/span><\/p>\n<p><b>L\u2019art, le design et la mode<\/b><span style=\"font-weight: 400;\"> sont les sources d\u2019inspirations quotidiennes de notre cr\u00e9atrice, qui s\u2019applique \u00e0 inventer des pochettes aux motifs graphiques, chics et tendances.<\/span><\/p>\n<p>&nbsp;<\/p>\n<p><a href=\"https:\/\/www.echoppe-francaise.fr\/trousse\/674-pochette-coton-imprime-serigraphie-motif-tropical.html\"><img loading=\"lazy\" decoding=\"async\" class=\"alignnone wp-image-837\" src=\"https:\/\/www.echoppe-francaise.fr\/blog\/wp-content\/uploads\/2021\/05\/pochette-coton-imprime-serigraphie-motif-tropical-300x300.png\" alt=\"\" width=\"224\" height=\"224\" srcset=\"https:\/\/www.echoppe-francaise.fr\/blog\/wp-content\/uploads\/2021\/05\/pochette-coton-imprime-serigraphie-motif-tropical-300x300.png 300w, https:\/\/www.echoppe-francaise.fr\/blog\/wp-content\/uploads\/2021\/05\/pochette-coton-imprime-serigraphie-motif-tropical-150x150.png 150w, https:\/\/www.echoppe-francaise.fr\/blog\/wp-content\/uploads\/2021\/05\/pochette-coton-imprime-serigraphie-motif-tropical.png 543w\" sizes=\"auto, (max-width: 224px) 100vw, 224px\" \/><\/a> <a href=\"https:\/\/www.echoppe-francaise.fr\/trousse\/781-pochette-coton-femme-imprime-feuilles-tropical-palmier.html\"><img loading=\"lazy\" decoding=\"async\" class=\"alignnone wp-image-836\" src=\"https:\/\/www.echoppe-francaise.fr\/blog\/wp-content\/uploads\/2021\/05\/pochette-coton-femme-imprime-feuilles-tropical-palmier-300x300.jpg\" alt=\"\" width=\"253\" height=\"253\" srcset=\"https:\/\/www.echoppe-francaise.fr\/blog\/wp-content\/uploads\/2021\/05\/pochette-coton-femme-imprime-feuilles-tropical-palmier-300x300.jpg 300w, https:\/\/www.echoppe-francaise.fr\/blog\/wp-content\/uploads\/2021\/05\/pochette-coton-femme-imprime-feuilles-tropical-palmier-150x150.jpg 150w, https:\/\/www.echoppe-francaise.fr\/blog\/wp-content\/uploads\/2021\/05\/pochette-coton-femme-imprime-feuilles-tropical-palmier.jpg 543w\" sizes=\"auto, (max-width: 253px) 100vw, 253px\" \/><\/a> <a href=\"https:\/\/www.echoppe-francaise.fr\/trousse\/676-trousse-maquillage-lin-originale-tropical.html\"><img loading=\"lazy\" decoding=\"async\" class=\"alignnone wp-image-839\" src=\"https:\/\/www.echoppe-francaise.fr\/blog\/wp-content\/uploads\/2021\/05\/trousse-maquillage-lin-originale-tropical-300x300.jpg\" alt=\"\" width=\"254\" height=\"254\" srcset=\"https:\/\/www.echoppe-francaise.fr\/blog\/wp-content\/uploads\/2021\/05\/trousse-maquillage-lin-originale-tropical-300x300.jpg 300w, https:\/\/www.echoppe-francaise.fr\/blog\/wp-content\/uploads\/2021\/05\/trousse-maquillage-lin-originale-tropical-150x150.jpg 150w, https:\/\/www.echoppe-francaise.fr\/blog\/wp-content\/uploads\/2021\/05\/trousse-maquillage-lin-originale-tropical.jpg 543w\" sizes=\"auto, (max-width: 254px) 100vw, 254px\" \/><\/a><\/p>\n","protected":false},"excerpt":{"rendered":"<p>Rencontre avec Sylvie, cr\u00e9atrice de la marque Anj\u00e9sy Design Apr\u00e8s des ann\u00e9es au service de maisons de haute couture en tant que styliste mode ind\u00e9pendante, Sylvie a d\u00e9cid\u00e9 de cr\u00e9er son propre univers, au travers de sa marque Anj\u00e9sy Design. Elle a ainsi \u00e9labor\u00e9 une ligne de pochettes et accessoires, enti\u00e8rement imagin\u00e9s et r\u00e9alis\u00e9s dans&hellip;&nbsp;<\/p>\n","protected":false},"author":6,"featured_media":836,"comment_status":"open","ping_status":"open","sticky":false,"template":"","format":"standard","meta":{"_crdt_document":"","neve_meta_sidebar":"","neve_meta_container":"","neve_meta_enable_content_width":"","neve_meta_content_width":0,"neve_meta_title_alignment":"","neve_meta_author_avatar":"","neve_post_elements_order":"","neve_meta_disable_header":"","neve_meta_disable_footer":"","neve_meta_disable_title":"","footnotes":""},"categories":[3],"tags":[10,5,4,101],"class_list":["post-834","post","type-post","status-publish","format-standard","has-post-thumbnail","hentry","category-portrait","tag-artisanat-francais","tag-createurs-francais","tag-made-in-france","tag-pochette-made-in-france"],"yoast_head":"<!-- This site is optimized with the Yoast SEO plugin v27.5 - https:\/\/yoast.com\/product\/yoast-seo-wordpress\/ -->\n<title>Pochettes tendances made in France - Anj\u00e9sy Design - \u00c9choppe Fran\u00e7aise, le Blog<\/title>\n<meta name=\"description\" content=\"Envie d&#039;une pochette pour y ranger vos petites affaires ? l&#039;Echoppe Fran\u00e7aise vous pr\u00e9sente Sylvie, cr\u00e9atrice d&#039;Anj\u00e9sy Design !\" \/>\n<meta name=\"robots\" content=\"index, follow, max-snippet:-1, max-image-preview:large, max-video-preview:-1\" \/>\n<link rel=\"canonical\" href=\"https:\/\/www.echoppe-francaise.fr\/blog\/pochettes-tendances-made-in-france\/\" \/>\n<meta property=\"og:locale\" content=\"fr_FR\" \/>\n<meta property=\"og:type\" content=\"article\" \/>\n<meta property=\"og:title\" content=\"Pochettes tendances made in France - Anj\u00e9sy Design - \u00c9choppe Fran\u00e7aise, le Blog\" \/>\n<meta property=\"og:description\" content=\"Envie d&#039;une pochette pour y ranger vos petites affaires ? l&#039;Echoppe Fran\u00e7aise vous pr\u00e9sente Sylvie, cr\u00e9atrice d&#039;Anj\u00e9sy Design !\" \/>\n<meta property=\"og:url\" content=\"https:\/\/www.echoppe-francaise.fr\/blog\/pochettes-tendances-made-in-france\/\" \/>\n<meta property=\"og:site_name\" content=\"\u00c9choppe Fran\u00e7aise, le Blog\" \/>\n<meta property=\"article:published_time\" content=\"2021-05-19T06:00:59+00:00\" \/>\n<meta property=\"article:modified_time\" content=\"2021-06-29T09:01:55+00:00\" \/>\n<meta property=\"og:image\" content=\"https:\/\/www.echoppe-francaise.fr\/blog\/wp-content\/uploads\/2021\/05\/pochette-coton-femme-imprime-feuilles-tropical-palmier.jpg\" \/>\n\t<meta property=\"og:image:width\" content=\"543\" \/>\n\t<meta property=\"og:image:height\" content=\"543\" \/>\n\t<meta property=\"og:image:type\" content=\"image\/jpeg\" \/>\n<meta name=\"author\" content=\"AntoineR\" \/>\n<meta name=\"twitter:card\" content=\"summary_large_image\" \/>\n<meta name=\"twitter:label1\" content=\"\u00c9crit par\" \/>\n\t<meta name=\"twitter:data1\" content=\"AntoineR\" \/>\n\t<meta name=\"twitter:label2\" content=\"Dur\u00e9e de lecture estim\u00e9e\" \/>\n\t<meta name=\"twitter:data2\" content=\"1 minute\" \/>\n<script type=\"application\/ld+json\" class=\"yoast-schema-graph\">{\"@context\":\"https:\\\/\\\/schema.org\",\"@graph\":[{\"@type\":\"Article\",\"@id\":\"https:\\\/\\\/www.echoppe-francaise.fr\\\/blog\\\/pochettes-tendances-made-in-france\\\/#article\",\"isPartOf\":{\"@id\":\"https:\\\/\\\/www.echoppe-francaise.fr\\\/blog\\\/pochettes-tendances-made-in-france\\\/\"},\"author\":{\"name\":\"AntoineR\",\"@id\":\"https:\\\/\\\/www.echoppe-francaise.fr\\\/blog\\\/#\\\/schema\\\/person\\\/eef9eb08fd5394e6899ff8e6c5045b52\"},\"headline\":\"Pochettes tendances made in France &#8211; Anj\u00e9sy Design\",\"datePublished\":\"2021-05-19T06:00:59+00:00\",\"dateModified\":\"2021-06-29T09:01:55+00:00\",\"mainEntityOfPage\":{\"@id\":\"https:\\\/\\\/www.echoppe-francaise.fr\\\/blog\\\/pochettes-tendances-made-in-france\\\/\"},\"wordCount\":167,\"commentCount\":0,\"publisher\":{\"@id\":\"https:\\\/\\\/www.echoppe-francaise.fr\\\/blog\\\/#organization\"},\"image\":{\"@id\":\"https:\\\/\\\/www.echoppe-francaise.fr\\\/blog\\\/pochettes-tendances-made-in-france\\\/#primaryimage\"},\"thumbnailUrl\":\"https:\\\/\\\/www.echoppe-francaise.fr\\\/blog\\\/wp-content\\\/uploads\\\/2021\\\/05\\\/pochette-coton-femme-imprime-feuilles-tropical-palmier.jpg\",\"keywords\":[\"artisanat fran\u00e7ais\",\"cr\u00e9ateurs fran\u00e7ais\",\"made in france\",\"Pochette made in France\"],\"articleSection\":[\"PORTRAIT\"],\"inLanguage\":\"fr-FR\",\"potentialAction\":[{\"@type\":\"CommentAction\",\"name\":\"Comment\",\"target\":[\"https:\\\/\\\/www.echoppe-francaise.fr\\\/blog\\\/pochettes-tendances-made-in-france\\\/#respond\"]}]},{\"@type\":\"WebPage\",\"@id\":\"https:\\\/\\\/www.echoppe-francaise.fr\\\/blog\\\/pochettes-tendances-made-in-france\\\/\",\"url\":\"https:\\\/\\\/www.echoppe-francaise.fr\\\/blog\\\/pochettes-tendances-made-in-france\\\/\",\"name\":\"Pochettes tendances made in France - Anj\u00e9sy Design - \u00c9choppe Fran\u00e7aise, le Blog\",\"isPartOf\":{\"@id\":\"https:\\\/\\\/www.echoppe-francaise.fr\\\/blog\\\/#website\"},\"primaryImageOfPage\":{\"@id\":\"https:\\\/\\\/www.echoppe-francaise.fr\\\/blog\\\/pochettes-tendances-made-in-france\\\/#primaryimage\"},\"image\":{\"@id\":\"https:\\\/\\\/www.echoppe-francaise.fr\\\/blog\\\/pochettes-tendances-made-in-france\\\/#primaryimage\"},\"thumbnailUrl\":\"https:\\\/\\\/www.echoppe-francaise.fr\\\/blog\\\/wp-content\\\/uploads\\\/2021\\\/05\\\/pochette-coton-femme-imprime-feuilles-tropical-palmier.jpg\",\"datePublished\":\"2021-05-19T06:00:59+00:00\",\"dateModified\":\"2021-06-29T09:01:55+00:00\",\"description\":\"Envie d'une pochette pour y ranger vos petites affaires ? l'Echoppe Fran\u00e7aise vous pr\u00e9sente Sylvie, cr\u00e9atrice d'Anj\u00e9sy Design !\",\"breadcrumb\":{\"@id\":\"https:\\\/\\\/www.echoppe-francaise.fr\\\/blog\\\/pochettes-tendances-made-in-france\\\/#breadcrumb\"},\"inLanguage\":\"fr-FR\",\"potentialAction\":[{\"@type\":\"ReadAction\",\"target\":[\"https:\\\/\\\/www.echoppe-francaise.fr\\\/blog\\\/pochettes-tendances-made-in-france\\\/\"]}]},{\"@type\":\"ImageObject\",\"inLanguage\":\"fr-FR\",\"@id\":\"https:\\\/\\\/www.echoppe-francaise.fr\\\/blog\\\/pochettes-tendances-made-in-france\\\/#primaryimage\",\"url\":\"https:\\\/\\\/www.echoppe-francaise.fr\\\/blog\\\/wp-content\\\/uploads\\\/2021\\\/05\\\/pochette-coton-femme-imprime-feuilles-tropical-palmier.jpg\",\"contentUrl\":\"https:\\\/\\\/www.echoppe-francaise.fr\\\/blog\\\/wp-content\\\/uploads\\\/2021\\\/05\\\/pochette-coton-femme-imprime-feuilles-tropical-palmier.jpg\",\"width\":543,\"height\":543},{\"@type\":\"BreadcrumbList\",\"@id\":\"https:\\\/\\\/www.echoppe-francaise.fr\\\/blog\\\/pochettes-tendances-made-in-france\\\/#breadcrumb\",\"itemListElement\":[{\"@type\":\"ListItem\",\"position\":1,\"name\":\"Accueil\",\"item\":\"https:\\\/\\\/www.echoppe-francaise.fr\\\/blog\\\/\"},{\"@type\":\"ListItem\",\"position\":2,\"name\":\"Pochettes tendances made in France &#8211; Anj\u00e9sy Design\"}]},{\"@type\":\"WebSite\",\"@id\":\"https:\\\/\\\/www.echoppe-francaise.fr\\\/blog\\\/#website\",\"url\":\"https:\\\/\\\/www.echoppe-francaise.fr\\\/blog\\\/\",\"name\":\"\u00c9choppe Fran\u00e7aise, le Blog\",\"description\":\"Le blog des Cr\u00e9atrices et Cr\u00e9ateurs fran\u00e7ais\",\"publisher\":{\"@id\":\"https:\\\/\\\/www.echoppe-francaise.fr\\\/blog\\\/#organization\"},\"potentialAction\":[{\"@type\":\"SearchAction\",\"target\":{\"@type\":\"EntryPoint\",\"urlTemplate\":\"https:\\\/\\\/www.echoppe-francaise.fr\\\/blog\\\/?s={search_term_string}\"},\"query-input\":{\"@type\":\"PropertyValueSpecification\",\"valueRequired\":true,\"valueName\":\"search_term_string\"}}],\"inLanguage\":\"fr-FR\"},{\"@type\":\"Organization\",\"@id\":\"https:\\\/\\\/www.echoppe-francaise.fr\\\/blog\\\/#organization\",\"name\":\"L'\u00e9choppe Fran\u00e7aise\",\"url\":\"https:\\\/\\\/www.echoppe-francaise.fr\\\/blog\\\/\",\"logo\":{\"@type\":\"ImageObject\",\"inLanguage\":\"fr-FR\",\"@id\":\"https:\\\/\\\/www.echoppe-francaise.fr\\\/blog\\\/#\\\/schema\\\/logo\\\/image\\\/\",\"url\":\"https:\\\/\\\/www.echoppe-francaise.fr\\\/blog\\\/wp-content\\\/uploads\\\/2017\\\/04\\\/echoppe-francaise-logo-1489412704.png\",\"contentUrl\":\"https:\\\/\\\/www.echoppe-francaise.fr\\\/blog\\\/wp-content\\\/uploads\\\/2017\\\/04\\\/echoppe-francaise-logo-1489412704.png\",\"width\":492,\"height\":270,\"caption\":\"L'\u00e9choppe Fran\u00e7aise\"},\"image\":{\"@id\":\"https:\\\/\\\/www.echoppe-francaise.fr\\\/blog\\\/#\\\/schema\\\/logo\\\/image\\\/\"}},{\"@type\":\"Person\",\"@id\":\"https:\\\/\\\/www.echoppe-francaise.fr\\\/blog\\\/#\\\/schema\\\/person\\\/eef9eb08fd5394e6899ff8e6c5045b52\",\"name\":\"AntoineR\",\"image\":{\"@type\":\"ImageObject\",\"inLanguage\":\"fr-FR\",\"@id\":\"https:\\\/\\\/secure.gravatar.com\\\/avatar\\\/11538476e65f843df3f3d146f6b3798ffda7e7510e46d9566b2379eca1b1cf4d?s=96&d=mm&r=g\",\"url\":\"https:\\\/\\\/secure.gravatar.com\\\/avatar\\\/11538476e65f843df3f3d146f6b3798ffda7e7510e46d9566b2379eca1b1cf4d?s=96&d=mm&r=g\",\"contentUrl\":\"https:\\\/\\\/secure.gravatar.com\\\/avatar\\\/11538476e65f843df3f3d146f6b3798ffda7e7510e46d9566b2379eca1b1cf4d?s=96&d=mm&r=g\",\"caption\":\"AntoineR\"},\"url\":\"https:\\\/\\\/www.echoppe-francaise.fr\\\/blog\\\/author\\\/antoiner\\\/\"}]}<\/script>\n<!-- \/ Yoast SEO plugin. -->","yoast_head_json":{"title":"Pochettes tendances made in France - Anj\u00e9sy Design - \u00c9choppe Fran\u00e7aise, le Blog","description":"Envie d'une pochette pour y ranger vos petites affaires ? l'Echoppe Fran\u00e7aise vous pr\u00e9sente Sylvie, cr\u00e9atrice d'Anj\u00e9sy Design !","robots":{"index":"index","follow":"follow","max-snippet":"max-snippet:-1","max-image-preview":"max-image-preview:large","max-video-preview":"max-video-preview:-1"},"canonical":"https:\/\/www.echoppe-francaise.fr\/blog\/pochettes-tendances-made-in-france\/","og_locale":"fr_FR","og_type":"article","og_title":"Pochettes tendances made in France - Anj\u00e9sy Design - \u00c9choppe Fran\u00e7aise, le Blog","og_description":"Envie d'une pochette pour y ranger vos petites affaires ? l'Echoppe Fran\u00e7aise vous pr\u00e9sente Sylvie, cr\u00e9atrice d'Anj\u00e9sy Design !","og_url":"https:\/\/www.echoppe-francaise.fr\/blog\/pochettes-tendances-made-in-france\/","og_site_name":"\u00c9choppe Fran\u00e7aise, le Blog","article_published_time":"2021-05-19T06:00:59+00:00","article_modified_time":"2021-06-29T09:01:55+00:00","og_image":[{"width":543,"height":543,"url":"https:\/\/www.echoppe-francaise.fr\/blog\/wp-content\/uploads\/2021\/05\/pochette-coton-femme-imprime-feuilles-tropical-palmier.jpg","type":"image\/jpeg"}],"author":"AntoineR","twitter_card":"summary_large_image","twitter_misc":{"\u00c9crit par":"AntoineR","Dur\u00e9e de lecture estim\u00e9e":"1 minute"},"schema":{"@context":"https:\/\/schema.org","@graph":[{"@type":"Article","@id":"https:\/\/www.echoppe-francaise.fr\/blog\/pochettes-tendances-made-in-france\/#article","isPartOf":{"@id":"https:\/\/www.echoppe-francaise.fr\/blog\/pochettes-tendances-made-in-france\/"},"author":{"name":"AntoineR","@id":"https:\/\/www.echoppe-francaise.fr\/blog\/#\/schema\/person\/eef9eb08fd5394e6899ff8e6c5045b52"},"headline":"Pochettes tendances made in France &#8211; Anj\u00e9sy Design","datePublished":"2021-05-19T06:00:59+00:00","dateModified":"2021-06-29T09:01:55+00:00","mainEntityOfPage":{"@id":"https:\/\/www.echoppe-francaise.fr\/blog\/pochettes-tendances-made-in-france\/"},"wordCount":167,"commentCount":0,"publisher":{"@id":"https:\/\/www.echoppe-francaise.fr\/blog\/#organization"},"image":{"@id":"https:\/\/www.echoppe-francaise.fr\/blog\/pochettes-tendances-made-in-france\/#primaryimage"},"thumbnailUrl":"https:\/\/www.echoppe-francaise.fr\/blog\/wp-content\/uploads\/2021\/05\/pochette-coton-femme-imprime-feuilles-tropical-palmier.jpg","keywords":["artisanat fran\u00e7ais","cr\u00e9ateurs fran\u00e7ais","made in france","Pochette made in France"],"articleSection":["PORTRAIT"],"inLanguage":"fr-FR","potentialAction":[{"@type":"CommentAction","name":"Comment","target":["https:\/\/www.echoppe-francaise.fr\/blog\/pochettes-tendances-made-in-france\/#respond"]}]},{"@type":"WebPage","@id":"https:\/\/www.echoppe-francaise.fr\/blog\/pochettes-tendances-made-in-france\/","url":"https:\/\/www.echoppe-francaise.fr\/blog\/pochettes-tendances-made-in-france\/","name":"Pochettes tendances made in France - Anj\u00e9sy Design - \u00c9choppe Fran\u00e7aise, le Blog","isPartOf":{"@id":"https:\/\/www.echoppe-francaise.fr\/blog\/#website"},"primaryImageOfPage":{"@id":"https:\/\/www.echoppe-francaise.fr\/blog\/pochettes-tendances-made-in-france\/#primaryimage"},"image":{"@id":"https:\/\/www.echoppe-francaise.fr\/blog\/pochettes-tendances-made-in-france\/#primaryimage"},"thumbnailUrl":"https:\/\/www.echoppe-francaise.fr\/blog\/wp-content\/uploads\/2021\/05\/pochette-coton-femme-imprime-feuilles-tropical-palmier.jpg","datePublished":"2021-05-19T06:00:59+00:00","dateModified":"2021-06-29T09:01:55+00:00","description":"Envie d'une pochette pour y ranger vos petites affaires ? l'Echoppe Fran\u00e7aise vous pr\u00e9sente Sylvie, cr\u00e9atrice d'Anj\u00e9sy Design !","breadcrumb":{"@id":"https:\/\/www.echoppe-francaise.fr\/blog\/pochettes-tendances-made-in-france\/#breadcrumb"},"inLanguage":"fr-FR","potentialAction":[{"@type":"ReadAction","target":["https:\/\/www.echoppe-francaise.fr\/blog\/pochettes-tendances-made-in-france\/"]}]},{"@type":"ImageObject","inLanguage":"fr-FR","@id":"https:\/\/www.echoppe-francaise.fr\/blog\/pochettes-tendances-made-in-france\/#primaryimage","url":"https:\/\/www.echoppe-francaise.fr\/blog\/wp-content\/uploads\/2021\/05\/pochette-coton-femme-imprime-feuilles-tropical-palmier.jpg","contentUrl":"https:\/\/www.echoppe-francaise.fr\/blog\/wp-content\/uploads\/2021\/05\/pochette-coton-femme-imprime-feuilles-tropical-palmier.jpg","width":543,"height":543},{"@type":"BreadcrumbList","@id":"https:\/\/www.echoppe-francaise.fr\/blog\/pochettes-tendances-made-in-france\/#breadcrumb","itemListElement":[{"@type":"ListItem","position":1,"name":"Accueil","item":"https:\/\/www.echoppe-francaise.fr\/blog\/"},{"@type":"ListItem","position":2,"name":"Pochettes tendances made in France &#8211; Anj\u00e9sy Design"}]},{"@type":"WebSite","@id":"https:\/\/www.echoppe-francaise.fr\/blog\/#website","url":"https:\/\/www.echoppe-francaise.fr\/blog\/","name":"\u00c9choppe Fran\u00e7aise, le Blog","description":"Le blog des Cr\u00e9atrices et Cr\u00e9ateurs fran\u00e7ais","publisher":{"@id":"https:\/\/www.echoppe-francaise.fr\/blog\/#organization"},"potentialAction":[{"@type":"SearchAction","target":{"@type":"EntryPoint","urlTemplate":"https:\/\/www.echoppe-francaise.fr\/blog\/?s={search_term_string}"},"query-input":{"@type":"PropertyValueSpecification","valueRequired":true,"valueName":"search_term_string"}}],"inLanguage":"fr-FR"},{"@type":"Organization","@id":"https:\/\/www.echoppe-francaise.fr\/blog\/#organization","name":"L'\u00e9choppe Fran\u00e7aise","url":"https:\/\/www.echoppe-francaise.fr\/blog\/","logo":{"@type":"ImageObject","inLanguage":"fr-FR","@id":"https:\/\/www.echoppe-francaise.fr\/blog\/#\/schema\/logo\/image\/","url":"https:\/\/www.echoppe-francaise.fr\/blog\/wp-content\/uploads\/2017\/04\/echoppe-francaise-logo-1489412704.png","contentUrl":"https:\/\/www.echoppe-francaise.fr\/blog\/wp-content\/uploads\/2017\/04\/echoppe-francaise-logo-1489412704.png","width":492,"height":270,"caption":"L'\u00e9choppe Fran\u00e7aise"},"image":{"@id":"https:\/\/www.echoppe-francaise.fr\/blog\/#\/schema\/logo\/image\/"}},{"@type":"Person","@id":"https:\/\/www.echoppe-francaise.fr\/blog\/#\/schema\/person\/eef9eb08fd5394e6899ff8e6c5045b52","name":"AntoineR","image":{"@type":"ImageObject","inLanguage":"fr-FR","@id":"https:\/\/secure.gravatar.com\/avatar\/11538476e65f843df3f3d146f6b3798ffda7e7510e46d9566b2379eca1b1cf4d?s=96&d=mm&r=g","url":"https:\/\/secure.gravatar.com\/avatar\/11538476e65f843df3f3d146f6b3798ffda7e7510e46d9566b2379eca1b1cf4d?s=96&d=mm&r=g","contentUrl":"https:\/\/secure.gravatar.com\/avatar\/11538476e65f843df3f3d146f6b3798ffda7e7510e46d9566b2379eca1b1cf4d?s=96&d=mm&r=g","caption":"AntoineR"},"url":"https:\/\/www.echoppe-francaise.fr\/blog\/author\/antoiner\/"}]}},"_links":{"self":[{"href":"https:\/\/www.echoppe-francaise.fr\/blog\/wp-json\/wp\/v2\/posts\/834","targetHints":{"allow":["GET"]}}],"collection":[{"href":"https:\/\/www.echoppe-francaise.fr\/blog\/wp-json\/wp\/v2\/posts"}],"about":[{"href":"https:\/\/www.echoppe-francaise.fr\/blog\/wp-json\/wp\/v2\/types\/post"}],"author":[{"embeddable":true,"href":"https:\/\/www.echoppe-francaise.fr\/blog\/wp-json\/wp\/v2\/users\/6"}],"replies":[{"embeddable":true,"href":"https:\/\/www.echoppe-francaise.fr\/blog\/wp-json\/wp\/v2\/comments?post=834"}],"version-history":[{"count":8,"href":"https:\/\/www.echoppe-francaise.fr\/blog\/wp-json\/wp\/v2\/posts\/834\/revisions"}],"predecessor-version":[{"id":926,"href":"https:\/\/www.echoppe-francaise.fr\/blog\/wp-json\/wp\/v2\/posts\/834\/revisions\/926"}],"wp:featuredmedia":[{"embeddable":true,"href":"https:\/\/www.echoppe-francaise.fr\/blog\/wp-json\/wp\/v2\/media\/836"}],"wp:attachment":[{"href":"https:\/\/www.echoppe-francaise.fr\/blog\/wp-json\/wp\/v2\/media?parent=834"}],"wp:term":[{"taxonomy":"category","embeddable":true,"href":"https:\/\/www.echoppe-francaise.fr\/blog\/wp-json\/wp\/v2\/categories?post=834"},{"taxonomy":"post_tag","embeddable":true,"href":"https:\/\/www.echoppe-francaise.fr\/blog\/wp-json\/wp\/v2\/tags?post=834"}],"curies":[{"name":"wp","href":"https:\/\/api.w.org\/{rel}","templated":true}]}}