{"id":753,"date":"2021-05-17T06:00:06","date_gmt":"2021-05-17T04:00:06","guid":{"rendered":"https:\/\/www.echoppe-francaise.fr\/blog\/?p=753"},"modified":"2026-01-19T16:23:11","modified_gmt":"2026-01-19T15:23:11","slug":"sangles-pour-casques-et-appareils-photos","status":"publish","type":"post","link":"https:\/\/www.echoppe-francaise.fr\/blog\/sangles-pour-casques-et-appareils-photos\/","title":{"rendered":"Sangle et dragonne pour casques et appareils photos"},"content":{"rendered":"<h1 style=\"text-align: center;\"><strong>\u00a0\u00a0Rencontre avec Alejandra, cr\u00e9atrice de la marque \u00ab\u00a0Parenth\u00e8se\u00a0\u00bb<\/strong><\/h1>\n<h2 style=\"text-align: left;\">Pr\u00e9sentation<\/h2>\n<p style=\"text-align: center;\"><b>\u201cJe suis une personne extravertie, aventureuse et cr\u00e9ative\u201d<\/b><span style=\"font-weight: 400;\">, nous dira-t-elle.<\/span><\/p>\n<p><span style=\"font-weight: 400;\">Espagnole de sang [de la r\u00e9gion de Santander] et fran\u00e7aise de c\u0153ur [de la r\u00e9gion parisienne], cette passionn\u00e9e de mode et de voyages a d\u00e9cid\u00e9 de vous faire voyager en mode \u201cstyl\u00e9\u201d avec ses <strong>sangles<\/strong> !<\/span><\/p>\n<p style=\"text-align: center;\"><span style=\"font-weight: 400;\">Le concept ? \u201cLifestyle, fait main et made in Paris\u201d<\/span><\/p>\n<p><span style=\"font-weight: 400;\">Qui n\u2019a jamais r\u00eav\u00e9 de pouvoir personnaliser ses sacs de voyage ? <\/span><b>Alejandra<\/b><span style=\"font-weight: 400;\"> a cr\u00e9\u00e9 pour vous la marque <\/span><b>Parenth\u00e8se<\/b><span style=\"font-weight: 400;\"> qui vous donne la possibilit\u00e9 de changer la sangle de votre appareil photo comme bon vous semble ! Adaptable pour tous les mod\u00e8les d\u2019appareil photo et pratique quand on aime emporter les souvenirs de voyage \u201cdans un clic\u201d !<\/span><\/p>\n<p><span style=\"font-weight: 400;\">Elle confectionne \u00e9galement des housses pour y glisser soigneusement nos petites chaussures dans un sac de voyage, et m\u00eame de petites trousses pour pouvoir ranger nos affaires personnelles.<\/span><\/p>\n<p><a href=\"https:\/\/www.echoppe-francaise.fr\/11_parenthese\"><img loading=\"lazy\" decoding=\"async\" class=\"alignnone size-medium wp-image-763 aligncenter\" src=\"https:\/\/www.echoppe-francaise.fr\/blog\/wp-content\/uploads\/2021\/05\/alejandra-parenthese-echoppe-fran\u00e7aise-made-in-france-300x300.jpeg\" alt=\"\" width=\"300\" height=\"300\" srcset=\"https:\/\/www.echoppe-francaise.fr\/blog\/wp-content\/uploads\/2021\/05\/alejandra-parenthese-echoppe-fran\u00e7aise-made-in-france-300x300.jpeg 300w, https:\/\/www.echoppe-francaise.fr\/blog\/wp-content\/uploads\/2021\/05\/alejandra-parenthese-echoppe-fran\u00e7aise-made-in-france-150x150.jpeg 150w, https:\/\/www.echoppe-francaise.fr\/blog\/wp-content\/uploads\/2021\/05\/alejandra-parenthese-echoppe-fran\u00e7aise-made-in-france.jpeg 453w\" sizes=\"auto, (max-width: 300px) 100vw, 300px\" \/><\/a><\/p>\n<h2 style=\"text-align: left;\"><b>Voici l\u2019interview que nous avons men\u00e9 avec ALEJANDRA<\/b><\/h2>\n<h3>Cr\u00e9ations &amp; inspirations<\/h3>\n<p><b>\u201c<\/b><span style=\"font-weight: 400;\">Je fabrique des sangles pour faciliter le transport d&rsquo;objets quotidiens de mani\u00e8re s\u00fbre, confortable et \u00e0 la mode.<\/span><b>\u201d<\/b><\/p>\n<p><b>Quand l\u2019histoire de votre boutique a-t-elle commenc\u00e9 ? Quel est votre parcours ? L&rsquo;histoire de votre vie professionnelle ?<\/b><\/p>\n<p><b>\u201c<\/b><span style=\"font-weight: 400;\">Je suis espagnole, arriv\u00e9e en France il y a 10 ans. J&rsquo;ai travaill\u00e9 pendant quelques ann\u00e9es dans la finance jusqu&rsquo;\u00e0 la cr\u00e9ation de Parenth\u00e8se en 2016, alors hobby qui est vite devenu un travail, et j&rsquo;adore ce que je fais. \ud83d\ude42<\/span><b>\u201d<\/b><\/p>\n<p><b>O\u00f9 trouvez-vous l\u2019inspiration pour vos cr\u00e9ations ? Avez vous une muse ?<\/b><\/p>\n<p><span style=\"font-weight: 400;\">\u201cJe n&rsquo;ai pas de muse et je ne suis pas non plus les modes. Je suis inspir\u00e9e par les voyages, les cultures, la nature, le m\u00e9lange des mat\u00e9riaux\u2026\u201d<\/span><\/p>\n<p><b>Quelle est l\u2019histoire de vos cr\u00e9ations ?<\/b><\/p>\n<p><span style=\"font-weight: 400;\">\u201cMon grand-p\u00e8re photographe se plaignait toute la journ\u00e9e de l&rsquo;inconfort des sangles standard, c&rsquo;est donc le premier produit que j&rsquo;ai fabriqu\u00e9.\u201d<\/span><\/p>\n<p><img loading=\"lazy\" decoding=\"async\" class=\"size-medium wp-image-766 alignnone\" src=\"https:\/\/www.echoppe-francaise.fr\/blog\/wp-content\/uploads\/2021\/05\/PACK-MOTOS-3-200x300.jpg\" alt=\"\" width=\"200\" height=\"300\" srcset=\"https:\/\/www.echoppe-francaise.fr\/blog\/wp-content\/uploads\/2021\/05\/PACK-MOTOS-3-200x300.jpg 200w, https:\/\/www.echoppe-francaise.fr\/blog\/wp-content\/uploads\/2021\/05\/PACK-MOTOS-3-768x1152.jpg 768w, https:\/\/www.echoppe-francaise.fr\/blog\/wp-content\/uploads\/2021\/05\/PACK-MOTOS-3-683x1024.jpg 683w\" sizes=\"auto, (max-width: 200px) 100vw, 200px\" \/>\u00a0 \u00a0<img loading=\"lazy\" decoding=\"async\" class=\"alignnone size-medium wp-image-786\" src=\"https:\/\/www.echoppe-francaise.fr\/blog\/wp-content\/uploads\/2021\/05\/parenthese_foto_producto_chico-145-300x200.jpg\" alt=\"\" width=\"300\" height=\"200\" srcset=\"https:\/\/www.echoppe-francaise.fr\/blog\/wp-content\/uploads\/2021\/05\/parenthese_foto_producto_chico-145-300x200.jpg 300w, https:\/\/www.echoppe-francaise.fr\/blog\/wp-content\/uploads\/2021\/05\/parenthese_foto_producto_chico-145-768x512.jpg 768w, https:\/\/www.echoppe-francaise.fr\/blog\/wp-content\/uploads\/2021\/05\/parenthese_foto_producto_chico-145-1024x683.jpg 1024w\" sizes=\"auto, (max-width: 300px) 100vw, 300px\" \/>\u00a0\u00a0\u00a0<img loading=\"lazy\" decoding=\"async\" class=\"alignnone size-medium wp-image-773\" src=\"https:\/\/www.echoppe-francaise.fr\/blog\/wp-content\/uploads\/2021\/05\/SAP-COMPACT-FLAMENCO-2-200x300.jpg\" alt=\"\" width=\"200\" height=\"300\" srcset=\"https:\/\/www.echoppe-francaise.fr\/blog\/wp-content\/uploads\/2021\/05\/SAP-COMPACT-FLAMENCO-2-200x300.jpg 200w, https:\/\/www.echoppe-francaise.fr\/blog\/wp-content\/uploads\/2021\/05\/SAP-COMPACT-FLAMENCO-2-768x1152.jpg 768w, https:\/\/www.echoppe-francaise.fr\/blog\/wp-content\/uploads\/2021\/05\/SAP-COMPACT-FLAMENCO-2-683x1024.jpg 683w\" sizes=\"auto, (max-width: 200px) 100vw, 200px\" \/><b><\/b><\/p>\n<p><b>Que faites-vous ? Expliquez en quelques \u00e9tapes simples le processus de fabrication de l\u2019une de vos cr\u00e9ations.<\/b><\/p>\n<p><span style=\"font-weight: 400;\">\u201cJe m&rsquo;occupe de tout, comptabilit\u00e9, marketing, design, achats&#8230; Mais bient\u00f4t, quelqu&rsquo;un va m&rsquo;aider avec la fabrication.\u201d<\/span><\/p>\n<h3>Le made in France<\/h3>\n<p><b>Quelle est la valeur ajout\u00e9e de vos cr\u00e9ations ?<\/b><\/p>\n<p><span style=\"font-weight: 400;\">La fabrication \u00ab\u00a0fait \u00e0 la main\u00a0\u00bb, qui est la raison d&rsquo;\u00eatre de Parenth\u00e8se. Cela conf\u00e8re \u00e0 chaque\u00a0 produit une touche particuli\u00e8re puisqu&rsquo;aucune n&rsquo;est strictement identique. Toutes nos cr\u00e9ations sont \u00e9galement personnalisables.<\/span><\/p>\n<p><b>Mise \u00e0 part la \u201cFrench Touch\u201d, quelle est votre touche personnelle ?<\/b><\/p>\n<p><span style=\"font-weight: 400;\">Les tissus, qui proviennent de diff\u00e9rentes parties du monde et les nombreux styles disponibles.<\/span><\/p>\n<h3>On pense \u00e9cologie !<\/h3>\n<p><b>D&rsquo;o\u00f9 proviennent les mati\u00e8res premi\u00e8res utilis\u00e9es ?<\/b><\/p>\n<p><span style=\"font-weight: 400;\">D&rsquo;Europe et principalement de France<\/span><\/p>\n<p><b>Vers une tendance \u201cZ\u00c9RO D\u00c9CHETS\u201d ? Si oui d\u00e9crivez en quoi \/ de quelle fa\u00e7on vous vous engagez pour la plan\u00e8te. Si non, avez-vous pens\u00e9 \u00e0 le faire ? Un processus de conversion est-il en cours ? D\u00e9crivez de quelle mani\u00e8re vous souhaitez vous engager dans la r\u00e9duction de d\u00e9chets \u00e0 travers votre marque.<\/b><\/p>\n<p><span style=\"font-weight: 400;\">Nous travaillons avec des mat\u00e9riaux naturels. Nous n&rsquo;utilisons aucun plastique dans nos exp\u00e9ditions et nos fournisseurs non plus.<\/span><\/p>\n<p><span style=\"font-weight: 400;\">Dans peu de temps, nous remplacerons le cuir animal par du cuir v\u00e9g\u00e9tal, fabriqu\u00e9 \u00e0 partir de la peau de la pomme.<\/span><\/p>\n<p><span style=\"font-weight: 400;\"><img loading=\"lazy\" decoding=\"async\" class=\"wp-image-767 aligncenter\" src=\"https:\/\/www.echoppe-francaise.fr\/blog\/wp-content\/uploads\/2021\/05\/CASCO-MOTO-TODOS-MODELOS-1-300x200.jpg\" alt=\"\" width=\"278\" height=\"185\" srcset=\"https:\/\/www.echoppe-francaise.fr\/blog\/wp-content\/uploads\/2021\/05\/CASCO-MOTO-TODOS-MODELOS-1-300x200.jpg 300w, https:\/\/www.echoppe-francaise.fr\/blog\/wp-content\/uploads\/2021\/05\/CASCO-MOTO-TODOS-MODELOS-1-768x512.jpg 768w, https:\/\/www.echoppe-francaise.fr\/blog\/wp-content\/uploads\/2021\/05\/CASCO-MOTO-TODOS-MODELOS-1-1024x683.jpg 1024w\" sizes=\"auto, (max-width: 278px) 100vw, 278px\" \/><\/span><\/p>\n<p><b>O\u00f9 peut-on trouver vos confections ? Avez vous une boutique ou est-ce exclusivement en ligne ?(mettre adresse postale + mail + num\u00e9ro de t\u00e9l\u00e9phone&#8230;) [ou Autres \u2026 ]<\/b><\/p>\n<p><span style=\"font-weight: 400;\">Nous avons un showroom qui est actuellement ferm\u00e9 en cons\u00e9quence du Covid, qui est situ\u00e9 dans le 15\u00e8me arrondissement de Paris.<\/span><\/p>\n<p><span style=\"font-weight: 400;\">Sinon, la plupart des ventes se fait via notre site web.\u00a0<\/span><\/p>\n<h3>Transmettre ses inspirations<\/h3>\n<p><b>Que souhaitez vous dire\/transmettre \u00e0 travers vos cr\u00e9ations ? Quelles sont vos valeurs d&rsquo;artisans ?<\/b><\/p>\n<p><span style=\"font-weight: 400;\">Il s&rsquo;agit de produits utiles, durables, confortables et chics.<\/span><\/p>\n<p><b>Vos cr\u00e9ations, c\u2019est vous qui en parlez le mieux ! Quelle est votre cr\u00e9ation coup de c\u0153ur ? Pourquoi ?<\/b><\/p>\n<p><span style=\"font-weight: 400;\">Les sangles d&rsquo;appareil photo, car c&rsquo;est un univers li\u00e9 \u00e0 ma famille.\u00a0<\/span><\/p>\n<p><span style=\"font-weight: 400;\">Aussi un nouveau produit qui sortira bient\u00f4t, mais c&rsquo;est un secret, je ne peux pas encore en parler.<\/span><span style=\"font-weight: 400;\">\u00a0 \u00a0 \u00a0<\/span><\/p>\n<p><img loading=\"lazy\" decoding=\"async\" class=\"alignnone size-medium wp-image-771\" src=\"https:\/\/www.echoppe-francaise.fr\/blog\/wp-content\/uploads\/2021\/05\/CORREA-COMPACT-OTONO-5-200x300.jpg\" alt=\"\" width=\"200\" height=\"300\" srcset=\"https:\/\/www.echoppe-francaise.fr\/blog\/wp-content\/uploads\/2021\/05\/CORREA-COMPACT-OTONO-5-200x300.jpg 200w, https:\/\/www.echoppe-francaise.fr\/blog\/wp-content\/uploads\/2021\/05\/CORREA-COMPACT-OTONO-5-768x1150.jpg 768w, https:\/\/www.echoppe-francaise.fr\/blog\/wp-content\/uploads\/2021\/05\/CORREA-COMPACT-OTONO-5-684x1024.jpg 684w\" sizes=\"auto, (max-width: 200px) 100vw, 200px\" \/>\u00a0 \u00a0<img loading=\"lazy\" decoding=\"async\" class=\"alignnone size-medium wp-image-769\" src=\"https:\/\/www.echoppe-francaise.fr\/blog\/wp-content\/uploads\/2021\/05\/SAP-COMPACT-PORTO-2-200x300.jpg\" alt=\"\" width=\"200\" height=\"300\" srcset=\"https:\/\/www.echoppe-francaise.fr\/blog\/wp-content\/uploads\/2021\/05\/SAP-COMPACT-PORTO-2-200x300.jpg 200w, https:\/\/www.echoppe-francaise.fr\/blog\/wp-content\/uploads\/2021\/05\/SAP-COMPACT-PORTO-2-768x1152.jpg 768w, https:\/\/www.echoppe-francaise.fr\/blog\/wp-content\/uploads\/2021\/05\/SAP-COMPACT-PORTO-2-683x1024.jpg 683w\" sizes=\"auto, (max-width: 200px) 100vw, 200px\" \/>\u00a0 \u00a0<img loading=\"lazy\" decoding=\"async\" class=\"alignnone size-medium wp-image-770\" src=\"https:\/\/www.echoppe-francaise.fr\/blog\/wp-content\/uploads\/2021\/05\/Correa-camara-compacta-EXTERIOR-MAPA-MUNDI-200x300.jpg\" alt=\"\" width=\"200\" height=\"300\" srcset=\"https:\/\/www.echoppe-francaise.fr\/blog\/wp-content\/uploads\/2021\/05\/Correa-camara-compacta-EXTERIOR-MAPA-MUNDI-200x300.jpg 200w, https:\/\/www.echoppe-francaise.fr\/blog\/wp-content\/uploads\/2021\/05\/Correa-camara-compacta-EXTERIOR-MAPA-MUNDI-768x1150.jpg 768w, https:\/\/www.echoppe-francaise.fr\/blog\/wp-content\/uploads\/2021\/05\/Correa-camara-compacta-EXTERIOR-MAPA-MUNDI-684x1024.jpg 684w\" sizes=\"auto, (max-width: 200px) 100vw, 200px\" \/>\u00a0 \u00a0<img loading=\"lazy\" decoding=\"async\" class=\"alignnone size-medium wp-image-774\" src=\"https:\/\/www.echoppe-francaise.fr\/blog\/wp-content\/uploads\/2021\/05\/SAP-COMPACT-LIBERTY--200x300.jpg\" alt=\"\" width=\"200\" height=\"300\" srcset=\"https:\/\/www.echoppe-francaise.fr\/blog\/wp-content\/uploads\/2021\/05\/SAP-COMPACT-LIBERTY--200x300.jpg 200w, https:\/\/www.echoppe-francaise.fr\/blog\/wp-content\/uploads\/2021\/05\/SAP-COMPACT-LIBERTY--768x1152.jpg 768w, https:\/\/www.echoppe-francaise.fr\/blog\/wp-content\/uploads\/2021\/05\/SAP-COMPACT-LIBERTY--683x1024.jpg 683w\" sizes=\"auto, (max-width: 200px) 100vw, 200px\" \/><\/p>\n<p><b>Le but \u00e9tant r\u00e9ellement d&rsquo;informer la communaut\u00e9 sur le mode de fabrication des produits, y a-t-il des termes techniques que l&rsquo;on pourrait leur expliquer ?<\/b><\/p>\n<p><span style=\"font-weight: 400;\">Une chose int\u00e9ressante \u00e0 faire conna\u00eetre, la m\u00e9thode de fabrication du cuir v\u00e9g\u00e9tal que nous allons commencer \u00e0 utiliser pour nos produits, \u00e0 partir de la peau de pomme.<\/span><\/p>\n<p><span style=\"font-weight: 400;\">Autrement, il n&rsquo;y a pas de termes techniques particuliers.<\/span><\/p>\n<p><img loading=\"lazy\" decoding=\"async\" class=\"alignnone size-medium wp-image-772\" src=\"https:\/\/www.echoppe-francaise.fr\/blog\/wp-content\/uploads\/2021\/05\/SAP-COMPACT-CAIRO-3-200x300.jpg\" alt=\"\" width=\"200\" height=\"300\" srcset=\"https:\/\/www.echoppe-francaise.fr\/blog\/wp-content\/uploads\/2021\/05\/SAP-COMPACT-CAIRO-3-200x300.jpg 200w, https:\/\/www.echoppe-francaise.fr\/blog\/wp-content\/uploads\/2021\/05\/SAP-COMPACT-CAIRO-3-768x1152.jpg 768w, https:\/\/www.echoppe-francaise.fr\/blog\/wp-content\/uploads\/2021\/05\/SAP-COMPACT-CAIRO-3-683x1024.jpg 683w\" sizes=\"auto, (max-width: 200px) 100vw, 200px\" \/> \u00a0\u00a0<img loading=\"lazy\" decoding=\"async\" class=\"alignnone size-medium wp-image-776\" src=\"https:\/\/www.echoppe-francaise.fr\/blog\/wp-content\/uploads\/2021\/05\/SAP-COMPACT-ROMA-200x300.jpg\" alt=\"\" width=\"200\" height=\"300\" srcset=\"https:\/\/www.echoppe-francaise.fr\/blog\/wp-content\/uploads\/2021\/05\/SAP-COMPACT-ROMA-200x300.jpg 200w, https:\/\/www.echoppe-francaise.fr\/blog\/wp-content\/uploads\/2021\/05\/SAP-COMPACT-ROMA-768x1152.jpg 768w, https:\/\/www.echoppe-francaise.fr\/blog\/wp-content\/uploads\/2021\/05\/SAP-COMPACT-ROMA-683x1024.jpg 683w\" sizes=\"auto, (max-width: 200px) 100vw, 200px\" \/>\u00a0 \u00a0<img loading=\"lazy\" decoding=\"async\" class=\"alignnone size-medium wp-image-787\" src=\"https:\/\/www.echoppe-francaise.fr\/blog\/wp-content\/uploads\/2021\/05\/parenthese_foto_producto_chico-147-200x300.jpg\" alt=\"\" width=\"200\" height=\"300\" srcset=\"https:\/\/www.echoppe-francaise.fr\/blog\/wp-content\/uploads\/2021\/05\/parenthese_foto_producto_chico-147-200x300.jpg 200w, https:\/\/www.echoppe-francaise.fr\/blog\/wp-content\/uploads\/2021\/05\/parenthese_foto_producto_chico-147-768x1152.jpg 768w, https:\/\/www.echoppe-francaise.fr\/blog\/wp-content\/uploads\/2021\/05\/parenthese_foto_producto_chico-147-683x1024.jpg 683w\" sizes=\"auto, (max-width: 200px) 100vw, 200px\" \/>\u00a0 \u00a0<img loading=\"lazy\" decoding=\"async\" class=\"alignnone size-medium wp-image-788\" src=\"https:\/\/www.echoppe-francaise.fr\/blog\/wp-content\/uploads\/2021\/05\/parenthese_foto_producto_chico-158-200x300.jpg\" alt=\"\" width=\"200\" height=\"300\" srcset=\"https:\/\/www.echoppe-francaise.fr\/blog\/wp-content\/uploads\/2021\/05\/parenthese_foto_producto_chico-158-200x300.jpg 200w, https:\/\/www.echoppe-francaise.fr\/blog\/wp-content\/uploads\/2021\/05\/parenthese_foto_producto_chico-158-768x1152.jpg 768w, https:\/\/www.echoppe-francaise.fr\/blog\/wp-content\/uploads\/2021\/05\/parenthese_foto_producto_chico-158-683x1024.jpg 683w\" sizes=\"auto, (max-width: 200px) 100vw, 200px\" \/><\/p>\n<p><b>Quelle est la vie de votre boutique actuellement ?<\/b><\/p>\n<p><span style=\"font-weight: 400;\">Nous sommes actuellement dans une bonne phase de ventes et d\u00e9veloppement de produits. Heureusement pour la marque nous n\u2019avons pas eu besoin de faire de changement et d\u2019adaptations face \u00e0 l\u2019arriv\u00e9e du covid.<\/span><\/p>\n","protected":false},"excerpt":{"rendered":"<p>\u00a0\u00a0Rencontre avec Alejandra, cr\u00e9atrice de la marque \u00ab\u00a0Parenth\u00e8se\u00a0\u00bb Pr\u00e9sentation \u201cJe suis une personne extravertie, aventureuse et cr\u00e9ative\u201d, nous dira-t-elle. Espagnole de sang [de la r\u00e9gion de Santander] et fran\u00e7aise de c\u0153ur [de la r\u00e9gion parisienne], cette passionn\u00e9e de mode et de voyages a d\u00e9cid\u00e9 de vous faire voyager en mode \u201cstyl\u00e9\u201d avec ses sangles !&hellip;&nbsp;<\/p>\n","protected":false},"author":6,"featured_media":781,"comment_status":"open","ping_status":"open","sticky":false,"template":"","format":"standard","meta":{"_crdt_document":"","neve_meta_sidebar":"","neve_meta_container":"","neve_meta_enable_content_width":"","neve_meta_content_width":0,"neve_meta_title_alignment":"","neve_meta_author_avatar":"","neve_post_elements_order":"","neve_meta_disable_header":"","neve_meta_disable_footer":"","neve_meta_disable_title":"","footnotes":""},"categories":[3],"tags":[33,5,102,4,104,60,103],"class_list":["post-753","post","type-post","status-publish","format-standard","has-post-thumbnail","hentry","category-portrait","tag-bijoux-createurs-en-ligne","tag-createurs-francais","tag-dragonnes-fabriquees-en-france","tag-made-in-france","tag-maroquinerie-francaise","tag-sangle-appareil-photo","tag-sangle-casque-moto"],"yoast_head":"<!-- This site is optimized with the Yoast SEO plugin v27.5 - https:\/\/yoast.com\/product\/yoast-seo-wordpress\/ -->\n<title>Sangle et dragonne pour casques et appareils photos - \u00c9choppe Fran\u00e7aise, le Blog<\/title>\n<meta name=\"description\" content=\"Envie d&#039;un accessoire utile pour transporter votre appareil photo ? Voici une collection de sangles faites main et made in France !\" \/>\n<meta name=\"robots\" content=\"index, follow, max-snippet:-1, max-image-preview:large, max-video-preview:-1\" \/>\n<link rel=\"canonical\" href=\"https:\/\/www.echoppe-francaise.fr\/blog\/sangles-pour-casques-et-appareils-photos\/\" \/>\n<meta property=\"og:locale\" content=\"fr_FR\" \/>\n<meta property=\"og:type\" content=\"article\" \/>\n<meta property=\"og:title\" content=\"Sangle et dragonne pour casques et appareils photos - \u00c9choppe Fran\u00e7aise, le Blog\" \/>\n<meta property=\"og:description\" content=\"Envie d&#039;un accessoire utile pour transporter votre appareil photo ? Voici une collection de sangles faites main et made in France !\" \/>\n<meta property=\"og:url\" content=\"https:\/\/www.echoppe-francaise.fr\/blog\/sangles-pour-casques-et-appareils-photos\/\" \/>\n<meta property=\"og:site_name\" content=\"\u00c9choppe Fran\u00e7aise, le Blog\" \/>\n<meta property=\"article:published_time\" content=\"2021-05-17T04:00:06+00:00\" \/>\n<meta property=\"article:modified_time\" content=\"2026-01-19T15:23:11+00:00\" \/>\n<meta property=\"og:image\" content=\"https:\/\/www.echoppe-francaise.fr\/blog\/wp-content\/uploads\/2021\/05\/CORREA-COMPACT-OTONO-5-1-684x1024.jpg\" \/>\n\t<meta property=\"og:image:width\" content=\"684\" \/>\n\t<meta property=\"og:image:height\" content=\"1024\" \/>\n\t<meta property=\"og:image:type\" content=\"image\/jpeg\" \/>\n<meta name=\"author\" content=\"AntoineR\" \/>\n<meta name=\"twitter:card\" content=\"summary_large_image\" \/>\n<meta name=\"twitter:label1\" content=\"\u00c9crit par\" \/>\n\t<meta name=\"twitter:data1\" content=\"AntoineR\" \/>\n\t<meta name=\"twitter:label2\" content=\"Dur\u00e9e de lecture estim\u00e9e\" \/>\n\t<meta name=\"twitter:data2\" content=\"7 minutes\" \/>\n<script type=\"application\/ld+json\" class=\"yoast-schema-graph\">{\"@context\":\"https:\\\/\\\/schema.org\",\"@graph\":[{\"@type\":\"Article\",\"@id\":\"https:\\\/\\\/www.echoppe-francaise.fr\\\/blog\\\/sangles-pour-casques-et-appareils-photos\\\/#article\",\"isPartOf\":{\"@id\":\"https:\\\/\\\/www.echoppe-francaise.fr\\\/blog\\\/sangles-pour-casques-et-appareils-photos\\\/\"},\"author\":{\"name\":\"AntoineR\",\"@id\":\"https:\\\/\\\/www.echoppe-francaise.fr\\\/blog\\\/#\\\/schema\\\/person\\\/eef9eb08fd5394e6899ff8e6c5045b52\"},\"headline\":\"Sangle et dragonne pour casques et appareils photos\",\"datePublished\":\"2021-05-17T04:00:06+00:00\",\"dateModified\":\"2026-01-19T15:23:11+00:00\",\"mainEntityOfPage\":{\"@id\":\"https:\\\/\\\/www.echoppe-francaise.fr\\\/blog\\\/sangles-pour-casques-et-appareils-photos\\\/\"},\"wordCount\":807,\"commentCount\":0,\"publisher\":{\"@id\":\"https:\\\/\\\/www.echoppe-francaise.fr\\\/blog\\\/#organization\"},\"image\":{\"@id\":\"https:\\\/\\\/www.echoppe-francaise.fr\\\/blog\\\/sangles-pour-casques-et-appareils-photos\\\/#primaryimage\"},\"thumbnailUrl\":\"https:\\\/\\\/www.echoppe-francaise.fr\\\/blog\\\/wp-content\\\/uploads\\\/2021\\\/05\\\/CORREA-COMPACT-OTONO-5-1.jpg\",\"keywords\":[\"bijoux cr\u00e9ateurs en ligne\",\"cr\u00e9ateurs fran\u00e7ais\",\"Dragonnes fabriqu\u00e9es en France\",\"made in france\",\"Maroquinerie Fran\u00e7aise\",\"sangle appareil photo\",\"Sangle casque moto\"],\"articleSection\":[\"PORTRAIT\"],\"inLanguage\":\"fr-FR\",\"potentialAction\":[{\"@type\":\"CommentAction\",\"name\":\"Comment\",\"target\":[\"https:\\\/\\\/www.echoppe-francaise.fr\\\/blog\\\/sangles-pour-casques-et-appareils-photos\\\/#respond\"]}]},{\"@type\":\"WebPage\",\"@id\":\"https:\\\/\\\/www.echoppe-francaise.fr\\\/blog\\\/sangles-pour-casques-et-appareils-photos\\\/\",\"url\":\"https:\\\/\\\/www.echoppe-francaise.fr\\\/blog\\\/sangles-pour-casques-et-appareils-photos\\\/\",\"name\":\"Sangle et dragonne pour casques et appareils photos - \u00c9choppe Fran\u00e7aise, le Blog\",\"isPartOf\":{\"@id\":\"https:\\\/\\\/www.echoppe-francaise.fr\\\/blog\\\/#website\"},\"primaryImageOfPage\":{\"@id\":\"https:\\\/\\\/www.echoppe-francaise.fr\\\/blog\\\/sangles-pour-casques-et-appareils-photos\\\/#primaryimage\"},\"image\":{\"@id\":\"https:\\\/\\\/www.echoppe-francaise.fr\\\/blog\\\/sangles-pour-casques-et-appareils-photos\\\/#primaryimage\"},\"thumbnailUrl\":\"https:\\\/\\\/www.echoppe-francaise.fr\\\/blog\\\/wp-content\\\/uploads\\\/2021\\\/05\\\/CORREA-COMPACT-OTONO-5-1.jpg\",\"datePublished\":\"2021-05-17T04:00:06+00:00\",\"dateModified\":\"2026-01-19T15:23:11+00:00\",\"description\":\"Envie d'un accessoire utile pour transporter votre appareil photo ? Voici une collection de sangles faites main et made in France !\",\"breadcrumb\":{\"@id\":\"https:\\\/\\\/www.echoppe-francaise.fr\\\/blog\\\/sangles-pour-casques-et-appareils-photos\\\/#breadcrumb\"},\"inLanguage\":\"fr-FR\",\"potentialAction\":[{\"@type\":\"ReadAction\",\"target\":[\"https:\\\/\\\/www.echoppe-francaise.fr\\\/blog\\\/sangles-pour-casques-et-appareils-photos\\\/\"]}]},{\"@type\":\"ImageObject\",\"inLanguage\":\"fr-FR\",\"@id\":\"https:\\\/\\\/www.echoppe-francaise.fr\\\/blog\\\/sangles-pour-casques-et-appareils-photos\\\/#primaryimage\",\"url\":\"https:\\\/\\\/www.echoppe-francaise.fr\\\/blog\\\/wp-content\\\/uploads\\\/2021\\\/05\\\/CORREA-COMPACT-OTONO-5-1.jpg\",\"contentUrl\":\"https:\\\/\\\/www.echoppe-francaise.fr\\\/blog\\\/wp-content\\\/uploads\\\/2021\\\/05\\\/CORREA-COMPACT-OTONO-5-1.jpg\",\"width\":3444,\"height\":5159},{\"@type\":\"BreadcrumbList\",\"@id\":\"https:\\\/\\\/www.echoppe-francaise.fr\\\/blog\\\/sangles-pour-casques-et-appareils-photos\\\/#breadcrumb\",\"itemListElement\":[{\"@type\":\"ListItem\",\"position\":1,\"name\":\"Accueil\",\"item\":\"https:\\\/\\\/www.echoppe-francaise.fr\\\/blog\\\/\"},{\"@type\":\"ListItem\",\"position\":2,\"name\":\"Sangle et dragonne pour casques et appareils photos\"}]},{\"@type\":\"WebSite\",\"@id\":\"https:\\\/\\\/www.echoppe-francaise.fr\\\/blog\\\/#website\",\"url\":\"https:\\\/\\\/www.echoppe-francaise.fr\\\/blog\\\/\",\"name\":\"\u00c9choppe Fran\u00e7aise, le Blog\",\"description\":\"Le blog des Cr\u00e9atrices et Cr\u00e9ateurs fran\u00e7ais\",\"publisher\":{\"@id\":\"https:\\\/\\\/www.echoppe-francaise.fr\\\/blog\\\/#organization\"},\"potentialAction\":[{\"@type\":\"SearchAction\",\"target\":{\"@type\":\"EntryPoint\",\"urlTemplate\":\"https:\\\/\\\/www.echoppe-francaise.fr\\\/blog\\\/?s={search_term_string}\"},\"query-input\":{\"@type\":\"PropertyValueSpecification\",\"valueRequired\":true,\"valueName\":\"search_term_string\"}}],\"inLanguage\":\"fr-FR\"},{\"@type\":\"Organization\",\"@id\":\"https:\\\/\\\/www.echoppe-francaise.fr\\\/blog\\\/#organization\",\"name\":\"L'\u00e9choppe Fran\u00e7aise\",\"url\":\"https:\\\/\\\/www.echoppe-francaise.fr\\\/blog\\\/\",\"logo\":{\"@type\":\"ImageObject\",\"inLanguage\":\"fr-FR\",\"@id\":\"https:\\\/\\\/www.echoppe-francaise.fr\\\/blog\\\/#\\\/schema\\\/logo\\\/image\\\/\",\"url\":\"https:\\\/\\\/www.echoppe-francaise.fr\\\/blog\\\/wp-content\\\/uploads\\\/2017\\\/04\\\/echoppe-francaise-logo-1489412704.png\",\"contentUrl\":\"https:\\\/\\\/www.echoppe-francaise.fr\\\/blog\\\/wp-content\\\/uploads\\\/2017\\\/04\\\/echoppe-francaise-logo-1489412704.png\",\"width\":492,\"height\":270,\"caption\":\"L'\u00e9choppe Fran\u00e7aise\"},\"image\":{\"@id\":\"https:\\\/\\\/www.echoppe-francaise.fr\\\/blog\\\/#\\\/schema\\\/logo\\\/image\\\/\"}},{\"@type\":\"Person\",\"@id\":\"https:\\\/\\\/www.echoppe-francaise.fr\\\/blog\\\/#\\\/schema\\\/person\\\/eef9eb08fd5394e6899ff8e6c5045b52\",\"name\":\"AntoineR\",\"image\":{\"@type\":\"ImageObject\",\"inLanguage\":\"fr-FR\",\"@id\":\"https:\\\/\\\/secure.gravatar.com\\\/avatar\\\/11538476e65f843df3f3d146f6b3798ffda7e7510e46d9566b2379eca1b1cf4d?s=96&d=mm&r=g\",\"url\":\"https:\\\/\\\/secure.gravatar.com\\\/avatar\\\/11538476e65f843df3f3d146f6b3798ffda7e7510e46d9566b2379eca1b1cf4d?s=96&d=mm&r=g\",\"contentUrl\":\"https:\\\/\\\/secure.gravatar.com\\\/avatar\\\/11538476e65f843df3f3d146f6b3798ffda7e7510e46d9566b2379eca1b1cf4d?s=96&d=mm&r=g\",\"caption\":\"AntoineR\"},\"url\":\"https:\\\/\\\/www.echoppe-francaise.fr\\\/blog\\\/author\\\/antoiner\\\/\"}]}<\/script>\n<!-- \/ Yoast SEO plugin. -->","yoast_head_json":{"title":"Sangle et dragonne pour casques et appareils photos - \u00c9choppe Fran\u00e7aise, le Blog","description":"Envie d'un accessoire utile pour transporter votre appareil photo ? Voici une collection de sangles faites main et made in France !","robots":{"index":"index","follow":"follow","max-snippet":"max-snippet:-1","max-image-preview":"max-image-preview:large","max-video-preview":"max-video-preview:-1"},"canonical":"https:\/\/www.echoppe-francaise.fr\/blog\/sangles-pour-casques-et-appareils-photos\/","og_locale":"fr_FR","og_type":"article","og_title":"Sangle et dragonne pour casques et appareils photos - \u00c9choppe Fran\u00e7aise, le Blog","og_description":"Envie d'un accessoire utile pour transporter votre appareil photo ? Voici une collection de sangles faites main et made in France !","og_url":"https:\/\/www.echoppe-francaise.fr\/blog\/sangles-pour-casques-et-appareils-photos\/","og_site_name":"\u00c9choppe Fran\u00e7aise, le Blog","article_published_time":"2021-05-17T04:00:06+00:00","article_modified_time":"2026-01-19T15:23:11+00:00","og_image":[{"width":684,"height":1024,"url":"https:\/\/www.echoppe-francaise.fr\/blog\/wp-content\/uploads\/2021\/05\/CORREA-COMPACT-OTONO-5-1-684x1024.jpg","type":"image\/jpeg"}],"author":"AntoineR","twitter_card":"summary_large_image","twitter_misc":{"\u00c9crit par":"AntoineR","Dur\u00e9e de lecture estim\u00e9e":"7 minutes"},"schema":{"@context":"https:\/\/schema.org","@graph":[{"@type":"Article","@id":"https:\/\/www.echoppe-francaise.fr\/blog\/sangles-pour-casques-et-appareils-photos\/#article","isPartOf":{"@id":"https:\/\/www.echoppe-francaise.fr\/blog\/sangles-pour-casques-et-appareils-photos\/"},"author":{"name":"AntoineR","@id":"https:\/\/www.echoppe-francaise.fr\/blog\/#\/schema\/person\/eef9eb08fd5394e6899ff8e6c5045b52"},"headline":"Sangle et dragonne pour casques et appareils photos","datePublished":"2021-05-17T04:00:06+00:00","dateModified":"2026-01-19T15:23:11+00:00","mainEntityOfPage":{"@id":"https:\/\/www.echoppe-francaise.fr\/blog\/sangles-pour-casques-et-appareils-photos\/"},"wordCount":807,"commentCount":0,"publisher":{"@id":"https:\/\/www.echoppe-francaise.fr\/blog\/#organization"},"image":{"@id":"https:\/\/www.echoppe-francaise.fr\/blog\/sangles-pour-casques-et-appareils-photos\/#primaryimage"},"thumbnailUrl":"https:\/\/www.echoppe-francaise.fr\/blog\/wp-content\/uploads\/2021\/05\/CORREA-COMPACT-OTONO-5-1.jpg","keywords":["bijoux cr\u00e9ateurs en ligne","cr\u00e9ateurs fran\u00e7ais","Dragonnes fabriqu\u00e9es en France","made in france","Maroquinerie Fran\u00e7aise","sangle appareil photo","Sangle casque moto"],"articleSection":["PORTRAIT"],"inLanguage":"fr-FR","potentialAction":[{"@type":"CommentAction","name":"Comment","target":["https:\/\/www.echoppe-francaise.fr\/blog\/sangles-pour-casques-et-appareils-photos\/#respond"]}]},{"@type":"WebPage","@id":"https:\/\/www.echoppe-francaise.fr\/blog\/sangles-pour-casques-et-appareils-photos\/","url":"https:\/\/www.echoppe-francaise.fr\/blog\/sangles-pour-casques-et-appareils-photos\/","name":"Sangle et dragonne pour casques et appareils photos - \u00c9choppe Fran\u00e7aise, le Blog","isPartOf":{"@id":"https:\/\/www.echoppe-francaise.fr\/blog\/#website"},"primaryImageOfPage":{"@id":"https:\/\/www.echoppe-francaise.fr\/blog\/sangles-pour-casques-et-appareils-photos\/#primaryimage"},"image":{"@id":"https:\/\/www.echoppe-francaise.fr\/blog\/sangles-pour-casques-et-appareils-photos\/#primaryimage"},"thumbnailUrl":"https:\/\/www.echoppe-francaise.fr\/blog\/wp-content\/uploads\/2021\/05\/CORREA-COMPACT-OTONO-5-1.jpg","datePublished":"2021-05-17T04:00:06+00:00","dateModified":"2026-01-19T15:23:11+00:00","description":"Envie d'un accessoire utile pour transporter votre appareil photo ? Voici une collection de sangles faites main et made in France !","breadcrumb":{"@id":"https:\/\/www.echoppe-francaise.fr\/blog\/sangles-pour-casques-et-appareils-photos\/#breadcrumb"},"inLanguage":"fr-FR","potentialAction":[{"@type":"ReadAction","target":["https:\/\/www.echoppe-francaise.fr\/blog\/sangles-pour-casques-et-appareils-photos\/"]}]},{"@type":"ImageObject","inLanguage":"fr-FR","@id":"https:\/\/www.echoppe-francaise.fr\/blog\/sangles-pour-casques-et-appareils-photos\/#primaryimage","url":"https:\/\/www.echoppe-francaise.fr\/blog\/wp-content\/uploads\/2021\/05\/CORREA-COMPACT-OTONO-5-1.jpg","contentUrl":"https:\/\/www.echoppe-francaise.fr\/blog\/wp-content\/uploads\/2021\/05\/CORREA-COMPACT-OTONO-5-1.jpg","width":3444,"height":5159},{"@type":"BreadcrumbList","@id":"https:\/\/www.echoppe-francaise.fr\/blog\/sangles-pour-casques-et-appareils-photos\/#breadcrumb","itemListElement":[{"@type":"ListItem","position":1,"name":"Accueil","item":"https:\/\/www.echoppe-francaise.fr\/blog\/"},{"@type":"ListItem","position":2,"name":"Sangle et dragonne pour casques et appareils photos"}]},{"@type":"WebSite","@id":"https:\/\/www.echoppe-francaise.fr\/blog\/#website","url":"https:\/\/www.echoppe-francaise.fr\/blog\/","name":"\u00c9choppe Fran\u00e7aise, le Blog","description":"Le blog des Cr\u00e9atrices et Cr\u00e9ateurs fran\u00e7ais","publisher":{"@id":"https:\/\/www.echoppe-francaise.fr\/blog\/#organization"},"potentialAction":[{"@type":"SearchAction","target":{"@type":"EntryPoint","urlTemplate":"https:\/\/www.echoppe-francaise.fr\/blog\/?s={search_term_string}"},"query-input":{"@type":"PropertyValueSpecification","valueRequired":true,"valueName":"search_term_string"}}],"inLanguage":"fr-FR"},{"@type":"Organization","@id":"https:\/\/www.echoppe-francaise.fr\/blog\/#organization","name":"L'\u00e9choppe Fran\u00e7aise","url":"https:\/\/www.echoppe-francaise.fr\/blog\/","logo":{"@type":"ImageObject","inLanguage":"fr-FR","@id":"https:\/\/www.echoppe-francaise.fr\/blog\/#\/schema\/logo\/image\/","url":"https:\/\/www.echoppe-francaise.fr\/blog\/wp-content\/uploads\/2017\/04\/echoppe-francaise-logo-1489412704.png","contentUrl":"https:\/\/www.echoppe-francaise.fr\/blog\/wp-content\/uploads\/2017\/04\/echoppe-francaise-logo-1489412704.png","width":492,"height":270,"caption":"L'\u00e9choppe Fran\u00e7aise"},"image":{"@id":"https:\/\/www.echoppe-francaise.fr\/blog\/#\/schema\/logo\/image\/"}},{"@type":"Person","@id":"https:\/\/www.echoppe-francaise.fr\/blog\/#\/schema\/person\/eef9eb08fd5394e6899ff8e6c5045b52","name":"AntoineR","image":{"@type":"ImageObject","inLanguage":"fr-FR","@id":"https:\/\/secure.gravatar.com\/avatar\/11538476e65f843df3f3d146f6b3798ffda7e7510e46d9566b2379eca1b1cf4d?s=96&d=mm&r=g","url":"https:\/\/secure.gravatar.com\/avatar\/11538476e65f843df3f3d146f6b3798ffda7e7510e46d9566b2379eca1b1cf4d?s=96&d=mm&r=g","contentUrl":"https:\/\/secure.gravatar.com\/avatar\/11538476e65f843df3f3d146f6b3798ffda7e7510e46d9566b2379eca1b1cf4d?s=96&d=mm&r=g","caption":"AntoineR"},"url":"https:\/\/www.echoppe-francaise.fr\/blog\/author\/antoiner\/"}]}},"_links":{"self":[{"href":"https:\/\/www.echoppe-francaise.fr\/blog\/wp-json\/wp\/v2\/posts\/753","targetHints":{"allow":["GET"]}}],"collection":[{"href":"https:\/\/www.echoppe-francaise.fr\/blog\/wp-json\/wp\/v2\/posts"}],"about":[{"href":"https:\/\/www.echoppe-francaise.fr\/blog\/wp-json\/wp\/v2\/types\/post"}],"author":[{"embeddable":true,"href":"https:\/\/www.echoppe-francaise.fr\/blog\/wp-json\/wp\/v2\/users\/6"}],"replies":[{"embeddable":true,"href":"https:\/\/www.echoppe-francaise.fr\/blog\/wp-json\/wp\/v2\/comments?post=753"}],"version-history":[{"count":36,"href":"https:\/\/www.echoppe-francaise.fr\/blog\/wp-json\/wp\/v2\/posts\/753\/revisions"}],"predecessor-version":[{"id":2306,"href":"https:\/\/www.echoppe-francaise.fr\/blog\/wp-json\/wp\/v2\/posts\/753\/revisions\/2306"}],"wp:featuredmedia":[{"embeddable":true,"href":"https:\/\/www.echoppe-francaise.fr\/blog\/wp-json\/wp\/v2\/media\/781"}],"wp:attachment":[{"href":"https:\/\/www.echoppe-francaise.fr\/blog\/wp-json\/wp\/v2\/media?parent=753"}],"wp:term":[{"taxonomy":"category","embeddable":true,"href":"https:\/\/www.echoppe-francaise.fr\/blog\/wp-json\/wp\/v2\/categories?post=753"},{"taxonomy":"post_tag","embeddable":true,"href":"https:\/\/www.echoppe-francaise.fr\/blog\/wp-json\/wp\/v2\/tags?post=753"}],"curies":[{"name":"wp","href":"https:\/\/api.w.org\/{rel}","templated":true}]}}