{"id":492,"date":"2018-09-02T08:00:21","date_gmt":"2018-09-02T06:00:21","guid":{"rendered":"https:\/\/www.echoppe-francaise.fr\/blog\/?p=492"},"modified":"2018-08-30T16:29:39","modified_gmt":"2018-08-30T14:29:39","slug":"rentree-made-in-france","status":"publish","type":"post","link":"https:\/\/www.echoppe-francaise.fr\/blog\/rentree-made-in-france\/","title":{"rendered":"C&rsquo;est la rentr\u00e9e&#8230; en Made in France !"},"content":{"rendered":"<p>Et oui, je ne vous apprends rien, demain\u00a0c&rsquo;est officiellement la rentr\u00e9e ! Mais ce que vous ne savez pas encore, c&rsquo;est que c&rsquo;est aussi&#8230; <!--more-->mon anniversaire ! Petite, cette p\u00e9riode a toujours \u00e9t\u00e9 particuli\u00e8re pour moi, entre excitation de f\u00eater une ann\u00e9e de plus, et tristesse de\u00a0savoir que\u00a0ce jour est aussi synonyme de la fin des grandes vacances&#8230;<\/p>\n<p>Pour une fois, je l&rsquo;attendais avec impatience cette rentr\u00e9e car je vous pr\u00e9pare plein de belles choses pour cette fin d&rsquo;ann\u00e9e : de nouveaux cr\u00e9ateurs fran\u00e7ais,\u00a0de nouvelles fonctionnalit\u00e9s, des surprises pour le premier anniversaire de l&rsquo;Echoppe Fran\u00e7aise, et un beau programme pour No\u00ebl&#8230; J&rsquo;ai tellement h\u00e2te de vous d\u00e9voiler tout \u00e7a !<\/p>\n<p>En attendant, on\u00a0reprend en douceur, avec une jolie s\u00e9lection de rentr\u00e9e d&rsquo;articles Made in France, propos\u00e9s par nos chers cr\u00e9ateurs.<\/p>\n<h4>Look de rentr\u00e9e<\/h4>\n<p>L&rsquo;automne a d\u00e9j\u00e0 fait quelques apparitions, alors on ressort les manches longues et les couleurs de saison.<\/p>\n<figure style=\"width: 640px\" class=\"wp-caption aligncenter\"><a href=\"https:\/\/www.echoppe-francaise.fr\/femme\/32-jupe-tournelle-lagune.html\"><img loading=\"lazy\" decoding=\"async\" class=\"\" src=\"https:\/\/www.echoppe-francaise.fr\/202-large_default\/jupe-tournelle-lagune.jpg\" alt=\"Jupe made in France\" width=\"640\" height=\"640\" \/><\/a><figcaption class=\"wp-caption-text\"><a href=\"https:\/\/www.echoppe-francaise.fr\/femme\/32-jupe-tournelle-lagune.html\">Jupe Tournelle lagune en coton bio, 49\u20ac<\/a><\/figcaption><\/figure>\n<p>&nbsp;<\/p>\n<figure id=\"attachment_497\" aria-describedby=\"caption-attachment-497\" style=\"width: 640px\" class=\"wp-caption aligncenter\"><a href=\"https:\/\/www.echoppe-francaise.fr\/femme\/366-headband-rouge-bordeaux.html\"><img loading=\"lazy\" decoding=\"async\" class=\"wp-image-497\" src=\"https:\/\/www.echoppe-francaise.fr\/blog\/wp-content\/uploads\/2018\/08\/headband-lutece-bordeaux-pic3.jpg\" alt=\"Headband made in France\" width=\"640\" height=\"640\" srcset=\"https:\/\/www.echoppe-francaise.fr\/blog\/wp-content\/uploads\/2018\/08\/headband-lutece-bordeaux-pic3.jpg 897w, https:\/\/www.echoppe-francaise.fr\/blog\/wp-content\/uploads\/2018\/08\/headband-lutece-bordeaux-pic3-150x150.jpg 150w, https:\/\/www.echoppe-francaise.fr\/blog\/wp-content\/uploads\/2018\/08\/headband-lutece-bordeaux-pic3-300x300.jpg 300w, https:\/\/www.echoppe-francaise.fr\/blog\/wp-content\/uploads\/2018\/08\/headband-lutece-bordeaux-pic3-768x768.jpg 768w\" sizes=\"auto, (max-width: 640px) 100vw, 640px\" \/><\/a><figcaption id=\"caption-attachment-497\" class=\"wp-caption-text\"><a href=\"https:\/\/www.echoppe-francaise.fr\/femme\/366-headband-rouge-bordeaux.html\">Headband rouge bordeaux, 30\u20ac<\/a><\/figcaption><\/figure>\n<p>&nbsp;<\/p>\n<figure id=\"attachment_498\" aria-describedby=\"caption-attachment-498\" style=\"width: 640px\" class=\"wp-caption aligncenter\"><a href=\"https:\/\/www.echoppe-francaise.fr\/bijoux-createurs\/233-collier-plaque-or-martele-ates.html\"><img loading=\"lazy\" decoding=\"async\" class=\"wp-image-498\" src=\"https:\/\/www.echoppe-francaise.fr\/blog\/wp-content\/uploads\/2018\/08\/COLLIER-MEDAILLE-MARTELEE-ATES-1024x992.jpg\" alt=\"collier tendance de cr\u00e9ateur\" width=\"640\" height=\"620\" srcset=\"https:\/\/www.echoppe-francaise.fr\/blog\/wp-content\/uploads\/2018\/08\/COLLIER-MEDAILLE-MARTELEE-ATES-1024x992.jpg 1024w, https:\/\/www.echoppe-francaise.fr\/blog\/wp-content\/uploads\/2018\/08\/COLLIER-MEDAILLE-MARTELEE-ATES-300x291.jpg 300w, https:\/\/www.echoppe-francaise.fr\/blog\/wp-content\/uploads\/2018\/08\/COLLIER-MEDAILLE-MARTELEE-ATES-768x744.jpg 768w\" sizes=\"auto, (max-width: 640px) 100vw, 640px\" \/><\/a><figcaption id=\"caption-attachment-498\" class=\"wp-caption-text\"><a href=\"https:\/\/www.echoppe-francaise.fr\/bijoux-createurs\/233-collier-plaque-or-martele-ates.html\">Collier M\u00e9daille ATES, 49\u20ac<\/a><\/figcaption><\/figure>\n<p>&nbsp;<\/p>\n<figure id=\"attachment_499\" aria-describedby=\"caption-attachment-499\" style=\"width: 640px\" class=\"wp-caption aligncenter\"><a href=\"https:\/\/www.echoppe-francaise.fr\/sac-pochette-createur\/209-sac-simone-marron-maroquinerie.html\"><img loading=\"lazy\" decoding=\"async\" class=\"wp-image-499 size-large\" src=\"https:\/\/www.echoppe-francaise.fr\/blog\/wp-content\/uploads\/2018\/08\/DSC_0340-2-1024x1024.jpg\" alt=\"sac de cr\u00e9ateur fabriqu\u00e9 en France\" width=\"640\" height=\"640\" srcset=\"https:\/\/www.echoppe-francaise.fr\/blog\/wp-content\/uploads\/2018\/08\/DSC_0340-2-1024x1024.jpg 1024w, https:\/\/www.echoppe-francaise.fr\/blog\/wp-content\/uploads\/2018\/08\/DSC_0340-2-150x150.jpg 150w, https:\/\/www.echoppe-francaise.fr\/blog\/wp-content\/uploads\/2018\/08\/DSC_0340-2-300x300.jpg 300w, https:\/\/www.echoppe-francaise.fr\/blog\/wp-content\/uploads\/2018\/08\/DSC_0340-2-768x768.jpg 768w\" sizes=\"auto, (max-width: 640px) 100vw, 640px\" \/><\/a><figcaption id=\"caption-attachment-499\" class=\"wp-caption-text\"><a href=\"https:\/\/www.echoppe-francaise.fr\/sac-pochette-createur\/209-sac-simone-marron-maroquinerie.html\">Sac cabas Simone, 240\u20ac<\/a><\/figcaption><\/figure>\n<h4>Un bureau bien organis\u00e9<\/h4>\n<p>Que vous travailliez dans un open space ou de chez vous, voici les indispensables de la rentr\u00e9e, pour des journ\u00e9es\u00a0productives.<\/p>\n<p>&nbsp;<\/p>\n<figure id=\"attachment_503\" aria-describedby=\"caption-attachment-503\" style=\"width: 640px\" class=\"wp-caption aligncenter\"><a href=\"https:\/\/www.echoppe-francaise.fr\/deco\/97-porte-cartes-beton-paname-workshop.html\"><img loading=\"lazy\" decoding=\"async\" class=\"wp-image-503 size-large\" src=\"https:\/\/www.echoppe-francaise.fr\/blog\/wp-content\/uploads\/2018\/08\/P1020214-1024x1024.jpg\" alt=\"Objets d\u00e9co en b\u00e9ton made in france\" width=\"640\" height=\"640\" srcset=\"https:\/\/www.echoppe-francaise.fr\/blog\/wp-content\/uploads\/2018\/08\/P1020214-1024x1024.jpg 1024w, https:\/\/www.echoppe-francaise.fr\/blog\/wp-content\/uploads\/2018\/08\/P1020214-150x150.jpg 150w, https:\/\/www.echoppe-francaise.fr\/blog\/wp-content\/uploads\/2018\/08\/P1020214-300x300.jpg 300w, https:\/\/www.echoppe-francaise.fr\/blog\/wp-content\/uploads\/2018\/08\/P1020214-768x768.jpg 768w\" sizes=\"auto, (max-width: 640px) 100vw, 640px\" \/><\/a><figcaption id=\"caption-attachment-503\" class=\"wp-caption-text\"><a href=\"https:\/\/www.echoppe-francaise.fr\/deco\/97-porte-cartes-beton-paname-workshop.html\">Porte-cartes, 16\u20ac et petit pot en b\u00e9ton, 12\u20ac<\/a><\/figcaption><\/figure>\n<p>&nbsp;<\/p>\n<figure id=\"attachment_502\" aria-describedby=\"caption-attachment-502\" style=\"width: 640px\" class=\"wp-caption aligncenter\"><a href=\"https:\/\/www.echoppe-francaise.fr\/deco\/98-vide-poche-beton-gris-paname-workshop.html\"><img loading=\"lazy\" decoding=\"async\" class=\"wp-image-502 size-large\" src=\"https:\/\/www.echoppe-francaise.fr\/blog\/wp-content\/uploads\/2018\/08\/P1020201-1024x1024.jpg\" alt=\"vide poche en b\u00e9ton fabriqu\u00e9 \u00e0 la main en France\" width=\"640\" height=\"640\" srcset=\"https:\/\/www.echoppe-francaise.fr\/blog\/wp-content\/uploads\/2018\/08\/P1020201-1024x1024.jpg 1024w, https:\/\/www.echoppe-francaise.fr\/blog\/wp-content\/uploads\/2018\/08\/P1020201-150x150.jpg 150w, https:\/\/www.echoppe-francaise.fr\/blog\/wp-content\/uploads\/2018\/08\/P1020201-300x300.jpg 300w, https:\/\/www.echoppe-francaise.fr\/blog\/wp-content\/uploads\/2018\/08\/P1020201-768x768.jpg 768w\" sizes=\"auto, (max-width: 640px) 100vw, 640px\" \/><\/a><figcaption id=\"caption-attachment-502\" class=\"wp-caption-text\"><a href=\"https:\/\/www.echoppe-francaise.fr\/deco\/98-vide-poche-beton-gris-paname-workshop.html\">Vide-poche en b\u00e9ton, 40\u20ac<\/a><\/figcaption><\/figure>\n<p>&nbsp;<\/p>\n<figure id=\"attachment_504\" aria-describedby=\"caption-attachment-504\" style=\"width: 640px\" class=\"wp-caption aligncenter\"><a href=\"https:\/\/www.echoppe-francaise.fr\/epicerie\/342-the-bio-tonique-actifs.html\"><img loading=\"lazy\" decoding=\"async\" class=\"wp-image-504 size-large\" src=\"https:\/\/www.echoppe-francaise.fr\/blog\/wp-content\/uploads\/2018\/08\/The-Actifs-1024x1024.jpg\" alt=\"Th\u00e9 bio H\u00fcttli Tea\" width=\"640\" height=\"640\" srcset=\"https:\/\/www.echoppe-francaise.fr\/blog\/wp-content\/uploads\/2018\/08\/The-Actifs-1024x1024.jpg 1024w, https:\/\/www.echoppe-francaise.fr\/blog\/wp-content\/uploads\/2018\/08\/The-Actifs-150x150.jpg 150w, https:\/\/www.echoppe-francaise.fr\/blog\/wp-content\/uploads\/2018\/08\/The-Actifs-300x300.jpg 300w, https:\/\/www.echoppe-francaise.fr\/blog\/wp-content\/uploads\/2018\/08\/The-Actifs-768x768.jpg 768w, https:\/\/www.echoppe-francaise.fr\/blog\/wp-content\/uploads\/2018\/08\/The-Actifs.jpg 1500w\" sizes=\"auto, (max-width: 640px) 100vw, 640px\" \/><\/a><figcaption id=\"caption-attachment-504\" class=\"wp-caption-text\"><a href=\"https:\/\/www.echoppe-francaise.fr\/epicerie\/342-the-bio-tonique-actifs.html\">Th\u00e9 des actifs Bio, 8,90\u20ac<\/a><\/figcaption><\/figure>\n<p>&nbsp;<\/p>\n<figure id=\"attachment_505\" aria-describedby=\"caption-attachment-505\" style=\"width: 640px\" class=\"wp-caption aligncenter\"><a href=\"https:\/\/www.echoppe-francaise.fr\/trousse\/156-trousse-ethnique-parenthese.html\"><img loading=\"lazy\" decoding=\"async\" class=\"wp-image-505\" src=\"https:\/\/www.echoppe-francaise.fr\/blog\/wp-content\/uploads\/2018\/08\/ethnique_trousse2.jpeg\" alt=\"Trousse fabriqu\u00e9e en France\" width=\"640\" height=\"640\" srcset=\"https:\/\/www.echoppe-francaise.fr\/blog\/wp-content\/uploads\/2018\/08\/ethnique_trousse2.jpeg 847w, https:\/\/www.echoppe-francaise.fr\/blog\/wp-content\/uploads\/2018\/08\/ethnique_trousse2-150x150.jpeg 150w, https:\/\/www.echoppe-francaise.fr\/blog\/wp-content\/uploads\/2018\/08\/ethnique_trousse2-300x300.jpeg 300w, https:\/\/www.echoppe-francaise.fr\/blog\/wp-content\/uploads\/2018\/08\/ethnique_trousse2-768x768.jpeg 768w\" sizes=\"auto, (max-width: 640px) 100vw, 640px\" \/><\/a><figcaption id=\"caption-attachment-505\" class=\"wp-caption-text\"><a href=\"https:\/\/www.echoppe-francaise.fr\/trousse\/156-trousse-ethnique-parenthese.html\">Trousse ethnique, 17,90\u20ac<\/a><\/figcaption><\/figure>\n<h4>Direction le sport !<\/h4>\n<p>Vous \u00eates plut\u00f4t sport pendant la pause d\u00e9jeuner ou le soir apr\u00e8s une grosse journ\u00e9e ? Dans les deux cas, voici vos indispensables.<\/p>\n<figure id=\"attachment_506\" aria-describedby=\"caption-attachment-506\" style=\"width: 640px\" class=\"wp-caption aligncenter\"><a href=\"https:\/\/www.echoppe-francaise.fr\/sport_33\"><img loading=\"lazy\" decoding=\"async\" class=\"wp-image-506 size-large\" src=\"https:\/\/www.echoppe-francaise.fr\/blog\/wp-content\/uploads\/2018\/08\/3-497A2530-copie-987x1024.jpg\" alt=\"Tenue de sport Oeko tex, fabriqu\u00e9e en France \u00e0 Paris\" width=\"640\" height=\"664\" srcset=\"https:\/\/www.echoppe-francaise.fr\/blog\/wp-content\/uploads\/2018\/08\/3-497A2530-copie-987x1024.jpg 987w, https:\/\/www.echoppe-francaise.fr\/blog\/wp-content\/uploads\/2018\/08\/3-497A2530-copie-289x300.jpg 289w, https:\/\/www.echoppe-francaise.fr\/blog\/wp-content\/uploads\/2018\/08\/3-497A2530-copie-768x797.jpg 768w, https:\/\/www.echoppe-francaise.fr\/blog\/wp-content\/uploads\/2018\/08\/3-497A2530-copie.jpg 1400w\" sizes=\"auto, (max-width: 640px) 100vw, 640px\" \/><\/a><figcaption id=\"caption-attachment-506\" class=\"wp-caption-text\"><a href=\"https:\/\/www.echoppe-francaise.fr\/sport_33\">T-shirt Lomasi, 78\u20ac et Legging Heta, 98\u20ac<\/a><\/figcaption><\/figure>\n<p>&nbsp;<\/p>\n<figure id=\"attachment_278\" aria-describedby=\"caption-attachment-278\" style=\"width: 640px\" class=\"wp-caption aligncenter\"><a href=\"https:\/\/www.echoppe-francaise.fr\/epicerie\/334-barres-energetiques-bio.html\"><img loading=\"lazy\" decoding=\"async\" class=\"wp-image-278 size-large\" src=\"https:\/\/www.echoppe-francaise.fr\/blog\/wp-content\/uploads\/2018\/04\/P1030269-1024x1024.jpg\" alt=\"barres energ\u00e9tiques pour sportifs\" width=\"640\" height=\"640\" srcset=\"https:\/\/www.echoppe-francaise.fr\/blog\/wp-content\/uploads\/2018\/04\/P1030269-1024x1024.jpg 1024w, https:\/\/www.echoppe-francaise.fr\/blog\/wp-content\/uploads\/2018\/04\/P1030269-150x150.jpg 150w, https:\/\/www.echoppe-francaise.fr\/blog\/wp-content\/uploads\/2018\/04\/P1030269-300x300.jpg 300w, https:\/\/www.echoppe-francaise.fr\/blog\/wp-content\/uploads\/2018\/04\/P1030269-768x768.jpg 768w, https:\/\/www.echoppe-francaise.fr\/blog\/wp-content\/uploads\/2018\/04\/P1030269.jpg 1500w\" sizes=\"auto, (max-width: 640px) 100vw, 640px\" \/><\/a><figcaption id=\"caption-attachment-278\" class=\"wp-caption-text\"><a href=\"https:\/\/www.echoppe-francaise.fr\/epicerie\/334-barres-energetiques-bio.html\">8 barres \u00e9nerg\u00e9tiques bio, 20\u20ac<\/a><\/figcaption><\/figure>\n<p>&nbsp;<\/p>\n<figure id=\"attachment_507\" aria-describedby=\"caption-attachment-507\" style=\"width: 640px\" class=\"wp-caption aligncenter\"><a href=\"https:\/\/www.echoppe-francaise.fr\/femme\/134-sangle-tapis-yoga-kitiwake.html\"><img loading=\"lazy\" decoding=\"async\" class=\"wp-image-507\" src=\"https:\/\/www.echoppe-francaise.fr\/blog\/wp-content\/uploads\/2018\/08\/sangle-aponi-2.jpg\" alt=\"sangle pour tapis de yoga made in France\" width=\"640\" height=\"640\" srcset=\"https:\/\/www.echoppe-francaise.fr\/blog\/wp-content\/uploads\/2018\/08\/sangle-aponi-2.jpg 992w, https:\/\/www.echoppe-francaise.fr\/blog\/wp-content\/uploads\/2018\/08\/sangle-aponi-2-150x150.jpg 150w, https:\/\/www.echoppe-francaise.fr\/blog\/wp-content\/uploads\/2018\/08\/sangle-aponi-2-300x300.jpg 300w, https:\/\/www.echoppe-francaise.fr\/blog\/wp-content\/uploads\/2018\/08\/sangle-aponi-2-768x768.jpg 768w\" sizes=\"auto, (max-width: 640px) 100vw, 640px\" \/><\/a><figcaption id=\"caption-attachment-507\" class=\"wp-caption-text\"><a href=\"https:\/\/www.echoppe-francaise.fr\/femme\/134-sangle-tapis-yoga-kitiwake.html\">Sangle Tapis de Yoga, 14\u20ac<\/a><\/figcaption><\/figure>\n<p>&nbsp;<\/p>\n<p>Alors, elle vous plait cette s\u00e9lection ? Vous n&rsquo;avez\u00a0plus d&rsquo;excuse pour ne pas d\u00e9marrer cette rentr\u00e9e en Made in France \ud83d\ude09<\/p>\n<p>Affectueusement,<br \/>\nFanny<\/p>\n","protected":false},"excerpt":{"rendered":"<p>Et oui, je ne vous apprends rien, demain\u00a0c&rsquo;est officiellement la rentr\u00e9e ! Mais ce que vous ne savez pas encore, c&rsquo;est que c&rsquo;est aussi&#8230;<\/p>\n","protected":false},"author":6,"featured_media":518,"comment_status":"open","ping_status":"open","sticky":false,"template":"","format":"standard","meta":{"_crdt_document":"","neve_meta_sidebar":"","neve_meta_container":"","neve_meta_enable_content_width":"","neve_meta_content_width":0,"neve_meta_title_alignment":"","neve_meta_author_avatar":"","neve_post_elements_order":"","neve_meta_disable_header":"","neve_meta_disable_footer":"","neve_meta_disable_title":"","footnotes":""},"categories":[11],"tags":[7,59,8,66,4,65],"class_list":["post-492","post","type-post","status-publish","format-standard","has-post-thumbnail","hentry","category-news","tag-fabrication-francaise","tag-fabrication-locale","tag-fabrique-en-france","tag-fait-main","tag-made-in-france","tag-rentree"],"yoast_head":"<!-- This site is optimized with the Yoast SEO plugin v27.5 - https:\/\/yoast.com\/product\/yoast-seo-wordpress\/ -->\n<title>C&#039;est la rentr\u00e9e... en Made in France ! - \u00c9choppe Fran\u00e7aise, le Blog<\/title>\n<meta name=\"description\" content=\"L&#039;Echoppe Fran\u00e7aise fait sa rentr\u00e9e et vous propose sa s\u00e9lection pour la d\u00e9marrer dans les meilleures conditions, en Made in France : tenue, bureau et sport\" \/>\n<meta name=\"robots\" content=\"index, follow, max-snippet:-1, max-image-preview:large, max-video-preview:-1\" \/>\n<link rel=\"canonical\" href=\"https:\/\/www.echoppe-francaise.fr\/blog\/rentree-made-in-france\/\" \/>\n<meta property=\"og:locale\" content=\"fr_FR\" \/>\n<meta property=\"og:type\" content=\"article\" \/>\n<meta property=\"og:title\" content=\"C&#039;est la rentr\u00e9e... en Made in France ! - \u00c9choppe Fran\u00e7aise, le Blog\" \/>\n<meta property=\"og:description\" content=\"L&#039;Echoppe Fran\u00e7aise fait sa rentr\u00e9e et vous propose sa s\u00e9lection pour la d\u00e9marrer dans les meilleures conditions, en Made in France : tenue, bureau et sport\" \/>\n<meta property=\"og:url\" content=\"https:\/\/www.echoppe-francaise.fr\/blog\/rentree-made-in-france\/\" \/>\n<meta property=\"og:site_name\" content=\"\u00c9choppe Fran\u00e7aise, le Blog\" \/>\n<meta property=\"article:published_time\" content=\"2018-09-02T06:00:21+00:00\" \/>\n<meta property=\"og:image\" content=\"https:\/\/www.echoppe-francaise.fr\/blog\/wp-content\/uploads\/2018\/08\/P1020160.jpg\" \/>\n\t<meta property=\"og:image:width\" content=\"2322\" \/>\n\t<meta property=\"og:image:height\" content=\"2303\" \/>\n\t<meta property=\"og:image:type\" content=\"image\/jpeg\" \/>\n<meta name=\"author\" content=\"AntoineR\" \/>\n<meta name=\"twitter:card\" content=\"summary_large_image\" \/>\n<meta name=\"twitter:label1\" content=\"\u00c9crit par\" \/>\n\t<meta name=\"twitter:data1\" content=\"AntoineR\" \/>\n\t<meta name=\"twitter:label2\" content=\"Dur\u00e9e de lecture estim\u00e9e\" \/>\n\t<meta name=\"twitter:data2\" content=\"2 minutes\" \/>\n<script type=\"application\/ld+json\" class=\"yoast-schema-graph\">{\"@context\":\"https:\\\/\\\/schema.org\",\"@graph\":[{\"@type\":\"Article\",\"@id\":\"https:\\\/\\\/www.echoppe-francaise.fr\\\/blog\\\/rentree-made-in-france\\\/#article\",\"isPartOf\":{\"@id\":\"https:\\\/\\\/www.echoppe-francaise.fr\\\/blog\\\/rentree-made-in-france\\\/\"},\"author\":{\"name\":\"AntoineR\",\"@id\":\"https:\\\/\\\/www.echoppe-francaise.fr\\\/blog\\\/#\\\/schema\\\/person\\\/eef9eb08fd5394e6899ff8e6c5045b52\"},\"headline\":\"C&rsquo;est la rentr\u00e9e&#8230; en Made in France !\",\"datePublished\":\"2018-09-02T06:00:21+00:00\",\"mainEntityOfPage\":{\"@id\":\"https:\\\/\\\/www.echoppe-francaise.fr\\\/blog\\\/rentree-made-in-france\\\/\"},\"wordCount\":393,\"commentCount\":0,\"publisher\":{\"@id\":\"https:\\\/\\\/www.echoppe-francaise.fr\\\/blog\\\/#organization\"},\"image\":{\"@id\":\"https:\\\/\\\/www.echoppe-francaise.fr\\\/blog\\\/rentree-made-in-france\\\/#primaryimage\"},\"thumbnailUrl\":\"https:\\\/\\\/www.echoppe-francaise.fr\\\/blog\\\/wp-content\\\/uploads\\\/2018\\\/08\\\/P1020160.jpg\",\"keywords\":[\"fabrication fran\u00e7aise\",\"fabrication locale\",\"fabriqu\u00e9 en France\",\"fait main\",\"made in france\",\"rentr\u00e9e\"],\"articleSection\":[\"NEWS\"],\"inLanguage\":\"fr-FR\",\"potentialAction\":[{\"@type\":\"CommentAction\",\"name\":\"Comment\",\"target\":[\"https:\\\/\\\/www.echoppe-francaise.fr\\\/blog\\\/rentree-made-in-france\\\/#respond\"]}]},{\"@type\":\"WebPage\",\"@id\":\"https:\\\/\\\/www.echoppe-francaise.fr\\\/blog\\\/rentree-made-in-france\\\/\",\"url\":\"https:\\\/\\\/www.echoppe-francaise.fr\\\/blog\\\/rentree-made-in-france\\\/\",\"name\":\"C'est la rentr\u00e9e... en Made in France ! - \u00c9choppe Fran\u00e7aise, le Blog\",\"isPartOf\":{\"@id\":\"https:\\\/\\\/www.echoppe-francaise.fr\\\/blog\\\/#website\"},\"primaryImageOfPage\":{\"@id\":\"https:\\\/\\\/www.echoppe-francaise.fr\\\/blog\\\/rentree-made-in-france\\\/#primaryimage\"},\"image\":{\"@id\":\"https:\\\/\\\/www.echoppe-francaise.fr\\\/blog\\\/rentree-made-in-france\\\/#primaryimage\"},\"thumbnailUrl\":\"https:\\\/\\\/www.echoppe-francaise.fr\\\/blog\\\/wp-content\\\/uploads\\\/2018\\\/08\\\/P1020160.jpg\",\"datePublished\":\"2018-09-02T06:00:21+00:00\",\"description\":\"L'Echoppe Fran\u00e7aise fait sa rentr\u00e9e et vous propose sa s\u00e9lection pour la d\u00e9marrer dans les meilleures conditions, en Made in France : tenue, bureau et sport\",\"breadcrumb\":{\"@id\":\"https:\\\/\\\/www.echoppe-francaise.fr\\\/blog\\\/rentree-made-in-france\\\/#breadcrumb\"},\"inLanguage\":\"fr-FR\",\"potentialAction\":[{\"@type\":\"ReadAction\",\"target\":[\"https:\\\/\\\/www.echoppe-francaise.fr\\\/blog\\\/rentree-made-in-france\\\/\"]}]},{\"@type\":\"ImageObject\",\"inLanguage\":\"fr-FR\",\"@id\":\"https:\\\/\\\/www.echoppe-francaise.fr\\\/blog\\\/rentree-made-in-france\\\/#primaryimage\",\"url\":\"https:\\\/\\\/www.echoppe-francaise.fr\\\/blog\\\/wp-content\\\/uploads\\\/2018\\\/08\\\/P1020160.jpg\",\"contentUrl\":\"https:\\\/\\\/www.echoppe-francaise.fr\\\/blog\\\/wp-content\\\/uploads\\\/2018\\\/08\\\/P1020160.jpg\",\"width\":2322,\"height\":2303,\"caption\":\"Pot en b\u00e9ton fabrication fran\u00e7aise\"},{\"@type\":\"BreadcrumbList\",\"@id\":\"https:\\\/\\\/www.echoppe-francaise.fr\\\/blog\\\/rentree-made-in-france\\\/#breadcrumb\",\"itemListElement\":[{\"@type\":\"ListItem\",\"position\":1,\"name\":\"Accueil\",\"item\":\"https:\\\/\\\/www.echoppe-francaise.fr\\\/blog\\\/\"},{\"@type\":\"ListItem\",\"position\":2,\"name\":\"C&rsquo;est la rentr\u00e9e&#8230; en Made in France !\"}]},{\"@type\":\"WebSite\",\"@id\":\"https:\\\/\\\/www.echoppe-francaise.fr\\\/blog\\\/#website\",\"url\":\"https:\\\/\\\/www.echoppe-francaise.fr\\\/blog\\\/\",\"name\":\"\u00c9choppe Fran\u00e7aise, le Blog\",\"description\":\"Le blog des Cr\u00e9atrices et Cr\u00e9ateurs fran\u00e7ais\",\"publisher\":{\"@id\":\"https:\\\/\\\/www.echoppe-francaise.fr\\\/blog\\\/#organization\"},\"potentialAction\":[{\"@type\":\"SearchAction\",\"target\":{\"@type\":\"EntryPoint\",\"urlTemplate\":\"https:\\\/\\\/www.echoppe-francaise.fr\\\/blog\\\/?s={search_term_string}\"},\"query-input\":{\"@type\":\"PropertyValueSpecification\",\"valueRequired\":true,\"valueName\":\"search_term_string\"}}],\"inLanguage\":\"fr-FR\"},{\"@type\":\"Organization\",\"@id\":\"https:\\\/\\\/www.echoppe-francaise.fr\\\/blog\\\/#organization\",\"name\":\"L'\u00e9choppe Fran\u00e7aise\",\"url\":\"https:\\\/\\\/www.echoppe-francaise.fr\\\/blog\\\/\",\"logo\":{\"@type\":\"ImageObject\",\"inLanguage\":\"fr-FR\",\"@id\":\"https:\\\/\\\/www.echoppe-francaise.fr\\\/blog\\\/#\\\/schema\\\/logo\\\/image\\\/\",\"url\":\"https:\\\/\\\/www.echoppe-francaise.fr\\\/blog\\\/wp-content\\\/uploads\\\/2017\\\/04\\\/echoppe-francaise-logo-1489412704.png\",\"contentUrl\":\"https:\\\/\\\/www.echoppe-francaise.fr\\\/blog\\\/wp-content\\\/uploads\\\/2017\\\/04\\\/echoppe-francaise-logo-1489412704.png\",\"width\":492,\"height\":270,\"caption\":\"L'\u00e9choppe Fran\u00e7aise\"},\"image\":{\"@id\":\"https:\\\/\\\/www.echoppe-francaise.fr\\\/blog\\\/#\\\/schema\\\/logo\\\/image\\\/\"}},{\"@type\":\"Person\",\"@id\":\"https:\\\/\\\/www.echoppe-francaise.fr\\\/blog\\\/#\\\/schema\\\/person\\\/eef9eb08fd5394e6899ff8e6c5045b52\",\"name\":\"AntoineR\",\"image\":{\"@type\":\"ImageObject\",\"inLanguage\":\"fr-FR\",\"@id\":\"https:\\\/\\\/secure.gravatar.com\\\/avatar\\\/11538476e65f843df3f3d146f6b3798ffda7e7510e46d9566b2379eca1b1cf4d?s=96&d=mm&r=g\",\"url\":\"https:\\\/\\\/secure.gravatar.com\\\/avatar\\\/11538476e65f843df3f3d146f6b3798ffda7e7510e46d9566b2379eca1b1cf4d?s=96&d=mm&r=g\",\"contentUrl\":\"https:\\\/\\\/secure.gravatar.com\\\/avatar\\\/11538476e65f843df3f3d146f6b3798ffda7e7510e46d9566b2379eca1b1cf4d?s=96&d=mm&r=g\",\"caption\":\"AntoineR\"},\"url\":\"https:\\\/\\\/www.echoppe-francaise.fr\\\/blog\\\/author\\\/antoiner\\\/\"}]}<\/script>\n<!-- \/ Yoast SEO plugin. -->","yoast_head_json":{"title":"C'est la rentr\u00e9e... en Made in France ! - \u00c9choppe Fran\u00e7aise, le Blog","description":"L'Echoppe Fran\u00e7aise fait sa rentr\u00e9e et vous propose sa s\u00e9lection pour la d\u00e9marrer dans les meilleures conditions, en Made in France : tenue, bureau et sport","robots":{"index":"index","follow":"follow","max-snippet":"max-snippet:-1","max-image-preview":"max-image-preview:large","max-video-preview":"max-video-preview:-1"},"canonical":"https:\/\/www.echoppe-francaise.fr\/blog\/rentree-made-in-france\/","og_locale":"fr_FR","og_type":"article","og_title":"C'est la rentr\u00e9e... en Made in France ! - \u00c9choppe Fran\u00e7aise, le Blog","og_description":"L'Echoppe Fran\u00e7aise fait sa rentr\u00e9e et vous propose sa s\u00e9lection pour la d\u00e9marrer dans les meilleures conditions, en Made in France : tenue, bureau et sport","og_url":"https:\/\/www.echoppe-francaise.fr\/blog\/rentree-made-in-france\/","og_site_name":"\u00c9choppe Fran\u00e7aise, le Blog","article_published_time":"2018-09-02T06:00:21+00:00","og_image":[{"width":2322,"height":2303,"url":"https:\/\/www.echoppe-francaise.fr\/blog\/wp-content\/uploads\/2018\/08\/P1020160.jpg","type":"image\/jpeg"}],"author":"AntoineR","twitter_card":"summary_large_image","twitter_misc":{"\u00c9crit par":"AntoineR","Dur\u00e9e de lecture estim\u00e9e":"2 minutes"},"schema":{"@context":"https:\/\/schema.org","@graph":[{"@type":"Article","@id":"https:\/\/www.echoppe-francaise.fr\/blog\/rentree-made-in-france\/#article","isPartOf":{"@id":"https:\/\/www.echoppe-francaise.fr\/blog\/rentree-made-in-france\/"},"author":{"name":"AntoineR","@id":"https:\/\/www.echoppe-francaise.fr\/blog\/#\/schema\/person\/eef9eb08fd5394e6899ff8e6c5045b52"},"headline":"C&rsquo;est la rentr\u00e9e&#8230; en Made in France !","datePublished":"2018-09-02T06:00:21+00:00","mainEntityOfPage":{"@id":"https:\/\/www.echoppe-francaise.fr\/blog\/rentree-made-in-france\/"},"wordCount":393,"commentCount":0,"publisher":{"@id":"https:\/\/www.echoppe-francaise.fr\/blog\/#organization"},"image":{"@id":"https:\/\/www.echoppe-francaise.fr\/blog\/rentree-made-in-france\/#primaryimage"},"thumbnailUrl":"https:\/\/www.echoppe-francaise.fr\/blog\/wp-content\/uploads\/2018\/08\/P1020160.jpg","keywords":["fabrication fran\u00e7aise","fabrication locale","fabriqu\u00e9 en France","fait main","made in france","rentr\u00e9e"],"articleSection":["NEWS"],"inLanguage":"fr-FR","potentialAction":[{"@type":"CommentAction","name":"Comment","target":["https:\/\/www.echoppe-francaise.fr\/blog\/rentree-made-in-france\/#respond"]}]},{"@type":"WebPage","@id":"https:\/\/www.echoppe-francaise.fr\/blog\/rentree-made-in-france\/","url":"https:\/\/www.echoppe-francaise.fr\/blog\/rentree-made-in-france\/","name":"C'est la rentr\u00e9e... en Made in France ! - \u00c9choppe Fran\u00e7aise, le Blog","isPartOf":{"@id":"https:\/\/www.echoppe-francaise.fr\/blog\/#website"},"primaryImageOfPage":{"@id":"https:\/\/www.echoppe-francaise.fr\/blog\/rentree-made-in-france\/#primaryimage"},"image":{"@id":"https:\/\/www.echoppe-francaise.fr\/blog\/rentree-made-in-france\/#primaryimage"},"thumbnailUrl":"https:\/\/www.echoppe-francaise.fr\/blog\/wp-content\/uploads\/2018\/08\/P1020160.jpg","datePublished":"2018-09-02T06:00:21+00:00","description":"L'Echoppe Fran\u00e7aise fait sa rentr\u00e9e et vous propose sa s\u00e9lection pour la d\u00e9marrer dans les meilleures conditions, en Made in France : tenue, bureau et sport","breadcrumb":{"@id":"https:\/\/www.echoppe-francaise.fr\/blog\/rentree-made-in-france\/#breadcrumb"},"inLanguage":"fr-FR","potentialAction":[{"@type":"ReadAction","target":["https:\/\/www.echoppe-francaise.fr\/blog\/rentree-made-in-france\/"]}]},{"@type":"ImageObject","inLanguage":"fr-FR","@id":"https:\/\/www.echoppe-francaise.fr\/blog\/rentree-made-in-france\/#primaryimage","url":"https:\/\/www.echoppe-francaise.fr\/blog\/wp-content\/uploads\/2018\/08\/P1020160.jpg","contentUrl":"https:\/\/www.echoppe-francaise.fr\/blog\/wp-content\/uploads\/2018\/08\/P1020160.jpg","width":2322,"height":2303,"caption":"Pot en b\u00e9ton fabrication fran\u00e7aise"},{"@type":"BreadcrumbList","@id":"https:\/\/www.echoppe-francaise.fr\/blog\/rentree-made-in-france\/#breadcrumb","itemListElement":[{"@type":"ListItem","position":1,"name":"Accueil","item":"https:\/\/www.echoppe-francaise.fr\/blog\/"},{"@type":"ListItem","position":2,"name":"C&rsquo;est la rentr\u00e9e&#8230; en Made in France !"}]},{"@type":"WebSite","@id":"https:\/\/www.echoppe-francaise.fr\/blog\/#website","url":"https:\/\/www.echoppe-francaise.fr\/blog\/","name":"\u00c9choppe Fran\u00e7aise, le Blog","description":"Le blog des Cr\u00e9atrices et Cr\u00e9ateurs fran\u00e7ais","publisher":{"@id":"https:\/\/www.echoppe-francaise.fr\/blog\/#organization"},"potentialAction":[{"@type":"SearchAction","target":{"@type":"EntryPoint","urlTemplate":"https:\/\/www.echoppe-francaise.fr\/blog\/?s={search_term_string}"},"query-input":{"@type":"PropertyValueSpecification","valueRequired":true,"valueName":"search_term_string"}}],"inLanguage":"fr-FR"},{"@type":"Organization","@id":"https:\/\/www.echoppe-francaise.fr\/blog\/#organization","name":"L'\u00e9choppe Fran\u00e7aise","url":"https:\/\/www.echoppe-francaise.fr\/blog\/","logo":{"@type":"ImageObject","inLanguage":"fr-FR","@id":"https:\/\/www.echoppe-francaise.fr\/blog\/#\/schema\/logo\/image\/","url":"https:\/\/www.echoppe-francaise.fr\/blog\/wp-content\/uploads\/2017\/04\/echoppe-francaise-logo-1489412704.png","contentUrl":"https:\/\/www.echoppe-francaise.fr\/blog\/wp-content\/uploads\/2017\/04\/echoppe-francaise-logo-1489412704.png","width":492,"height":270,"caption":"L'\u00e9choppe Fran\u00e7aise"},"image":{"@id":"https:\/\/www.echoppe-francaise.fr\/blog\/#\/schema\/logo\/image\/"}},{"@type":"Person","@id":"https:\/\/www.echoppe-francaise.fr\/blog\/#\/schema\/person\/eef9eb08fd5394e6899ff8e6c5045b52","name":"AntoineR","image":{"@type":"ImageObject","inLanguage":"fr-FR","@id":"https:\/\/secure.gravatar.com\/avatar\/11538476e65f843df3f3d146f6b3798ffda7e7510e46d9566b2379eca1b1cf4d?s=96&d=mm&r=g","url":"https:\/\/secure.gravatar.com\/avatar\/11538476e65f843df3f3d146f6b3798ffda7e7510e46d9566b2379eca1b1cf4d?s=96&d=mm&r=g","contentUrl":"https:\/\/secure.gravatar.com\/avatar\/11538476e65f843df3f3d146f6b3798ffda7e7510e46d9566b2379eca1b1cf4d?s=96&d=mm&r=g","caption":"AntoineR"},"url":"https:\/\/www.echoppe-francaise.fr\/blog\/author\/antoiner\/"}]}},"_links":{"self":[{"href":"https:\/\/www.echoppe-francaise.fr\/blog\/wp-json\/wp\/v2\/posts\/492","targetHints":{"allow":["GET"]}}],"collection":[{"href":"https:\/\/www.echoppe-francaise.fr\/blog\/wp-json\/wp\/v2\/posts"}],"about":[{"href":"https:\/\/www.echoppe-francaise.fr\/blog\/wp-json\/wp\/v2\/types\/post"}],"author":[{"embeddable":true,"href":"https:\/\/www.echoppe-francaise.fr\/blog\/wp-json\/wp\/v2\/users\/6"}],"replies":[{"embeddable":true,"href":"https:\/\/www.echoppe-francaise.fr\/blog\/wp-json\/wp\/v2\/comments?post=492"}],"version-history":[{"count":18,"href":"https:\/\/www.echoppe-francaise.fr\/blog\/wp-json\/wp\/v2\/posts\/492\/revisions"}],"predecessor-version":[{"id":522,"href":"https:\/\/www.echoppe-francaise.fr\/blog\/wp-json\/wp\/v2\/posts\/492\/revisions\/522"}],"wp:featuredmedia":[{"embeddable":true,"href":"https:\/\/www.echoppe-francaise.fr\/blog\/wp-json\/wp\/v2\/media\/518"}],"wp:attachment":[{"href":"https:\/\/www.echoppe-francaise.fr\/blog\/wp-json\/wp\/v2\/media?parent=492"}],"wp:term":[{"taxonomy":"category","embeddable":true,"href":"https:\/\/www.echoppe-francaise.fr\/blog\/wp-json\/wp\/v2\/categories?post=492"},{"taxonomy":"post_tag","embeddable":true,"href":"https:\/\/www.echoppe-francaise.fr\/blog\/wp-json\/wp\/v2\/tags?post=492"}],"curies":[{"name":"wp","href":"https:\/\/api.w.org\/{rel}","templated":true}]}}