{"id":465,"date":"2018-07-06T11:10:58","date_gmt":"2018-07-06T09:10:58","guid":{"rendered":"https:\/\/www.echoppe-francaise.fr\/blog\/?p=465"},"modified":"2018-07-06T13:57:13","modified_gmt":"2018-07-06T11:57:13","slug":"parenthese-vous-invite-au-voyage","status":"publish","type":"post","link":"https:\/\/www.echoppe-francaise.fr\/blog\/parenthese-vous-invite-au-voyage\/","title":{"rendered":"Parenth\u00e8se vous invite au voyage"},"content":{"rendered":"<p>Un nouveau portrait aujourd&rsquo;hui, avec la plus espagnole de nos cr\u00e9atrices \u00ab\u00a0Made in France\u00a0\u00bb. Rencontre avec Alejandra\u00a0qui a fond\u00e9 la marque de sangles pour appareil photo Parenth\u00e8se.<\/p>\n<h4><em><strong>Alejandra, tu es une espagnole install\u00e9e \u00e0 Paris depuis quelques ann\u00e9es. <\/strong><\/em><em><strong>Raconte-nous comment tu es arriv\u00e9e en France.<\/strong><\/em><\/h4>\n<p style=\"font-weight: 400;\">\u00c7a peut faire un peu clich\u00e9, mais par amour !! Cela fait d\u00e9j\u00e0 6 ans que je suis arriv\u00e9e en France. La premi\u00e8re ann\u00e9e a \u00e9t\u00e9 un peu compliqu\u00e9e parce que j\u2019habitais une petite ville en Normandie et je ne parlais pas fran\u00e7ais. Mais maintenant \u00e7a va, je me d\u00e9brouille plut\u00f4t bien en fran\u00e7ais et j\u2019adore Paris.<\/p>\n<h4 style=\"font-weight: 400;\"><em><strong>Comment t\u2019est venue l\u2019id\u00e9e de te lancer et cr\u00e9er des sangles pour appareil photo, ton produit phare\u00a0?<\/strong><\/em><\/h4>\n<p>C\u2019est arriv\u00e9 un peu par hasard.\u00a0\u00c0 la base, j\u2019ai suivi un cursus en \u00ab\u00a0administration et direction des entreprises\u00a0\u00bb et quand je suis partie de Santander (la ville d\u2019o\u00f9 je suis originaire en Espagne),\u00a0 j\u2019ai travaill\u00e9 comme consultante.<\/p>\n<p style=\"font-weight: 400;\">Une fois arriv\u00e9e en France, j\u2019ai commenc\u00e9\u00a0par travailler dans une boutique pour apprendre le fran\u00e7ais et c&rsquo;est l\u00e0 que j&rsquo;ai eu mon premier contact avec la mode et la d\u00e9coration (ma deuxi\u00e8me passion). \u00c0\u00a0partir de ce moment, j\u2019ai eu la chance de rencontrer plusieurs personnes qui se sont lanc\u00e9es dans l&rsquo;entreprenariat pour\u00a0r\u00e9aliser leur r\u00eave, \u00e0 faire ce qui leur plaisait. \u00c7a m&rsquo;a donn\u00e9 envie et je me suis dit \u00ab\u00a0pourquoi pas moi\u00a0\u00bb ?<\/p>\n<p style=\"font-weight: 400;\">Je cherchais un produit original, peu commercialis\u00e9, et qui me ressemble.\u00a0C\u2019est comme \u00e7a que j\u2019ai commenc\u00e9 avec les sangles d\u2019appareil photo, qui r\u00e9unissaient toutes ces conditions.\u00a0Je n\u2019avais jamais pens\u00e9 cr\u00e9er ma propre entreprise, mais mes amis, ma famille et mon conjoint m&rsquo;ont encourag\u00e9e et c\u2019est comme \u00e7a que j&rsquo;ai commenc\u00e9, d&rsquo;abord chez moi, et maintenant dans mon atelier.<\/p>\n<p style=\"font-weight: 400;\"><img loading=\"lazy\" decoding=\"async\" class=\"wp-image-479 aligncenter\" src=\"https:\/\/www.echoppe-francaise.fr\/blog\/wp-content\/uploads\/2018\/07\/creatrice-parenthese-1024x1020.jpg\" alt=\"\" width=\"500\" height=\"498\" srcset=\"https:\/\/www.echoppe-francaise.fr\/blog\/wp-content\/uploads\/2018\/07\/creatrice-parenthese-1024x1020.jpg 1024w, https:\/\/www.echoppe-francaise.fr\/blog\/wp-content\/uploads\/2018\/07\/creatrice-parenthese-150x150.jpg 150w, https:\/\/www.echoppe-francaise.fr\/blog\/wp-content\/uploads\/2018\/07\/creatrice-parenthese-300x300.jpg 300w, https:\/\/www.echoppe-francaise.fr\/blog\/wp-content\/uploads\/2018\/07\/creatrice-parenthese-768x765.jpg 768w\" sizes=\"auto, (max-width: 500px) 100vw, 500px\" \/><\/p>\n<p style=\"font-weight: 400;\">J\u2019ai ensuite\u00a0d\u00e9clin\u00e9 mes collections avec des accessoires toujours dans l&rsquo;univers\u00a0du voyage (trousses, cordons de lunettes, housses).<\/p>\n<p style=\"font-weight: 400;\"><a href=\"https:\/\/www.echoppe-francaise.fr\/cordon-lunettes_43\"><img loading=\"lazy\" decoding=\"async\" class=\"aligncenter wp-image-480\" src=\"https:\/\/www.echoppe-francaise.fr\/blog\/wp-content\/uploads\/2018\/07\/cordon_lunettes_ethnique_bleu_ciel.jpg\" alt=\"cordon lunettes de soleil\" width=\"500\" height=\"501\" srcset=\"https:\/\/www.echoppe-francaise.fr\/blog\/wp-content\/uploads\/2018\/07\/cordon_lunettes_ethnique_bleu_ciel.jpg 578w, https:\/\/www.echoppe-francaise.fr\/blog\/wp-content\/uploads\/2018\/07\/cordon_lunettes_ethnique_bleu_ciel-150x150.jpg 150w, https:\/\/www.echoppe-francaise.fr\/blog\/wp-content\/uploads\/2018\/07\/cordon_lunettes_ethnique_bleu_ciel-300x300.jpg 300w\" sizes=\"auto, (max-width: 500px) 100vw, 500px\" \/><\/a>\u00a0<a href=\"https:\/\/www.echoppe-francaise.fr\/trousse_36\"><img loading=\"lazy\" decoding=\"async\" class=\"wp-image-481 aligncenter\" src=\"https:\/\/www.echoppe-francaise.fr\/blog\/wp-content\/uploads\/2018\/07\/mappemonde-1007-1022x1024.jpg\" alt=\"Trousse de voyage Parenth\u00e8se\" width=\"500\" height=\"501\" srcset=\"https:\/\/www.echoppe-francaise.fr\/blog\/wp-content\/uploads\/2018\/07\/mappemonde-1007-1022x1024.jpg 1022w, https:\/\/www.echoppe-francaise.fr\/blog\/wp-content\/uploads\/2018\/07\/mappemonde-1007-150x150.jpg 150w, https:\/\/www.echoppe-francaise.fr\/blog\/wp-content\/uploads\/2018\/07\/mappemonde-1007-300x300.jpg 300w, https:\/\/www.echoppe-francaise.fr\/blog\/wp-content\/uploads\/2018\/07\/mappemonde-1007-768x769.jpg 768w\" sizes=\"auto, (max-width: 500px) 100vw, 500px\" \/><\/a><\/p>\n<p style=\"font-weight: 400;\"><a href=\"https:\/\/www.echoppe-francaise.fr\/trousse_36\"><img loading=\"lazy\" decoding=\"async\" class=\"aligncenter wp-image-482\" src=\"https:\/\/www.echoppe-francaise.fr\/blog\/wp-content\/uploads\/2018\/07\/mrs-moutarde-4179-1024x1024.jpg\" alt=\"Housses \u00e0 glisser dans la valise, Parenth\u00e8se\" width=\"500\" height=\"500\" srcset=\"https:\/\/www.echoppe-francaise.fr\/blog\/wp-content\/uploads\/2018\/07\/mrs-moutarde-4179-1024x1024.jpg 1024w, https:\/\/www.echoppe-francaise.fr\/blog\/wp-content\/uploads\/2018\/07\/mrs-moutarde-4179-150x150.jpg 150w, https:\/\/www.echoppe-francaise.fr\/blog\/wp-content\/uploads\/2018\/07\/mrs-moutarde-4179-300x300.jpg 300w, https:\/\/www.echoppe-francaise.fr\/blog\/wp-content\/uploads\/2018\/07\/mrs-moutarde-4179-768x768.jpg 768w\" sizes=\"auto, (max-width: 500px) 100vw, 500px\" \/><\/a><\/p>\n<p style=\"font-weight: 400;\">Je viens \u00e9galement de lancer\u00a0la toute\u00a0nouvelle\u00a0collection de sangles, avec des tissus color\u00e9s et tr\u00e8s diff\u00e9rents de ceux de la pr\u00e9c\u00e9dente gamme.<\/p>\n<p style=\"font-weight: 400;\"><a href=\"https:\/\/www.echoppe-francaise.fr\/sangle_35\"><img loading=\"lazy\" decoding=\"async\" class=\"size-large wp-image-473 aligncenter\" src=\"https:\/\/www.echoppe-francaise.fr\/blog\/wp-content\/uploads\/2018\/07\/toutes-les-sangles-1024x683.jpg\" alt=\"Sangles appareil photo\" width=\"640\" height=\"427\" srcset=\"https:\/\/www.echoppe-francaise.fr\/blog\/wp-content\/uploads\/2018\/07\/toutes-les-sangles-1024x683.jpg 1024w, https:\/\/www.echoppe-francaise.fr\/blog\/wp-content\/uploads\/2018\/07\/toutes-les-sangles-300x200.jpg 300w, https:\/\/www.echoppe-francaise.fr\/blog\/wp-content\/uploads\/2018\/07\/toutes-les-sangles-768x512.jpg 768w, https:\/\/www.echoppe-francaise.fr\/blog\/wp-content\/uploads\/2018\/07\/toutes-les-sangles.jpg 1500w\" sizes=\"auto, (max-width: 640px) 100vw, 640px\" \/><\/a><\/p>\n<h4><em><strong>Tu travailles seule et fais tout toi-m\u00eame, jusqu\u2019au packaging. Comment t\u2019organises-tu\u00a0?<\/strong><\/em><\/h4>\n<p style=\"font-weight: 400;\">En g\u00e9n\u00e9ral, je travaille trois jours dans mon atelier sur la fabrication des produits et deux jours chez moi sur les\u00a0parties administratives,\u00a0le site internet, les r\u00e9seaux sociaux\u2026<\/p>\n<p style=\"font-weight: 400;\">Lorsque j&rsquo;ai commenc\u00e9,\u00a0je me suis vite rendue compte que j&rsquo;aurais\u00a0un budget bien inf\u00e9rieur\u00a0\u00e0 celui des entreprises que j&rsquo;avais pu conseiller par le pass\u00e9.\u00a0Il a donc fallu en effet faire beaucoup de choses moi-m\u00eame pour r\u00e9duire les co\u00fbts. Si on prend l&rsquo;exemple du packaging,\u00a0pour obtenir un prix raisonnable, il faut commander au moins mille unit\u00e9s, impossible quand on d\u00e9marre !<br \/>\nJe fais donc les bo\u00eetes de mes sangles moi-m\u00eame dans mon atelier. Pas simple au d\u00e9but, mais maintenant je suis rod\u00e9e.<\/p>\n<p style=\"font-weight: 400;\"><img loading=\"lazy\" decoding=\"async\" class=\"wp-image-477 aligncenter\" src=\"https:\/\/www.echoppe-francaise.fr\/blog\/wp-content\/uploads\/2018\/07\/parenthese-packaging.jpg\" alt=\"packaging sangles Parenth\u00e8se\" width=\"500\" height=\"500\" srcset=\"https:\/\/www.echoppe-francaise.fr\/blog\/wp-content\/uploads\/2018\/07\/parenthese-packaging.jpg 596w, https:\/\/www.echoppe-francaise.fr\/blog\/wp-content\/uploads\/2018\/07\/parenthese-packaging-150x150.jpg 150w, https:\/\/www.echoppe-francaise.fr\/blog\/wp-content\/uploads\/2018\/07\/parenthese-packaging-300x300.jpg 300w\" sizes=\"auto, (max-width: 500px) 100vw, 500px\" \/><\/p>\n<h4><em><strong>Quels sont les projets \u00e0 venir pour ta marque, Parenth\u00e8se Paris\u00a0?\u00a0<\/strong><\/em><\/h4>\n<p style=\"font-weight: 400;\">Mon r\u00eave serait de faire des sacs de voyage. C\u2019est un projet que j\u2019ai en t\u00eate, et qui j&rsquo;esp\u00e8re verra le jour !<br \/>\nParall\u00e8lement, je lance prochainement une gamme\u00a0de sangles pour les casques moto, et de la d\u00e9coration de mariage.<strong>\u00a0<\/strong><strong>\u00a0<\/strong><\/p>\n<h4><em><strong>Le Bonus de l\u2019Echoppe\u00a0: qu\u2019est-ce que tu aimes le plus en France\u00a0?<\/strong><\/em><\/h4>\n<p>Les croissants et le fromage !!!!<\/p>\n<p>Merci \u00e0 Alejandra pour cette interview.<br \/>\nRetrouvez <a href=\"https:\/\/www.echoppe-francaise.fr\/11_parenthese\">tous les\u00a0articles\u00a0Parenth\u00e8se sur le site<\/a> (il reste m\u00eame quelques fins de collections en soldes !).<\/p>\n<p>Affectueusement,<br \/>\nFanny<\/p>\n","protected":false},"excerpt":{"rendered":"<p>Un nouveau portrait aujourd&rsquo;hui, avec la plus espagnole de nos cr\u00e9atrices \u00ab\u00a0Made in France\u00a0\u00bb. Rencontre avec Alejandra\u00a0qui a fond\u00e9 la marque de sangles pour appareil photo Parenth\u00e8se. Alejandra, tu es une espagnole install\u00e9e \u00e0 Paris depuis quelques ann\u00e9es. Raconte-nous comment tu es arriv\u00e9e en France. \u00c7a peut faire un peu clich\u00e9, mais par amour !!&hellip;&nbsp;<\/p>\n","protected":false},"author":6,"featured_media":475,"comment_status":"open","ping_status":"open","sticky":false,"template":"","format":"standard","meta":{"_crdt_document":"","neve_meta_sidebar":"","neve_meta_container":"","neve_meta_enable_content_width":"","neve_meta_content_width":0,"neve_meta_title_alignment":"","neve_meta_author_avatar":"","neve_post_elements_order":"","neve_meta_disable_header":"","neve_meta_disable_footer":"","neve_meta_disable_title":"","footnotes":""},"categories":[3],"tags":[7,63,4,64,61,60,62],"class_list":["post-465","post","type-post","status-publish","format-standard","has-post-thumbnail","hentry","category-portrait","tag-fabrication-francaise","tag-handmade","tag-made-in-france","tag-parenthese-paris","tag-sangle-apn","tag-sangle-appareil-photo","tag-sangle-originale"],"yoast_head":"<!-- This site is optimized with the Yoast SEO plugin v27.5 - https:\/\/yoast.com\/product\/yoast-seo-wordpress\/ -->\n<title>Parenth\u00e8se vous invite au voyage - \u00c9choppe Fran\u00e7aise, le Blog<\/title>\n<meta name=\"description\" content=\"Rencontre avec Alejandra, la plus fran\u00e7aise des espagnoles, cr\u00e9atrice de la marque de sangles pour appareil photo Made in France &quot;Parenth\u00e8se Paris&quot;.\" \/>\n<meta name=\"robots\" content=\"index, follow, max-snippet:-1, max-image-preview:large, max-video-preview:-1\" \/>\n<link rel=\"canonical\" href=\"https:\/\/www.echoppe-francaise.fr\/blog\/parenthese-vous-invite-au-voyage\/\" \/>\n<meta property=\"og:locale\" content=\"fr_FR\" \/>\n<meta property=\"og:type\" content=\"article\" \/>\n<meta property=\"og:title\" content=\"Parenth\u00e8se vous invite au voyage - \u00c9choppe Fran\u00e7aise, le Blog\" \/>\n<meta property=\"og:description\" content=\"Rencontre avec Alejandra, la plus fran\u00e7aise des espagnoles, cr\u00e9atrice de la marque de sangles pour appareil photo Made in France &quot;Parenth\u00e8se Paris&quot;.\" \/>\n<meta property=\"og:url\" content=\"https:\/\/www.echoppe-francaise.fr\/blog\/parenthese-vous-invite-au-voyage\/\" \/>\n<meta property=\"og:site_name\" content=\"\u00c9choppe Fran\u00e7aise, le Blog\" \/>\n<meta property=\"article:published_time\" content=\"2018-07-06T09:10:58+00:00\" \/>\n<meta property=\"article:modified_time\" content=\"2018-07-06T11:57:13+00:00\" \/>\n<meta property=\"og:image\" content=\"https:\/\/www.echoppe-francaise.fr\/blog\/wp-content\/uploads\/2018\/07\/parenthese-voyage.jpg\" \/>\n\t<meta property=\"og:image:width\" content=\"479\" \/>\n\t<meta property=\"og:image:height\" content=\"598\" \/>\n\t<meta property=\"og:image:type\" content=\"image\/jpeg\" \/>\n<meta name=\"author\" content=\"AntoineR\" \/>\n<meta name=\"twitter:card\" content=\"summary_large_image\" \/>\n<meta name=\"twitter:label1\" content=\"\u00c9crit par\" \/>\n\t<meta name=\"twitter:data1\" content=\"AntoineR\" \/>\n\t<meta name=\"twitter:label2\" content=\"Dur\u00e9e de lecture estim\u00e9e\" \/>\n\t<meta name=\"twitter:data2\" content=\"3 minutes\" \/>\n<script type=\"application\/ld+json\" class=\"yoast-schema-graph\">{\"@context\":\"https:\\\/\\\/schema.org\",\"@graph\":[{\"@type\":\"Article\",\"@id\":\"https:\\\/\\\/www.echoppe-francaise.fr\\\/blog\\\/parenthese-vous-invite-au-voyage\\\/#article\",\"isPartOf\":{\"@id\":\"https:\\\/\\\/www.echoppe-francaise.fr\\\/blog\\\/parenthese-vous-invite-au-voyage\\\/\"},\"author\":{\"name\":\"AntoineR\",\"@id\":\"https:\\\/\\\/www.echoppe-francaise.fr\\\/blog\\\/#\\\/schema\\\/person\\\/eef9eb08fd5394e6899ff8e6c5045b52\"},\"headline\":\"Parenth\u00e8se vous invite au voyage\",\"datePublished\":\"2018-07-06T09:10:58+00:00\",\"dateModified\":\"2018-07-06T11:57:13+00:00\",\"mainEntityOfPage\":{\"@id\":\"https:\\\/\\\/www.echoppe-francaise.fr\\\/blog\\\/parenthese-vous-invite-au-voyage\\\/\"},\"wordCount\":625,\"commentCount\":0,\"publisher\":{\"@id\":\"https:\\\/\\\/www.echoppe-francaise.fr\\\/blog\\\/#organization\"},\"image\":{\"@id\":\"https:\\\/\\\/www.echoppe-francaise.fr\\\/blog\\\/parenthese-vous-invite-au-voyage\\\/#primaryimage\"},\"thumbnailUrl\":\"https:\\\/\\\/www.echoppe-francaise.fr\\\/blog\\\/wp-content\\\/uploads\\\/2018\\\/07\\\/parenthese-voyage.jpg\",\"keywords\":[\"fabrication fran\u00e7aise\",\"handmade\",\"made in france\",\"parenth\u00e8se paris\",\"sangle apn\",\"sangle appareil photo\",\"sangle originale\"],\"articleSection\":[\"PORTRAIT\"],\"inLanguage\":\"fr-FR\",\"potentialAction\":[{\"@type\":\"CommentAction\",\"name\":\"Comment\",\"target\":[\"https:\\\/\\\/www.echoppe-francaise.fr\\\/blog\\\/parenthese-vous-invite-au-voyage\\\/#respond\"]}]},{\"@type\":\"WebPage\",\"@id\":\"https:\\\/\\\/www.echoppe-francaise.fr\\\/blog\\\/parenthese-vous-invite-au-voyage\\\/\",\"url\":\"https:\\\/\\\/www.echoppe-francaise.fr\\\/blog\\\/parenthese-vous-invite-au-voyage\\\/\",\"name\":\"Parenth\u00e8se vous invite au voyage - \u00c9choppe Fran\u00e7aise, le Blog\",\"isPartOf\":{\"@id\":\"https:\\\/\\\/www.echoppe-francaise.fr\\\/blog\\\/#website\"},\"primaryImageOfPage\":{\"@id\":\"https:\\\/\\\/www.echoppe-francaise.fr\\\/blog\\\/parenthese-vous-invite-au-voyage\\\/#primaryimage\"},\"image\":{\"@id\":\"https:\\\/\\\/www.echoppe-francaise.fr\\\/blog\\\/parenthese-vous-invite-au-voyage\\\/#primaryimage\"},\"thumbnailUrl\":\"https:\\\/\\\/www.echoppe-francaise.fr\\\/blog\\\/wp-content\\\/uploads\\\/2018\\\/07\\\/parenthese-voyage.jpg\",\"datePublished\":\"2018-07-06T09:10:58+00:00\",\"dateModified\":\"2018-07-06T11:57:13+00:00\",\"description\":\"Rencontre avec Alejandra, la plus fran\u00e7aise des espagnoles, cr\u00e9atrice de la marque de sangles pour appareil photo Made in France \\\"Parenth\u00e8se Paris\\\".\",\"breadcrumb\":{\"@id\":\"https:\\\/\\\/www.echoppe-francaise.fr\\\/blog\\\/parenthese-vous-invite-au-voyage\\\/#breadcrumb\"},\"inLanguage\":\"fr-FR\",\"potentialAction\":[{\"@type\":\"ReadAction\",\"target\":[\"https:\\\/\\\/www.echoppe-francaise.fr\\\/blog\\\/parenthese-vous-invite-au-voyage\\\/\"]}]},{\"@type\":\"ImageObject\",\"inLanguage\":\"fr-FR\",\"@id\":\"https:\\\/\\\/www.echoppe-francaise.fr\\\/blog\\\/parenthese-vous-invite-au-voyage\\\/#primaryimage\",\"url\":\"https:\\\/\\\/www.echoppe-francaise.fr\\\/blog\\\/wp-content\\\/uploads\\\/2018\\\/07\\\/parenthese-voyage.jpg\",\"contentUrl\":\"https:\\\/\\\/www.echoppe-francaise.fr\\\/blog\\\/wp-content\\\/uploads\\\/2018\\\/07\\\/parenthese-voyage.jpg\",\"width\":479,\"height\":598,\"caption\":\"parenth\u00e8se, sangles pour appareil photo\"},{\"@type\":\"BreadcrumbList\",\"@id\":\"https:\\\/\\\/www.echoppe-francaise.fr\\\/blog\\\/parenthese-vous-invite-au-voyage\\\/#breadcrumb\",\"itemListElement\":[{\"@type\":\"ListItem\",\"position\":1,\"name\":\"Accueil\",\"item\":\"https:\\\/\\\/www.echoppe-francaise.fr\\\/blog\\\/\"},{\"@type\":\"ListItem\",\"position\":2,\"name\":\"Parenth\u00e8se vous invite au voyage\"}]},{\"@type\":\"WebSite\",\"@id\":\"https:\\\/\\\/www.echoppe-francaise.fr\\\/blog\\\/#website\",\"url\":\"https:\\\/\\\/www.echoppe-francaise.fr\\\/blog\\\/\",\"name\":\"\u00c9choppe Fran\u00e7aise, le Blog\",\"description\":\"Le blog des Cr\u00e9atrices et Cr\u00e9ateurs fran\u00e7ais\",\"publisher\":{\"@id\":\"https:\\\/\\\/www.echoppe-francaise.fr\\\/blog\\\/#organization\"},\"potentialAction\":[{\"@type\":\"SearchAction\",\"target\":{\"@type\":\"EntryPoint\",\"urlTemplate\":\"https:\\\/\\\/www.echoppe-francaise.fr\\\/blog\\\/?s={search_term_string}\"},\"query-input\":{\"@type\":\"PropertyValueSpecification\",\"valueRequired\":true,\"valueName\":\"search_term_string\"}}],\"inLanguage\":\"fr-FR\"},{\"@type\":\"Organization\",\"@id\":\"https:\\\/\\\/www.echoppe-francaise.fr\\\/blog\\\/#organization\",\"name\":\"L'\u00e9choppe Fran\u00e7aise\",\"url\":\"https:\\\/\\\/www.echoppe-francaise.fr\\\/blog\\\/\",\"logo\":{\"@type\":\"ImageObject\",\"inLanguage\":\"fr-FR\",\"@id\":\"https:\\\/\\\/www.echoppe-francaise.fr\\\/blog\\\/#\\\/schema\\\/logo\\\/image\\\/\",\"url\":\"https:\\\/\\\/www.echoppe-francaise.fr\\\/blog\\\/wp-content\\\/uploads\\\/2017\\\/04\\\/echoppe-francaise-logo-1489412704.png\",\"contentUrl\":\"https:\\\/\\\/www.echoppe-francaise.fr\\\/blog\\\/wp-content\\\/uploads\\\/2017\\\/04\\\/echoppe-francaise-logo-1489412704.png\",\"width\":492,\"height\":270,\"caption\":\"L'\u00e9choppe Fran\u00e7aise\"},\"image\":{\"@id\":\"https:\\\/\\\/www.echoppe-francaise.fr\\\/blog\\\/#\\\/schema\\\/logo\\\/image\\\/\"}},{\"@type\":\"Person\",\"@id\":\"https:\\\/\\\/www.echoppe-francaise.fr\\\/blog\\\/#\\\/schema\\\/person\\\/eef9eb08fd5394e6899ff8e6c5045b52\",\"name\":\"AntoineR\",\"image\":{\"@type\":\"ImageObject\",\"inLanguage\":\"fr-FR\",\"@id\":\"https:\\\/\\\/secure.gravatar.com\\\/avatar\\\/11538476e65f843df3f3d146f6b3798ffda7e7510e46d9566b2379eca1b1cf4d?s=96&d=mm&r=g\",\"url\":\"https:\\\/\\\/secure.gravatar.com\\\/avatar\\\/11538476e65f843df3f3d146f6b3798ffda7e7510e46d9566b2379eca1b1cf4d?s=96&d=mm&r=g\",\"contentUrl\":\"https:\\\/\\\/secure.gravatar.com\\\/avatar\\\/11538476e65f843df3f3d146f6b3798ffda7e7510e46d9566b2379eca1b1cf4d?s=96&d=mm&r=g\",\"caption\":\"AntoineR\"},\"url\":\"https:\\\/\\\/www.echoppe-francaise.fr\\\/blog\\\/author\\\/antoiner\\\/\"}]}<\/script>\n<!-- \/ Yoast SEO plugin. -->","yoast_head_json":{"title":"Parenth\u00e8se vous invite au voyage - \u00c9choppe Fran\u00e7aise, le Blog","description":"Rencontre avec Alejandra, la plus fran\u00e7aise des espagnoles, cr\u00e9atrice de la marque de sangles pour appareil photo Made in France \"Parenth\u00e8se Paris\".","robots":{"index":"index","follow":"follow","max-snippet":"max-snippet:-1","max-image-preview":"max-image-preview:large","max-video-preview":"max-video-preview:-1"},"canonical":"https:\/\/www.echoppe-francaise.fr\/blog\/parenthese-vous-invite-au-voyage\/","og_locale":"fr_FR","og_type":"article","og_title":"Parenth\u00e8se vous invite au voyage - \u00c9choppe Fran\u00e7aise, le Blog","og_description":"Rencontre avec Alejandra, la plus fran\u00e7aise des espagnoles, cr\u00e9atrice de la marque de sangles pour appareil photo Made in France \"Parenth\u00e8se Paris\".","og_url":"https:\/\/www.echoppe-francaise.fr\/blog\/parenthese-vous-invite-au-voyage\/","og_site_name":"\u00c9choppe Fran\u00e7aise, le Blog","article_published_time":"2018-07-06T09:10:58+00:00","article_modified_time":"2018-07-06T11:57:13+00:00","og_image":[{"width":479,"height":598,"url":"https:\/\/www.echoppe-francaise.fr\/blog\/wp-content\/uploads\/2018\/07\/parenthese-voyage.jpg","type":"image\/jpeg"}],"author":"AntoineR","twitter_card":"summary_large_image","twitter_misc":{"\u00c9crit par":"AntoineR","Dur\u00e9e de lecture estim\u00e9e":"3 minutes"},"schema":{"@context":"https:\/\/schema.org","@graph":[{"@type":"Article","@id":"https:\/\/www.echoppe-francaise.fr\/blog\/parenthese-vous-invite-au-voyage\/#article","isPartOf":{"@id":"https:\/\/www.echoppe-francaise.fr\/blog\/parenthese-vous-invite-au-voyage\/"},"author":{"name":"AntoineR","@id":"https:\/\/www.echoppe-francaise.fr\/blog\/#\/schema\/person\/eef9eb08fd5394e6899ff8e6c5045b52"},"headline":"Parenth\u00e8se vous invite au voyage","datePublished":"2018-07-06T09:10:58+00:00","dateModified":"2018-07-06T11:57:13+00:00","mainEntityOfPage":{"@id":"https:\/\/www.echoppe-francaise.fr\/blog\/parenthese-vous-invite-au-voyage\/"},"wordCount":625,"commentCount":0,"publisher":{"@id":"https:\/\/www.echoppe-francaise.fr\/blog\/#organization"},"image":{"@id":"https:\/\/www.echoppe-francaise.fr\/blog\/parenthese-vous-invite-au-voyage\/#primaryimage"},"thumbnailUrl":"https:\/\/www.echoppe-francaise.fr\/blog\/wp-content\/uploads\/2018\/07\/parenthese-voyage.jpg","keywords":["fabrication fran\u00e7aise","handmade","made in france","parenth\u00e8se paris","sangle apn","sangle appareil photo","sangle originale"],"articleSection":["PORTRAIT"],"inLanguage":"fr-FR","potentialAction":[{"@type":"CommentAction","name":"Comment","target":["https:\/\/www.echoppe-francaise.fr\/blog\/parenthese-vous-invite-au-voyage\/#respond"]}]},{"@type":"WebPage","@id":"https:\/\/www.echoppe-francaise.fr\/blog\/parenthese-vous-invite-au-voyage\/","url":"https:\/\/www.echoppe-francaise.fr\/blog\/parenthese-vous-invite-au-voyage\/","name":"Parenth\u00e8se vous invite au voyage - \u00c9choppe Fran\u00e7aise, le Blog","isPartOf":{"@id":"https:\/\/www.echoppe-francaise.fr\/blog\/#website"},"primaryImageOfPage":{"@id":"https:\/\/www.echoppe-francaise.fr\/blog\/parenthese-vous-invite-au-voyage\/#primaryimage"},"image":{"@id":"https:\/\/www.echoppe-francaise.fr\/blog\/parenthese-vous-invite-au-voyage\/#primaryimage"},"thumbnailUrl":"https:\/\/www.echoppe-francaise.fr\/blog\/wp-content\/uploads\/2018\/07\/parenthese-voyage.jpg","datePublished":"2018-07-06T09:10:58+00:00","dateModified":"2018-07-06T11:57:13+00:00","description":"Rencontre avec Alejandra, la plus fran\u00e7aise des espagnoles, cr\u00e9atrice de la marque de sangles pour appareil photo Made in France \"Parenth\u00e8se Paris\".","breadcrumb":{"@id":"https:\/\/www.echoppe-francaise.fr\/blog\/parenthese-vous-invite-au-voyage\/#breadcrumb"},"inLanguage":"fr-FR","potentialAction":[{"@type":"ReadAction","target":["https:\/\/www.echoppe-francaise.fr\/blog\/parenthese-vous-invite-au-voyage\/"]}]},{"@type":"ImageObject","inLanguage":"fr-FR","@id":"https:\/\/www.echoppe-francaise.fr\/blog\/parenthese-vous-invite-au-voyage\/#primaryimage","url":"https:\/\/www.echoppe-francaise.fr\/blog\/wp-content\/uploads\/2018\/07\/parenthese-voyage.jpg","contentUrl":"https:\/\/www.echoppe-francaise.fr\/blog\/wp-content\/uploads\/2018\/07\/parenthese-voyage.jpg","width":479,"height":598,"caption":"parenth\u00e8se, sangles pour appareil photo"},{"@type":"BreadcrumbList","@id":"https:\/\/www.echoppe-francaise.fr\/blog\/parenthese-vous-invite-au-voyage\/#breadcrumb","itemListElement":[{"@type":"ListItem","position":1,"name":"Accueil","item":"https:\/\/www.echoppe-francaise.fr\/blog\/"},{"@type":"ListItem","position":2,"name":"Parenth\u00e8se vous invite au voyage"}]},{"@type":"WebSite","@id":"https:\/\/www.echoppe-francaise.fr\/blog\/#website","url":"https:\/\/www.echoppe-francaise.fr\/blog\/","name":"\u00c9choppe Fran\u00e7aise, le Blog","description":"Le blog des Cr\u00e9atrices et Cr\u00e9ateurs fran\u00e7ais","publisher":{"@id":"https:\/\/www.echoppe-francaise.fr\/blog\/#organization"},"potentialAction":[{"@type":"SearchAction","target":{"@type":"EntryPoint","urlTemplate":"https:\/\/www.echoppe-francaise.fr\/blog\/?s={search_term_string}"},"query-input":{"@type":"PropertyValueSpecification","valueRequired":true,"valueName":"search_term_string"}}],"inLanguage":"fr-FR"},{"@type":"Organization","@id":"https:\/\/www.echoppe-francaise.fr\/blog\/#organization","name":"L'\u00e9choppe Fran\u00e7aise","url":"https:\/\/www.echoppe-francaise.fr\/blog\/","logo":{"@type":"ImageObject","inLanguage":"fr-FR","@id":"https:\/\/www.echoppe-francaise.fr\/blog\/#\/schema\/logo\/image\/","url":"https:\/\/www.echoppe-francaise.fr\/blog\/wp-content\/uploads\/2017\/04\/echoppe-francaise-logo-1489412704.png","contentUrl":"https:\/\/www.echoppe-francaise.fr\/blog\/wp-content\/uploads\/2017\/04\/echoppe-francaise-logo-1489412704.png","width":492,"height":270,"caption":"L'\u00e9choppe Fran\u00e7aise"},"image":{"@id":"https:\/\/www.echoppe-francaise.fr\/blog\/#\/schema\/logo\/image\/"}},{"@type":"Person","@id":"https:\/\/www.echoppe-francaise.fr\/blog\/#\/schema\/person\/eef9eb08fd5394e6899ff8e6c5045b52","name":"AntoineR","image":{"@type":"ImageObject","inLanguage":"fr-FR","@id":"https:\/\/secure.gravatar.com\/avatar\/11538476e65f843df3f3d146f6b3798ffda7e7510e46d9566b2379eca1b1cf4d?s=96&d=mm&r=g","url":"https:\/\/secure.gravatar.com\/avatar\/11538476e65f843df3f3d146f6b3798ffda7e7510e46d9566b2379eca1b1cf4d?s=96&d=mm&r=g","contentUrl":"https:\/\/secure.gravatar.com\/avatar\/11538476e65f843df3f3d146f6b3798ffda7e7510e46d9566b2379eca1b1cf4d?s=96&d=mm&r=g","caption":"AntoineR"},"url":"https:\/\/www.echoppe-francaise.fr\/blog\/author\/antoiner\/"}]}},"_links":{"self":[{"href":"https:\/\/www.echoppe-francaise.fr\/blog\/wp-json\/wp\/v2\/posts\/465","targetHints":{"allow":["GET"]}}],"collection":[{"href":"https:\/\/www.echoppe-francaise.fr\/blog\/wp-json\/wp\/v2\/posts"}],"about":[{"href":"https:\/\/www.echoppe-francaise.fr\/blog\/wp-json\/wp\/v2\/types\/post"}],"author":[{"embeddable":true,"href":"https:\/\/www.echoppe-francaise.fr\/blog\/wp-json\/wp\/v2\/users\/6"}],"replies":[{"embeddable":true,"href":"https:\/\/www.echoppe-francaise.fr\/blog\/wp-json\/wp\/v2\/comments?post=465"}],"version-history":[{"count":18,"href":"https:\/\/www.echoppe-francaise.fr\/blog\/wp-json\/wp\/v2\/posts\/465\/revisions"}],"predecessor-version":[{"id":2310,"href":"https:\/\/www.echoppe-francaise.fr\/blog\/wp-json\/wp\/v2\/posts\/465\/revisions\/2310"}],"wp:featuredmedia":[{"embeddable":true,"href":"https:\/\/www.echoppe-francaise.fr\/blog\/wp-json\/wp\/v2\/media\/475"}],"wp:attachment":[{"href":"https:\/\/www.echoppe-francaise.fr\/blog\/wp-json\/wp\/v2\/media?parent=465"}],"wp:term":[{"taxonomy":"category","embeddable":true,"href":"https:\/\/www.echoppe-francaise.fr\/blog\/wp-json\/wp\/v2\/categories?post=465"},{"taxonomy":"post_tag","embeddable":true,"href":"https:\/\/www.echoppe-francaise.fr\/blog\/wp-json\/wp\/v2\/tags?post=465"}],"curies":[{"name":"wp","href":"https:\/\/api.w.org\/{rel}","templated":true}]}}