{"id":450,"date":"2018-07-01T08:00:18","date_gmt":"2018-07-01T06:00:18","guid":{"rendered":"https:\/\/www.echoppe-francaise.fr\/blog\/?p=450"},"modified":"2018-06-27T17:20:59","modified_gmt":"2018-06-27T15:20:59","slug":"14juillet-15aout-maillots-bain","status":"publish","type":"post","link":"https:\/\/www.echoppe-francaise.fr\/blog\/14juillet-15aout-maillots-bain\/","title":{"rendered":"14juillet-15aout, la marque qui sent bon la cr\u00e8me solaire&#8230;"},"content":{"rendered":"<p>Quoi de mieux pour d\u00e9marrer ce mois de juillet que de vous pr\u00e9senter une marque estivale de maillots de bain, sp\u00e9cialement d\u00e9di\u00e9e aux enfants ?<\/p>\n<p>Rencontre avec Anne-C\u00e9cile, la fondatrice de la jolie marque de maillots de bain pour enfants et de jupes qui tournent \u00ab\u00a0<a href=\"https:\/\/www.echoppe-francaise.fr\/17_14juillet15aout\"><strong>14 juillet 15 aout<\/strong><\/a>\u00a0\u00bb<\/p>\n<h4><em>Peux-tu nous expliquer ton parcours jusqu\u2019\u00e0 la cr\u00e9ation de ta marque\u00a0?<\/em><\/h4>\n<p style=\"font-weight: 400;\">Je suis styliste-mod\u00e9liste de formation, dipl\u00f4m\u00e9e de l\u2019\u00e9cole ESMOD internationale Paris.<br \/>\nApr\u00e8s mes \u00e9tudes, je m\u2019oriente vers le merchandising. Pendant plus de 10 ans, je sillonne la France pour diverses marques de pr\u00eat-\u00e0-porter.<\/p>\n<p style=\"font-weight: 400;\">J&rsquo;avais peu de temps libre, mais quand j&rsquo;avais un moment, j&rsquo;aimais faire plaisir aux copines avec des pi\u00e8ces de lingerie ou des maillots.<br \/>\nLa couture a toujours \u00e9t\u00e9 l\u00e0, dans un coin de ma t\u00eate.\u00a0Cr\u00e9er ma marque, c\u2019est un joli r\u00eave, mais ce n&rsquo;est jamais le bon moment pour se lancer&#8230;<\/p>\n<p style=\"font-weight: 400;\">Un arr\u00eat prolong\u00e9 me permet de me remettre \u00e0 coudre vraiment.\u00a0En premier\u00a0lieu pour mon fils, puis de fil en aiguille, j&rsquo;en profite pour sortir quelques maillots pour les filles des copines (\u00e0 d\u00e9faut de trouver ce que je cherche dans le commerce).<\/p>\n<p style=\"font-weight: 400;\">Et puis une naissance, et un d\u00e9clic\u00a0: Pourquoi pas moi et pourquoi pas maintenant ?<\/p>\n<p style=\"font-weight: 400;\">14 juillet-15 aout est n\u00e9 en \u00e9t\u00e9 2016, sur\u00a0un coin de table entre l\u2019ap\u00e9ro et le plat, gr\u00e2ce \u00e0 une amie tr\u00e8s inspir\u00e9e.<\/p>\n<p style=\"font-weight: 400;\"><img loading=\"lazy\" decoding=\"async\" class=\"aligncenter wp-image-459 size-full\" src=\"https:\/\/www.echoppe-francaise.fr\/blog\/wp-content\/uploads\/2018\/06\/logo-1415-340.png\" alt=\"logo de la marque 14 juillet 15 aout\" width=\"340\" height=\"340\" srcset=\"https:\/\/www.echoppe-francaise.fr\/blog\/wp-content\/uploads\/2018\/06\/logo-1415-340.png 340w, https:\/\/www.echoppe-francaise.fr\/blog\/wp-content\/uploads\/2018\/06\/logo-1415-340-150x150.png 150w, https:\/\/www.echoppe-francaise.fr\/blog\/wp-content\/uploads\/2018\/06\/logo-1415-340-300x300.png 300w\" sizes=\"auto, (max-width: 340px) 100vw, 340px\" \/><img loading=\"lazy\" decoding=\"async\" class=\"wp-image-420 aligncenter\" src=\"https:\/\/www.echoppe-francaise.fr\/blog\/wp-content\/uploads\/2018\/06\/enfants-en-maillots-14juillet15aout.jpg\" alt=\"collection maillots de bain enfant 14juillet 15 aout\" width=\"340\" height=\"340\" srcset=\"https:\/\/www.echoppe-francaise.fr\/blog\/wp-content\/uploads\/2018\/06\/enfants-en-maillots-14juillet15aout.jpg 1024w, https:\/\/www.echoppe-francaise.fr\/blog\/wp-content\/uploads\/2018\/06\/enfants-en-maillots-14juillet15aout-150x150.jpg 150w, https:\/\/www.echoppe-francaise.fr\/blog\/wp-content\/uploads\/2018\/06\/enfants-en-maillots-14juillet15aout-300x300.jpg 300w, https:\/\/www.echoppe-francaise.fr\/blog\/wp-content\/uploads\/2018\/06\/enfants-en-maillots-14juillet15aout-768x768.jpg 768w\" sizes=\"auto, (max-width: 340px) 100vw, 340px\" \/><\/p>\n<h4><em>Comment es-tu arriv\u00e9e en Bretagne\u00a0?<\/em><\/h4>\n<p style=\"font-weight: 400;\">J&rsquo;y suis n\u00e9e \ud83d\ude09<br \/>\nSans rire, si tu m&rsquo;avais dit \u00e0 18 ans \u00ab\u00a0tu vas vivre en Bretagne plus tard&#8230;\u00a0\u00bb jamais de la vie ! Comme quoi il ne faut jamais dire jamais !<\/p>\n<p style=\"font-weight: 400;\">Je suis partie \u00e0 Paris pour mes \u00e9tudes. Cinq ann\u00e9es que\u00a0j&rsquo;ai ador\u00e9es, mais avec mon mari, nous avons d\u00e9cid\u00e9 de privil\u00e9gier notre qualit\u00e9 de vie. Du coup, d\u00e9m\u00e9nagement express pour revenir au bord de la mer. D&rsquo;abord La Baule, puis Nantes,\u00a0et enfin retour aux sources en Bretagne, suite \u00e0 diverses opportunit\u00e9s professionnelles.<\/p>\n<h4>Quelles sont tes sources d\u2019inspiration pour cr\u00e9er tes collections ?<\/h4>\n<p style=\"font-weight: 400;\">J&rsquo;ai la chance d&rsquo;habiter en bord de mer, donc une journ\u00e9e plage avec des enfants en maillot de bain qui courent partout en hurlant sur la plage &#8230;. La voil\u00e0 mon inspiration :-)))))<\/p>\n<p style=\"font-weight: 400;\">Sans rire, un peu partout. En g\u00e9n\u00e9ral je flashe sur une mati\u00e8re ou une fourniture, et de l\u00e0 me viennent plein d&rsquo;id\u00e9es. Et j&rsquo;adore me plonger dans les vieilles photos de plage que je trouve dans les vide-greniers. Voil\u00e0 d&rsquo;o\u00f9 vient le cot\u00e9 r\u00e9tro de mes mod\u00e8les !<\/p>\n<p style=\"font-weight: 400;\"><img loading=\"lazy\" decoding=\"async\" class=\"wp-image-458 aligncenter\" src=\"https:\/\/www.echoppe-francaise.fr\/blog\/wp-content\/uploads\/2018\/06\/anne-cecile.jpeg\" alt=\"maillot de bain enfant made in france\" width=\"340\" height=\"340\" srcset=\"https:\/\/www.echoppe-francaise.fr\/blog\/wp-content\/uploads\/2018\/06\/anne-cecile.jpeg 955w, https:\/\/www.echoppe-francaise.fr\/blog\/wp-content\/uploads\/2018\/06\/anne-cecile-150x150.jpeg 150w, https:\/\/www.echoppe-francaise.fr\/blog\/wp-content\/uploads\/2018\/06\/anne-cecile-300x300.jpeg 300w, https:\/\/www.echoppe-francaise.fr\/blog\/wp-content\/uploads\/2018\/06\/anne-cecile-768x768.jpeg 768w\" sizes=\"auto, (max-width: 340px) 100vw, 340px\" \/><\/p>\n<h4><em>Quels sont les projets futurs de 14juillet-15ao\u00fbt\u00a0?<\/em><\/h4>\n<p style=\"font-weight: 400;\">La nouvelle collection de maillots de bain 2019 est en cours de r\u00e9flexion. De nouvelles petites jupes qui tournent sont pr\u00e9vues pour la rentr\u00e9e, et surtout un projet qui me tient \u00e0 coeur&#8230; J&rsquo;esp\u00e8re pouvoir vous en dire plus d&rsquo;ici l&rsquo;\u00e9t\u00e9, suspens !!!!<\/p>\n<h4><em>Le Bonus de l\u2019Echoppe\u00a0: Le nom de ta marque fait-il r\u00e9f\u00e9rence \u00e0 la dur\u00e9e r\u00e9elle de l\u2019\u00e9t\u00e9 en Bretagne\u00a0? ^^<\/em><\/h4>\n<p><span style=\"font-weight: 400;\">Ahahah, pas du tout!\u00a0<\/span>Il fait r\u00e9f\u00e9rence \u00e0 la p\u00e9riode principale de cong\u00e9s d&rsquo;\u00e9t\u00e9 en France.<br \/>\nEn Bretagne il fait beau tout le temps (dans le coeur des Bretons ;-)) !<\/p>\n<p>Merci Anne-C\u00e9cile pour tes r\u00e9ponses.<\/p>\n<p>Avant l&rsquo;arriv\u00e9e de la nouvelle collection, retrouvez une partie de la collection de maillots de bain enfant et de jupes qui tournent en Soldes sur <a href=\"https:\/\/www.echoppe-francaise.fr\">l&rsquo;Echoppe Fran\u00e7aise<\/a> !<\/p>\n<p><a href=\"https:\/\/www.echoppe-francaise.fr\/17_14juillet15aout\"><img loading=\"lazy\" decoding=\"async\" class=\"aligncenter wp-image-455 size-full\" src=\"https:\/\/www.echoppe-francaise.fr\/blog\/wp-content\/uploads\/2018\/06\/14juillet15aout-blog.png\" alt=\"Maillots de bain enfant originaux\" width=\"945\" height=\"756\" srcset=\"https:\/\/www.echoppe-francaise.fr\/blog\/wp-content\/uploads\/2018\/06\/14juillet15aout-blog.png 945w, https:\/\/www.echoppe-francaise.fr\/blog\/wp-content\/uploads\/2018\/06\/14juillet15aout-blog-300x240.png 300w, https:\/\/www.echoppe-francaise.fr\/blog\/wp-content\/uploads\/2018\/06\/14juillet15aout-blog-768x614.png 768w\" sizes=\"auto, (max-width: 945px) 100vw, 945px\" \/><\/a><\/p>\n<p>&nbsp;<\/p>\n<p>Affectueusement,<br \/>\nFanny<\/p>\n","protected":false},"excerpt":{"rendered":"<p>Quoi de mieux pour d\u00e9marrer ce mois de juillet que de vous pr\u00e9senter une marque estivale de maillots de bain, sp\u00e9cialement d\u00e9di\u00e9e aux enfants ? Rencontre avec Anne-C\u00e9cile, la fondatrice de la jolie marque de maillots de bain pour enfants et de jupes qui tournent \u00ab\u00a014 juillet 15 aout\u00a0\u00bb Peux-tu nous expliquer ton parcours jusqu\u2019\u00e0&hellip;&nbsp;<\/p>\n","protected":false},"author":6,"featured_media":457,"comment_status":"open","ping_status":"open","sticky":false,"template":"","format":"standard","meta":{"_crdt_document":"","neve_meta_sidebar":"","neve_meta_container":"","neve_meta_enable_content_width":"","neve_meta_content_width":0,"neve_meta_title_alignment":"","neve_meta_author_avatar":"","neve_post_elements_order":"","neve_meta_disable_header":"","neve_meta_disable_footer":"","neve_meta_disable_title":"","footnotes":""},"categories":[3],"tags":[7,59,8,4,58],"class_list":["post-450","post","type-post","status-publish","format-standard","has-post-thumbnail","hentry","category-portrait","tag-fabrication-francaise","tag-fabrication-locale","tag-fabrique-en-france","tag-made-in-france","tag-maillot-de-bain-enfant"],"yoast_head":"<!-- This site is optimized with the Yoast SEO plugin v27.5 - https:\/\/yoast.com\/product\/yoast-seo-wordpress\/ -->\n<title>14juillet-15aout, la marque qui sent bon la cr\u00e8me solaire... - \u00c9choppe Fran\u00e7aise, le Blog<\/title>\n<meta name=\"description\" content=\"Rencontre avec Anne-C\u00e9cile, fondatrice de la marque 14juillet-15 aout, qui confectionne des maillots de bain pour les enfants et des jupes pour fillettes.\" \/>\n<meta name=\"robots\" content=\"index, follow, max-snippet:-1, max-image-preview:large, max-video-preview:-1\" \/>\n<link rel=\"canonical\" href=\"https:\/\/www.echoppe-francaise.fr\/blog\/14juillet-15aout-maillots-bain\/\" \/>\n<meta property=\"og:locale\" content=\"fr_FR\" \/>\n<meta property=\"og:type\" content=\"article\" \/>\n<meta property=\"og:title\" content=\"14juillet-15aout, la marque qui sent bon la cr\u00e8me solaire... - \u00c9choppe Fran\u00e7aise, le Blog\" \/>\n<meta property=\"og:description\" content=\"Rencontre avec Anne-C\u00e9cile, fondatrice de la marque 14juillet-15 aout, qui confectionne des maillots de bain pour les enfants et des jupes pour fillettes.\" \/>\n<meta property=\"og:url\" content=\"https:\/\/www.echoppe-francaise.fr\/blog\/14juillet-15aout-maillots-bain\/\" \/>\n<meta property=\"og:site_name\" content=\"\u00c9choppe Fran\u00e7aise, le Blog\" \/>\n<meta property=\"article:published_time\" content=\"2018-07-01T06:00:18+00:00\" \/>\n<meta property=\"og:image\" content=\"https:\/\/www.echoppe-francaise.fr\/blog\/wp-content\/uploads\/2018\/06\/14juillet15aout-anne-cecile.jpg\" \/>\n\t<meta property=\"og:image:width\" content=\"1596\" \/>\n\t<meta property=\"og:image:height\" content=\"1596\" \/>\n\t<meta property=\"og:image:type\" content=\"image\/jpeg\" \/>\n<meta name=\"author\" content=\"AntoineR\" \/>\n<meta name=\"twitter:card\" content=\"summary_large_image\" \/>\n<meta name=\"twitter:label1\" content=\"\u00c9crit par\" \/>\n\t<meta name=\"twitter:data1\" content=\"AntoineR\" \/>\n\t<meta name=\"twitter:label2\" content=\"Dur\u00e9e de lecture estim\u00e9e\" \/>\n\t<meta name=\"twitter:data2\" content=\"3 minutes\" \/>\n<script type=\"application\/ld+json\" class=\"yoast-schema-graph\">{\"@context\":\"https:\\\/\\\/schema.org\",\"@graph\":[{\"@type\":\"Article\",\"@id\":\"https:\\\/\\\/www.echoppe-francaise.fr\\\/blog\\\/14juillet-15aout-maillots-bain\\\/#article\",\"isPartOf\":{\"@id\":\"https:\\\/\\\/www.echoppe-francaise.fr\\\/blog\\\/14juillet-15aout-maillots-bain\\\/\"},\"author\":{\"name\":\"AntoineR\",\"@id\":\"https:\\\/\\\/www.echoppe-francaise.fr\\\/blog\\\/#\\\/schema\\\/person\\\/eef9eb08fd5394e6899ff8e6c5045b52\"},\"headline\":\"14juillet-15aout, la marque qui sent bon la cr\u00e8me solaire&#8230;\",\"datePublished\":\"2018-07-01T06:00:18+00:00\",\"mainEntityOfPage\":{\"@id\":\"https:\\\/\\\/www.echoppe-francaise.fr\\\/blog\\\/14juillet-15aout-maillots-bain\\\/\"},\"wordCount\":601,\"commentCount\":0,\"publisher\":{\"@id\":\"https:\\\/\\\/www.echoppe-francaise.fr\\\/blog\\\/#organization\"},\"image\":{\"@id\":\"https:\\\/\\\/www.echoppe-francaise.fr\\\/blog\\\/14juillet-15aout-maillots-bain\\\/#primaryimage\"},\"thumbnailUrl\":\"https:\\\/\\\/www.echoppe-francaise.fr\\\/blog\\\/wp-content\\\/uploads\\\/2018\\\/06\\\/14juillet15aout-anne-cecile.jpg\",\"keywords\":[\"fabrication fran\u00e7aise\",\"fabrication locale\",\"fabriqu\u00e9 en France\",\"made in france\",\"maillot de bain enfant\"],\"articleSection\":[\"PORTRAIT\"],\"inLanguage\":\"fr-FR\",\"potentialAction\":[{\"@type\":\"CommentAction\",\"name\":\"Comment\",\"target\":[\"https:\\\/\\\/www.echoppe-francaise.fr\\\/blog\\\/14juillet-15aout-maillots-bain\\\/#respond\"]}]},{\"@type\":\"WebPage\",\"@id\":\"https:\\\/\\\/www.echoppe-francaise.fr\\\/blog\\\/14juillet-15aout-maillots-bain\\\/\",\"url\":\"https:\\\/\\\/www.echoppe-francaise.fr\\\/blog\\\/14juillet-15aout-maillots-bain\\\/\",\"name\":\"14juillet-15aout, la marque qui sent bon la cr\u00e8me solaire... - \u00c9choppe Fran\u00e7aise, le Blog\",\"isPartOf\":{\"@id\":\"https:\\\/\\\/www.echoppe-francaise.fr\\\/blog\\\/#website\"},\"primaryImageOfPage\":{\"@id\":\"https:\\\/\\\/www.echoppe-francaise.fr\\\/blog\\\/14juillet-15aout-maillots-bain\\\/#primaryimage\"},\"image\":{\"@id\":\"https:\\\/\\\/www.echoppe-francaise.fr\\\/blog\\\/14juillet-15aout-maillots-bain\\\/#primaryimage\"},\"thumbnailUrl\":\"https:\\\/\\\/www.echoppe-francaise.fr\\\/blog\\\/wp-content\\\/uploads\\\/2018\\\/06\\\/14juillet15aout-anne-cecile.jpg\",\"datePublished\":\"2018-07-01T06:00:18+00:00\",\"description\":\"Rencontre avec Anne-C\u00e9cile, fondatrice de la marque 14juillet-15 aout, qui confectionne des maillots de bain pour les enfants et des jupes pour fillettes.\",\"breadcrumb\":{\"@id\":\"https:\\\/\\\/www.echoppe-francaise.fr\\\/blog\\\/14juillet-15aout-maillots-bain\\\/#breadcrumb\"},\"inLanguage\":\"fr-FR\",\"potentialAction\":[{\"@type\":\"ReadAction\",\"target\":[\"https:\\\/\\\/www.echoppe-francaise.fr\\\/blog\\\/14juillet-15aout-maillots-bain\\\/\"]}]},{\"@type\":\"ImageObject\",\"inLanguage\":\"fr-FR\",\"@id\":\"https:\\\/\\\/www.echoppe-francaise.fr\\\/blog\\\/14juillet-15aout-maillots-bain\\\/#primaryimage\",\"url\":\"https:\\\/\\\/www.echoppe-francaise.fr\\\/blog\\\/wp-content\\\/uploads\\\/2018\\\/06\\\/14juillet15aout-anne-cecile.jpg\",\"contentUrl\":\"https:\\\/\\\/www.echoppe-francaise.fr\\\/blog\\\/wp-content\\\/uploads\\\/2018\\\/06\\\/14juillet15aout-anne-cecile.jpg\",\"width\":1596,\"height\":1596,\"caption\":\"14juillet15aout, marque de maillot de bain enfant\"},{\"@type\":\"BreadcrumbList\",\"@id\":\"https:\\\/\\\/www.echoppe-francaise.fr\\\/blog\\\/14juillet-15aout-maillots-bain\\\/#breadcrumb\",\"itemListElement\":[{\"@type\":\"ListItem\",\"position\":1,\"name\":\"Accueil\",\"item\":\"https:\\\/\\\/www.echoppe-francaise.fr\\\/blog\\\/\"},{\"@type\":\"ListItem\",\"position\":2,\"name\":\"14juillet-15aout, la marque qui sent bon la cr\u00e8me solaire&#8230;\"}]},{\"@type\":\"WebSite\",\"@id\":\"https:\\\/\\\/www.echoppe-francaise.fr\\\/blog\\\/#website\",\"url\":\"https:\\\/\\\/www.echoppe-francaise.fr\\\/blog\\\/\",\"name\":\"\u00c9choppe Fran\u00e7aise, le Blog\",\"description\":\"Le blog des Cr\u00e9atrices et Cr\u00e9ateurs fran\u00e7ais\",\"publisher\":{\"@id\":\"https:\\\/\\\/www.echoppe-francaise.fr\\\/blog\\\/#organization\"},\"potentialAction\":[{\"@type\":\"SearchAction\",\"target\":{\"@type\":\"EntryPoint\",\"urlTemplate\":\"https:\\\/\\\/www.echoppe-francaise.fr\\\/blog\\\/?s={search_term_string}\"},\"query-input\":{\"@type\":\"PropertyValueSpecification\",\"valueRequired\":true,\"valueName\":\"search_term_string\"}}],\"inLanguage\":\"fr-FR\"},{\"@type\":\"Organization\",\"@id\":\"https:\\\/\\\/www.echoppe-francaise.fr\\\/blog\\\/#organization\",\"name\":\"L'\u00e9choppe Fran\u00e7aise\",\"url\":\"https:\\\/\\\/www.echoppe-francaise.fr\\\/blog\\\/\",\"logo\":{\"@type\":\"ImageObject\",\"inLanguage\":\"fr-FR\",\"@id\":\"https:\\\/\\\/www.echoppe-francaise.fr\\\/blog\\\/#\\\/schema\\\/logo\\\/image\\\/\",\"url\":\"https:\\\/\\\/www.echoppe-francaise.fr\\\/blog\\\/wp-content\\\/uploads\\\/2017\\\/04\\\/echoppe-francaise-logo-1489412704.png\",\"contentUrl\":\"https:\\\/\\\/www.echoppe-francaise.fr\\\/blog\\\/wp-content\\\/uploads\\\/2017\\\/04\\\/echoppe-francaise-logo-1489412704.png\",\"width\":492,\"height\":270,\"caption\":\"L'\u00e9choppe Fran\u00e7aise\"},\"image\":{\"@id\":\"https:\\\/\\\/www.echoppe-francaise.fr\\\/blog\\\/#\\\/schema\\\/logo\\\/image\\\/\"}},{\"@type\":\"Person\",\"@id\":\"https:\\\/\\\/www.echoppe-francaise.fr\\\/blog\\\/#\\\/schema\\\/person\\\/eef9eb08fd5394e6899ff8e6c5045b52\",\"name\":\"AntoineR\",\"image\":{\"@type\":\"ImageObject\",\"inLanguage\":\"fr-FR\",\"@id\":\"https:\\\/\\\/secure.gravatar.com\\\/avatar\\\/11538476e65f843df3f3d146f6b3798ffda7e7510e46d9566b2379eca1b1cf4d?s=96&d=mm&r=g\",\"url\":\"https:\\\/\\\/secure.gravatar.com\\\/avatar\\\/11538476e65f843df3f3d146f6b3798ffda7e7510e46d9566b2379eca1b1cf4d?s=96&d=mm&r=g\",\"contentUrl\":\"https:\\\/\\\/secure.gravatar.com\\\/avatar\\\/11538476e65f843df3f3d146f6b3798ffda7e7510e46d9566b2379eca1b1cf4d?s=96&d=mm&r=g\",\"caption\":\"AntoineR\"},\"url\":\"https:\\\/\\\/www.echoppe-francaise.fr\\\/blog\\\/author\\\/antoiner\\\/\"}]}<\/script>\n<!-- \/ Yoast SEO plugin. -->","yoast_head_json":{"title":"14juillet-15aout, la marque qui sent bon la cr\u00e8me solaire... - \u00c9choppe Fran\u00e7aise, le Blog","description":"Rencontre avec Anne-C\u00e9cile, fondatrice de la marque 14juillet-15 aout, qui confectionne des maillots de bain pour les enfants et des jupes pour fillettes.","robots":{"index":"index","follow":"follow","max-snippet":"max-snippet:-1","max-image-preview":"max-image-preview:large","max-video-preview":"max-video-preview:-1"},"canonical":"https:\/\/www.echoppe-francaise.fr\/blog\/14juillet-15aout-maillots-bain\/","og_locale":"fr_FR","og_type":"article","og_title":"14juillet-15aout, la marque qui sent bon la cr\u00e8me solaire... - \u00c9choppe Fran\u00e7aise, le Blog","og_description":"Rencontre avec Anne-C\u00e9cile, fondatrice de la marque 14juillet-15 aout, qui confectionne des maillots de bain pour les enfants et des jupes pour fillettes.","og_url":"https:\/\/www.echoppe-francaise.fr\/blog\/14juillet-15aout-maillots-bain\/","og_site_name":"\u00c9choppe Fran\u00e7aise, le Blog","article_published_time":"2018-07-01T06:00:18+00:00","og_image":[{"width":1596,"height":1596,"url":"https:\/\/www.echoppe-francaise.fr\/blog\/wp-content\/uploads\/2018\/06\/14juillet15aout-anne-cecile.jpg","type":"image\/jpeg"}],"author":"AntoineR","twitter_card":"summary_large_image","twitter_misc":{"\u00c9crit par":"AntoineR","Dur\u00e9e de lecture estim\u00e9e":"3 minutes"},"schema":{"@context":"https:\/\/schema.org","@graph":[{"@type":"Article","@id":"https:\/\/www.echoppe-francaise.fr\/blog\/14juillet-15aout-maillots-bain\/#article","isPartOf":{"@id":"https:\/\/www.echoppe-francaise.fr\/blog\/14juillet-15aout-maillots-bain\/"},"author":{"name":"AntoineR","@id":"https:\/\/www.echoppe-francaise.fr\/blog\/#\/schema\/person\/eef9eb08fd5394e6899ff8e6c5045b52"},"headline":"14juillet-15aout, la marque qui sent bon la cr\u00e8me solaire&#8230;","datePublished":"2018-07-01T06:00:18+00:00","mainEntityOfPage":{"@id":"https:\/\/www.echoppe-francaise.fr\/blog\/14juillet-15aout-maillots-bain\/"},"wordCount":601,"commentCount":0,"publisher":{"@id":"https:\/\/www.echoppe-francaise.fr\/blog\/#organization"},"image":{"@id":"https:\/\/www.echoppe-francaise.fr\/blog\/14juillet-15aout-maillots-bain\/#primaryimage"},"thumbnailUrl":"https:\/\/www.echoppe-francaise.fr\/blog\/wp-content\/uploads\/2018\/06\/14juillet15aout-anne-cecile.jpg","keywords":["fabrication fran\u00e7aise","fabrication locale","fabriqu\u00e9 en France","made in france","maillot de bain enfant"],"articleSection":["PORTRAIT"],"inLanguage":"fr-FR","potentialAction":[{"@type":"CommentAction","name":"Comment","target":["https:\/\/www.echoppe-francaise.fr\/blog\/14juillet-15aout-maillots-bain\/#respond"]}]},{"@type":"WebPage","@id":"https:\/\/www.echoppe-francaise.fr\/blog\/14juillet-15aout-maillots-bain\/","url":"https:\/\/www.echoppe-francaise.fr\/blog\/14juillet-15aout-maillots-bain\/","name":"14juillet-15aout, la marque qui sent bon la cr\u00e8me solaire... - \u00c9choppe Fran\u00e7aise, le Blog","isPartOf":{"@id":"https:\/\/www.echoppe-francaise.fr\/blog\/#website"},"primaryImageOfPage":{"@id":"https:\/\/www.echoppe-francaise.fr\/blog\/14juillet-15aout-maillots-bain\/#primaryimage"},"image":{"@id":"https:\/\/www.echoppe-francaise.fr\/blog\/14juillet-15aout-maillots-bain\/#primaryimage"},"thumbnailUrl":"https:\/\/www.echoppe-francaise.fr\/blog\/wp-content\/uploads\/2018\/06\/14juillet15aout-anne-cecile.jpg","datePublished":"2018-07-01T06:00:18+00:00","description":"Rencontre avec Anne-C\u00e9cile, fondatrice de la marque 14juillet-15 aout, qui confectionne des maillots de bain pour les enfants et des jupes pour fillettes.","breadcrumb":{"@id":"https:\/\/www.echoppe-francaise.fr\/blog\/14juillet-15aout-maillots-bain\/#breadcrumb"},"inLanguage":"fr-FR","potentialAction":[{"@type":"ReadAction","target":["https:\/\/www.echoppe-francaise.fr\/blog\/14juillet-15aout-maillots-bain\/"]}]},{"@type":"ImageObject","inLanguage":"fr-FR","@id":"https:\/\/www.echoppe-francaise.fr\/blog\/14juillet-15aout-maillots-bain\/#primaryimage","url":"https:\/\/www.echoppe-francaise.fr\/blog\/wp-content\/uploads\/2018\/06\/14juillet15aout-anne-cecile.jpg","contentUrl":"https:\/\/www.echoppe-francaise.fr\/blog\/wp-content\/uploads\/2018\/06\/14juillet15aout-anne-cecile.jpg","width":1596,"height":1596,"caption":"14juillet15aout, marque de maillot de bain enfant"},{"@type":"BreadcrumbList","@id":"https:\/\/www.echoppe-francaise.fr\/blog\/14juillet-15aout-maillots-bain\/#breadcrumb","itemListElement":[{"@type":"ListItem","position":1,"name":"Accueil","item":"https:\/\/www.echoppe-francaise.fr\/blog\/"},{"@type":"ListItem","position":2,"name":"14juillet-15aout, la marque qui sent bon la cr\u00e8me solaire&#8230;"}]},{"@type":"WebSite","@id":"https:\/\/www.echoppe-francaise.fr\/blog\/#website","url":"https:\/\/www.echoppe-francaise.fr\/blog\/","name":"\u00c9choppe Fran\u00e7aise, le Blog","description":"Le blog des Cr\u00e9atrices et Cr\u00e9ateurs fran\u00e7ais","publisher":{"@id":"https:\/\/www.echoppe-francaise.fr\/blog\/#organization"},"potentialAction":[{"@type":"SearchAction","target":{"@type":"EntryPoint","urlTemplate":"https:\/\/www.echoppe-francaise.fr\/blog\/?s={search_term_string}"},"query-input":{"@type":"PropertyValueSpecification","valueRequired":true,"valueName":"search_term_string"}}],"inLanguage":"fr-FR"},{"@type":"Organization","@id":"https:\/\/www.echoppe-francaise.fr\/blog\/#organization","name":"L'\u00e9choppe Fran\u00e7aise","url":"https:\/\/www.echoppe-francaise.fr\/blog\/","logo":{"@type":"ImageObject","inLanguage":"fr-FR","@id":"https:\/\/www.echoppe-francaise.fr\/blog\/#\/schema\/logo\/image\/","url":"https:\/\/www.echoppe-francaise.fr\/blog\/wp-content\/uploads\/2017\/04\/echoppe-francaise-logo-1489412704.png","contentUrl":"https:\/\/www.echoppe-francaise.fr\/blog\/wp-content\/uploads\/2017\/04\/echoppe-francaise-logo-1489412704.png","width":492,"height":270,"caption":"L'\u00e9choppe Fran\u00e7aise"},"image":{"@id":"https:\/\/www.echoppe-francaise.fr\/blog\/#\/schema\/logo\/image\/"}},{"@type":"Person","@id":"https:\/\/www.echoppe-francaise.fr\/blog\/#\/schema\/person\/eef9eb08fd5394e6899ff8e6c5045b52","name":"AntoineR","image":{"@type":"ImageObject","inLanguage":"fr-FR","@id":"https:\/\/secure.gravatar.com\/avatar\/11538476e65f843df3f3d146f6b3798ffda7e7510e46d9566b2379eca1b1cf4d?s=96&d=mm&r=g","url":"https:\/\/secure.gravatar.com\/avatar\/11538476e65f843df3f3d146f6b3798ffda7e7510e46d9566b2379eca1b1cf4d?s=96&d=mm&r=g","contentUrl":"https:\/\/secure.gravatar.com\/avatar\/11538476e65f843df3f3d146f6b3798ffda7e7510e46d9566b2379eca1b1cf4d?s=96&d=mm&r=g","caption":"AntoineR"},"url":"https:\/\/www.echoppe-francaise.fr\/blog\/author\/antoiner\/"}]}},"_links":{"self":[{"href":"https:\/\/www.echoppe-francaise.fr\/blog\/wp-json\/wp\/v2\/posts\/450","targetHints":{"allow":["GET"]}}],"collection":[{"href":"https:\/\/www.echoppe-francaise.fr\/blog\/wp-json\/wp\/v2\/posts"}],"about":[{"href":"https:\/\/www.echoppe-francaise.fr\/blog\/wp-json\/wp\/v2\/types\/post"}],"author":[{"embeddable":true,"href":"https:\/\/www.echoppe-francaise.fr\/blog\/wp-json\/wp\/v2\/users\/6"}],"replies":[{"embeddable":true,"href":"https:\/\/www.echoppe-francaise.fr\/blog\/wp-json\/wp\/v2\/comments?post=450"}],"version-history":[{"count":9,"href":"https:\/\/www.echoppe-francaise.fr\/blog\/wp-json\/wp\/v2\/posts\/450\/revisions"}],"predecessor-version":[{"id":463,"href":"https:\/\/www.echoppe-francaise.fr\/blog\/wp-json\/wp\/v2\/posts\/450\/revisions\/463"}],"wp:featuredmedia":[{"embeddable":true,"href":"https:\/\/www.echoppe-francaise.fr\/blog\/wp-json\/wp\/v2\/media\/457"}],"wp:attachment":[{"href":"https:\/\/www.echoppe-francaise.fr\/blog\/wp-json\/wp\/v2\/media?parent=450"}],"wp:term":[{"taxonomy":"category","embeddable":true,"href":"https:\/\/www.echoppe-francaise.fr\/blog\/wp-json\/wp\/v2\/categories?post=450"},{"taxonomy":"post_tag","embeddable":true,"href":"https:\/\/www.echoppe-francaise.fr\/blog\/wp-json\/wp\/v2\/tags?post=450"}],"curies":[{"name":"wp","href":"https:\/\/api.w.org\/{rel}","templated":true}]}}