{"id":350,"date":"2018-05-20T10:30:32","date_gmt":"2018-05-20T08:30:32","guid":{"rendered":"https:\/\/www.echoppe-francaise.fr\/blog\/?p=350"},"modified":"2020-07-20T16:47:38","modified_gmt":"2020-07-20T14:47:38","slug":"coiffures-avec-un-headband","status":"publish","type":"post","link":"https:\/\/www.echoppe-francaise.fr\/blog\/coiffures-avec-un-headband\/","title":{"rendered":"6 coiffures avec un headband"},"content":{"rendered":"<p>Je suis tr\u00e8s heureuse de collaborer avec <a href=\"https:\/\/www.echoppe-francaise.fr\/21_laure-derrey\"><strong>Laure Derrey<\/strong><\/a>, qui propose une jolie s\u00e9lection de <strong>headbands \u00e9thiques et made in Paris<\/strong>. Pourquoi \u00ab\u00a0\u00e9thiques\u00a0\u00bb ? Parce qu&rsquo;ils sont tous issus de chutes de tissus de ses collections de v\u00eatements, que vous retrouverez bient\u00f4t sur le site, ou de destockage d&rsquo;\u00e9toffes de cr\u00e9ateurs.<\/p>\n<p>Le headband Lut\u00e8ce et son magnifique drap\u00e9 aux accents r\u00e9tro vous est propos\u00e9 en une <strong>multitude d&rsquo;unis et d&rsquo;imprim\u00e9s<\/strong>. Le <a href=\"https:\/\/www.echoppe-francaise.fr\/headband-bandeau-cheveux_46\" target=\"_blank\" rel=\"noopener noreferrer\">headband<\/a> vous permet\u00a0un panel infini\u00a0de coiffures, et s&rsquo;adapte \u00e0 toutes les personnalit\u00e9s. Un <strong>accessoire tendance<\/strong>, parfait pour <strong>pimenter vos looks<\/strong> d&rsquo;une touche d&rsquo;originalit\u00e9 en un clin d&rsquo;oeil.<\/p>\n<p>Nous vous proposons ici <strong>6 id\u00e9es de coiffures avec un headband<\/strong>, \u00e0 r\u00e9aliser tr\u00e8s facilement :<\/p>\n<p>Retrouvez \u00e9galement ces conseils en vid\u00e9o pour savoir <a href=\"https:\/\/www.echoppe-francaise.fr\/blog\/tuto-headband-coiffures\/\" target=\"_blank\" rel=\"noopener noreferrer\">comment porter un headband<\/a> en suivant le lien.<\/p>\n<ol>\n<li>\n<h4>Le bandeau<\/h4>\n<p><img loading=\"lazy\" decoding=\"async\" class=\"aligncenter wp-image-351 size-large\" src=\"https:\/\/www.echoppe-francaise.fr\/blog\/wp-content\/uploads\/2018\/05\/bandeauIMG_5517-1024x683.jpg\" alt=\"Id\u00e9e de coiffures avec un headband : le bandeau\" width=\"640\" height=\"427\" srcset=\"https:\/\/www.echoppe-francaise.fr\/blog\/wp-content\/uploads\/2018\/05\/bandeauIMG_5517-1024x683.jpg 1024w, https:\/\/www.echoppe-francaise.fr\/blog\/wp-content\/uploads\/2018\/05\/bandeauIMG_5517-300x200.jpg 300w, https:\/\/www.echoppe-francaise.fr\/blog\/wp-content\/uploads\/2018\/05\/bandeauIMG_5517-768x512.jpg 768w\" sizes=\"auto, (max-width: 640px) 100vw, 640px\" \/><\/p>\n<p>\u00c0 la fa\u00e7on d&rsquo;un serre-t\u00eate, glissez le headband de mani\u00e8re \u00e0 ce qu&rsquo;il\u00a0soit sous vos cheveux au niveau de la nuque. Positionnez l&rsquo;avant du headband \u00e0 la base de votre front. Cette coiffure est \u00e9galement possible sur cheveux courts.<\/li>\n<li>\n<h4>La couronne<\/h4>\n<p><img loading=\"lazy\" decoding=\"async\" class=\"aligncenter wp-image-354 size-large\" src=\"https:\/\/www.echoppe-francaise.fr\/blog\/wp-content\/uploads\/2018\/05\/couronneIMG_5490-1024x683.jpg\" alt=\"id\u00e9e de coiffures avec un headband : la couronne\" width=\"640\" height=\"427\" srcset=\"https:\/\/www.echoppe-francaise.fr\/blog\/wp-content\/uploads\/2018\/05\/couronneIMG_5490-1024x683.jpg 1024w, https:\/\/www.echoppe-francaise.fr\/blog\/wp-content\/uploads\/2018\/05\/couronneIMG_5490-300x200.jpg 300w, https:\/\/www.echoppe-francaise.fr\/blog\/wp-content\/uploads\/2018\/05\/couronneIMG_5490-768x512.jpg 768w\" sizes=\"auto, (max-width: 640px) 100vw, 640px\" \/><\/p>\n<p>L\u00e2chez vos cheveux de chaque c\u00f4t\u00e9 de votre visage puis venez placer le headband comme une couronne autour de votre t\u00eate. L&rsquo;avant du headband se place plus ou moins haut sur votre front selon votre pr\u00e9f\u00e9rence. Cette coiffure fonctionne sur cheveux courts \u00e9galement.<\/li>\n<li>\n<h4>Le chignon haut<\/h4>\n<p><img loading=\"lazy\" decoding=\"async\" class=\"aligncenter wp-image-352 size-large\" src=\"https:\/\/www.echoppe-francaise.fr\/blog\/wp-content\/uploads\/2018\/05\/chignon-hautIMG_5552-1024x683.jpg\" alt=\"Id\u00e9e de coiffures avec un headband : le chignon haut\" width=\"640\" height=\"427\" srcset=\"https:\/\/www.echoppe-francaise.fr\/blog\/wp-content\/uploads\/2018\/05\/chignon-hautIMG_5552-1024x683.jpg 1024w, https:\/\/www.echoppe-francaise.fr\/blog\/wp-content\/uploads\/2018\/05\/chignon-hautIMG_5552-300x200.jpg 300w, https:\/\/www.echoppe-francaise.fr\/blog\/wp-content\/uploads\/2018\/05\/chignon-hautIMG_5552-768x512.jpg 768w\" sizes=\"auto, (max-width: 640px) 100vw, 640px\" \/><\/p>\n<p>R\u00e9alisez un chignon assez haut, puis placez le headband selon la m\u00e9thode du bandeau (ci-dessus).<\/li>\n<li>\n<h4>Le chignon bas<\/h4>\n<p><img loading=\"lazy\" decoding=\"async\" class=\"wp-image-353 size-large aligncenter\" src=\"https:\/\/www.echoppe-francaise.fr\/blog\/wp-content\/uploads\/2018\/05\/chignonbasIMG_5428-1024x683.jpg\" alt=\"id\u00e9e de coiffure avec un headband : le chignon bas\" width=\"640\" height=\"427\" srcset=\"https:\/\/www.echoppe-francaise.fr\/blog\/wp-content\/uploads\/2018\/05\/chignonbasIMG_5428-1024x683.jpg 1024w, https:\/\/www.echoppe-francaise.fr\/blog\/wp-content\/uploads\/2018\/05\/chignonbasIMG_5428-300x200.jpg 300w, https:\/\/www.echoppe-francaise.fr\/blog\/wp-content\/uploads\/2018\/05\/chignonbasIMG_5428-768x512.jpg 768w\" sizes=\"auto, (max-width: 640px) 100vw, 640px\" \/><\/p>\n<p>Placez le bandeau en couronne. Attachez vos cheveux en chignon bas, puis faites revenir quelques m\u00e8ches sur les cot\u00e9s en torsade autour du headband pour une finition parfaite.<\/li>\n<li>\n<h4>La tresse<\/h4>\n<p><img loading=\"lazy\" decoding=\"async\" class=\"wp-image-357 size-large aligncenter\" src=\"https:\/\/www.echoppe-francaise.fr\/blog\/wp-content\/uploads\/2018\/05\/tresseIMG_5594-1024x683.jpg\" alt=\"Id\u00e9e de coiffure avec un headband : la tresse\" width=\"640\" height=\"427\" srcset=\"https:\/\/www.echoppe-francaise.fr\/blog\/wp-content\/uploads\/2018\/05\/tresseIMG_5594-1024x683.jpg 1024w, https:\/\/www.echoppe-francaise.fr\/blog\/wp-content\/uploads\/2018\/05\/tresseIMG_5594-300x200.jpg 300w, https:\/\/www.echoppe-francaise.fr\/blog\/wp-content\/uploads\/2018\/05\/tresseIMG_5594-768x512.jpg 768w\" sizes=\"auto, (max-width: 640px) 100vw, 640px\" \/><\/p>\n<p>Appliquez d&rsquo;abord la technique de coiffure en bandeau, puis regrouper tous vos cheveux pour r\u00e9aliser une tresse sur le c\u00f4t\u00e9. Elle peut \u00eatre classique ou en \u00e9pi pour une coiffure encore plus sophistiqu\u00e9e.<\/li>\n<li>\n<h4>La torsade<\/h4>\n<p><img loading=\"lazy\" decoding=\"async\" class=\"wp-image-355 size-large aligncenter\" src=\"https:\/\/www.echoppe-francaise.fr\/blog\/wp-content\/uploads\/2018\/05\/demiqueueIMG_5516-1024x683.jpg\" alt=\"id\u00e9e de coiffure avec un headband : la torsade\" width=\"640\" height=\"427\" srcset=\"https:\/\/www.echoppe-francaise.fr\/blog\/wp-content\/uploads\/2018\/05\/demiqueueIMG_5516-1024x683.jpg 1024w, https:\/\/www.echoppe-francaise.fr\/blog\/wp-content\/uploads\/2018\/05\/demiqueueIMG_5516-300x200.jpg 300w, https:\/\/www.echoppe-francaise.fr\/blog\/wp-content\/uploads\/2018\/05\/demiqueueIMG_5516-768x512.jpg 768w\" sizes=\"auto, (max-width: 640px) 100vw, 640px\" \/><\/p>\n<p style=\"text-align: left;\">Partez d&rsquo;une coiffure en couronne, puis, en fonction de la longueur de vos cheveux, enroulez la totalit\u00e9 ou une partie de vos cheveux autour de l&rsquo;arri\u00e8re du bandeau. Laissez sortir quelques m\u00e8ches de cheveux sur le devant.<\/p>\n<\/li>\n<\/ol>\n<p>J&rsquo;esp\u00e8re que ces six mod\u00e8les de coiffures avec un headband vous ont donn\u00e9 des id\u00e9es et r\u00e9confortent les plus sceptiques quant \u00e0 la simplicit\u00e9 d&rsquo;ex\u00e9cution. Nous ici, on adore la coiffure torsade. Et vous, laquelle est votre pr\u00e9f\u00e9r\u00e9e ?<\/p>\n<p>Retrouvez toute la collection de <a href=\"https:\/\/www.echoppe-francaise.fr\/headband-bandeau-cheveux_46#\/createurs-laure_derrey\">headbands imprim\u00e9s\u00a0et unis de la cr\u00e9atrice Laure Derrey<\/a> en suivant le lien.<\/p>\n<p>Affectueusement,<br \/>\nFanny.<\/p>\n","protected":false},"excerpt":{"rendered":"<p>Je suis tr\u00e8s heureuse de collaborer avec Laure Derrey, qui propose une jolie s\u00e9lection de headbands \u00e9thiques et made in Paris. Pourquoi \u00ab\u00a0\u00e9thiques\u00a0\u00bb ? Parce qu&rsquo;ils sont tous issus de chutes de tissus de ses collections de v\u00eatements, que vous retrouverez bient\u00f4t sur le site, ou de destockage d&rsquo;\u00e9toffes de cr\u00e9ateurs. Le headband Lut\u00e8ce et&hellip;&nbsp;<\/p>\n","protected":false},"author":6,"featured_media":367,"comment_status":"open","ping_status":"open","sticky":false,"template":"","format":"standard","meta":{"_crdt_document":"","neve_meta_sidebar":"","neve_meta_container":"","neve_meta_enable_content_width":"","neve_meta_content_width":0,"neve_meta_title_alignment":"","neve_meta_author_avatar":"","neve_post_elements_order":"","neve_meta_disable_header":"","neve_meta_disable_footer":"","neve_meta_disable_title":"","footnotes":""},"categories":[11],"tags":[43,42],"class_list":["post-350","post","type-post","status-publish","format-standard","has-post-thumbnail","hentry","category-news","tag-coiffure-bandeau-cheveux","tag-coiffure-headband"],"yoast_head":"<!-- This site is optimized with the Yoast SEO plugin v27.5 - https:\/\/yoast.com\/product\/yoast-seo-wordpress\/ -->\n<title>Id\u00e9es de coiffures avec un headband, l&#039;accessoire r\u00e9tro et tendance<\/title>\n<meta name=\"description\" content=\"Pimentez vos looks en r\u00e9alisant des coiffures avec un headband. Nos vous pr\u00e9sentons six fa\u00e7ons de porter le headband tr\u00e8s facilement.\" \/>\n<meta name=\"robots\" content=\"index, follow, max-snippet:-1, max-image-preview:large, max-video-preview:-1\" \/>\n<link rel=\"canonical\" href=\"https:\/\/www.echoppe-francaise.fr\/blog\/coiffures-avec-un-headband\/\" \/>\n<meta property=\"og:locale\" content=\"fr_FR\" \/>\n<meta property=\"og:type\" content=\"article\" \/>\n<meta property=\"og:title\" content=\"Id\u00e9es de coiffures avec un headband, l&#039;accessoire r\u00e9tro et tendance\" \/>\n<meta property=\"og:description\" content=\"Pimentez vos looks en r\u00e9alisant des coiffures avec un headband. Nos vous pr\u00e9sentons six fa\u00e7ons de porter le headband tr\u00e8s facilement.\" \/>\n<meta property=\"og:url\" content=\"https:\/\/www.echoppe-francaise.fr\/blog\/coiffures-avec-un-headband\/\" \/>\n<meta property=\"og:site_name\" content=\"\u00c9choppe Fran\u00e7aise, le Blog\" \/>\n<meta property=\"article:published_time\" content=\"2018-05-20T08:30:32+00:00\" \/>\n<meta property=\"article:modified_time\" content=\"2020-07-20T14:47:38+00:00\" \/>\n<meta property=\"og:image\" content=\"https:\/\/www.echoppe-francaise.fr\/blog\/wp-content\/uploads\/2018\/05\/headband-champetre-diane-pic3.jpg\" \/>\n\t<meta property=\"og:image:width\" content=\"897\" \/>\n\t<meta property=\"og:image:height\" content=\"897\" \/>\n\t<meta property=\"og:image:type\" content=\"image\/jpeg\" \/>\n<meta name=\"author\" content=\"AntoineR\" \/>\n<meta name=\"twitter:card\" content=\"summary_large_image\" \/>\n<meta name=\"twitter:label1\" content=\"\u00c9crit par\" \/>\n\t<meta name=\"twitter:data1\" content=\"AntoineR\" \/>\n\t<meta name=\"twitter:label2\" content=\"Dur\u00e9e de lecture estim\u00e9e\" \/>\n\t<meta name=\"twitter:data2\" content=\"2 minutes\" \/>\n<script type=\"application\/ld+json\" class=\"yoast-schema-graph\">{\"@context\":\"https:\\\/\\\/schema.org\",\"@graph\":[{\"@type\":\"Article\",\"@id\":\"https:\\\/\\\/www.echoppe-francaise.fr\\\/blog\\\/coiffures-avec-un-headband\\\/#article\",\"isPartOf\":{\"@id\":\"https:\\\/\\\/www.echoppe-francaise.fr\\\/blog\\\/coiffures-avec-un-headband\\\/\"},\"author\":{\"name\":\"AntoineR\",\"@id\":\"https:\\\/\\\/www.echoppe-francaise.fr\\\/blog\\\/#\\\/schema\\\/person\\\/eef9eb08fd5394e6899ff8e6c5045b52\"},\"headline\":\"6 coiffures avec un headband\",\"datePublished\":\"2018-05-20T08:30:32+00:00\",\"dateModified\":\"2020-07-20T14:47:38+00:00\",\"mainEntityOfPage\":{\"@id\":\"https:\\\/\\\/www.echoppe-francaise.fr\\\/blog\\\/coiffures-avec-un-headband\\\/\"},\"wordCount\":436,\"commentCount\":0,\"publisher\":{\"@id\":\"https:\\\/\\\/www.echoppe-francaise.fr\\\/blog\\\/#organization\"},\"image\":{\"@id\":\"https:\\\/\\\/www.echoppe-francaise.fr\\\/blog\\\/coiffures-avec-un-headband\\\/#primaryimage\"},\"thumbnailUrl\":\"https:\\\/\\\/www.echoppe-francaise.fr\\\/blog\\\/wp-content\\\/uploads\\\/2018\\\/05\\\/headband-champetre-diane-pic3.jpg\",\"keywords\":[\"coiffure bandeau cheveux\",\"coiffure headband\"],\"articleSection\":[\"NEWS\"],\"inLanguage\":\"fr-FR\",\"potentialAction\":[{\"@type\":\"CommentAction\",\"name\":\"Comment\",\"target\":[\"https:\\\/\\\/www.echoppe-francaise.fr\\\/blog\\\/coiffures-avec-un-headband\\\/#respond\"]}]},{\"@type\":\"WebPage\",\"@id\":\"https:\\\/\\\/www.echoppe-francaise.fr\\\/blog\\\/coiffures-avec-un-headband\\\/\",\"url\":\"https:\\\/\\\/www.echoppe-francaise.fr\\\/blog\\\/coiffures-avec-un-headband\\\/\",\"name\":\"Id\u00e9es de coiffures avec un headband, l'accessoire r\u00e9tro et tendance\",\"isPartOf\":{\"@id\":\"https:\\\/\\\/www.echoppe-francaise.fr\\\/blog\\\/#website\"},\"primaryImageOfPage\":{\"@id\":\"https:\\\/\\\/www.echoppe-francaise.fr\\\/blog\\\/coiffures-avec-un-headband\\\/#primaryimage\"},\"image\":{\"@id\":\"https:\\\/\\\/www.echoppe-francaise.fr\\\/blog\\\/coiffures-avec-un-headband\\\/#primaryimage\"},\"thumbnailUrl\":\"https:\\\/\\\/www.echoppe-francaise.fr\\\/blog\\\/wp-content\\\/uploads\\\/2018\\\/05\\\/headband-champetre-diane-pic3.jpg\",\"datePublished\":\"2018-05-20T08:30:32+00:00\",\"dateModified\":\"2020-07-20T14:47:38+00:00\",\"description\":\"Pimentez vos looks en r\u00e9alisant des coiffures avec un headband. Nos vous pr\u00e9sentons six fa\u00e7ons de porter le headband tr\u00e8s facilement.\",\"breadcrumb\":{\"@id\":\"https:\\\/\\\/www.echoppe-francaise.fr\\\/blog\\\/coiffures-avec-un-headband\\\/#breadcrumb\"},\"inLanguage\":\"fr-FR\",\"potentialAction\":[{\"@type\":\"ReadAction\",\"target\":[\"https:\\\/\\\/www.echoppe-francaise.fr\\\/blog\\\/coiffures-avec-un-headband\\\/\"]}]},{\"@type\":\"ImageObject\",\"inLanguage\":\"fr-FR\",\"@id\":\"https:\\\/\\\/www.echoppe-francaise.fr\\\/blog\\\/coiffures-avec-un-headband\\\/#primaryimage\",\"url\":\"https:\\\/\\\/www.echoppe-francaise.fr\\\/blog\\\/wp-content\\\/uploads\\\/2018\\\/05\\\/headband-champetre-diane-pic3.jpg\",\"contentUrl\":\"https:\\\/\\\/www.echoppe-francaise.fr\\\/blog\\\/wp-content\\\/uploads\\\/2018\\\/05\\\/headband-champetre-diane-pic3.jpg\",\"width\":897,\"height\":897,\"caption\":\"id\u00e9es de coiffures avec un bandeau pour cheveux\"},{\"@type\":\"BreadcrumbList\",\"@id\":\"https:\\\/\\\/www.echoppe-francaise.fr\\\/blog\\\/coiffures-avec-un-headband\\\/#breadcrumb\",\"itemListElement\":[{\"@type\":\"ListItem\",\"position\":1,\"name\":\"Accueil\",\"item\":\"https:\\\/\\\/www.echoppe-francaise.fr\\\/blog\\\/\"},{\"@type\":\"ListItem\",\"position\":2,\"name\":\"6 coiffures avec un headband\"}]},{\"@type\":\"WebSite\",\"@id\":\"https:\\\/\\\/www.echoppe-francaise.fr\\\/blog\\\/#website\",\"url\":\"https:\\\/\\\/www.echoppe-francaise.fr\\\/blog\\\/\",\"name\":\"\u00c9choppe Fran\u00e7aise, le Blog\",\"description\":\"Le blog des Cr\u00e9atrices et Cr\u00e9ateurs fran\u00e7ais\",\"publisher\":{\"@id\":\"https:\\\/\\\/www.echoppe-francaise.fr\\\/blog\\\/#organization\"},\"potentialAction\":[{\"@type\":\"SearchAction\",\"target\":{\"@type\":\"EntryPoint\",\"urlTemplate\":\"https:\\\/\\\/www.echoppe-francaise.fr\\\/blog\\\/?s={search_term_string}\"},\"query-input\":{\"@type\":\"PropertyValueSpecification\",\"valueRequired\":true,\"valueName\":\"search_term_string\"}}],\"inLanguage\":\"fr-FR\"},{\"@type\":\"Organization\",\"@id\":\"https:\\\/\\\/www.echoppe-francaise.fr\\\/blog\\\/#organization\",\"name\":\"L'\u00e9choppe Fran\u00e7aise\",\"url\":\"https:\\\/\\\/www.echoppe-francaise.fr\\\/blog\\\/\",\"logo\":{\"@type\":\"ImageObject\",\"inLanguage\":\"fr-FR\",\"@id\":\"https:\\\/\\\/www.echoppe-francaise.fr\\\/blog\\\/#\\\/schema\\\/logo\\\/image\\\/\",\"url\":\"https:\\\/\\\/www.echoppe-francaise.fr\\\/blog\\\/wp-content\\\/uploads\\\/2017\\\/04\\\/echoppe-francaise-logo-1489412704.png\",\"contentUrl\":\"https:\\\/\\\/www.echoppe-francaise.fr\\\/blog\\\/wp-content\\\/uploads\\\/2017\\\/04\\\/echoppe-francaise-logo-1489412704.png\",\"width\":492,\"height\":270,\"caption\":\"L'\u00e9choppe Fran\u00e7aise\"},\"image\":{\"@id\":\"https:\\\/\\\/www.echoppe-francaise.fr\\\/blog\\\/#\\\/schema\\\/logo\\\/image\\\/\"}},{\"@type\":\"Person\",\"@id\":\"https:\\\/\\\/www.echoppe-francaise.fr\\\/blog\\\/#\\\/schema\\\/person\\\/eef9eb08fd5394e6899ff8e6c5045b52\",\"name\":\"AntoineR\",\"image\":{\"@type\":\"ImageObject\",\"inLanguage\":\"fr-FR\",\"@id\":\"https:\\\/\\\/secure.gravatar.com\\\/avatar\\\/11538476e65f843df3f3d146f6b3798ffda7e7510e46d9566b2379eca1b1cf4d?s=96&d=mm&r=g\",\"url\":\"https:\\\/\\\/secure.gravatar.com\\\/avatar\\\/11538476e65f843df3f3d146f6b3798ffda7e7510e46d9566b2379eca1b1cf4d?s=96&d=mm&r=g\",\"contentUrl\":\"https:\\\/\\\/secure.gravatar.com\\\/avatar\\\/11538476e65f843df3f3d146f6b3798ffda7e7510e46d9566b2379eca1b1cf4d?s=96&d=mm&r=g\",\"caption\":\"AntoineR\"},\"url\":\"https:\\\/\\\/www.echoppe-francaise.fr\\\/blog\\\/author\\\/antoiner\\\/\"}]}<\/script>\n<!-- \/ Yoast SEO plugin. -->","yoast_head_json":{"title":"Id\u00e9es de coiffures avec un headband, l'accessoire r\u00e9tro et tendance","description":"Pimentez vos looks en r\u00e9alisant des coiffures avec un headband. Nos vous pr\u00e9sentons six fa\u00e7ons de porter le headband tr\u00e8s facilement.","robots":{"index":"index","follow":"follow","max-snippet":"max-snippet:-1","max-image-preview":"max-image-preview:large","max-video-preview":"max-video-preview:-1"},"canonical":"https:\/\/www.echoppe-francaise.fr\/blog\/coiffures-avec-un-headband\/","og_locale":"fr_FR","og_type":"article","og_title":"Id\u00e9es de coiffures avec un headband, l'accessoire r\u00e9tro et tendance","og_description":"Pimentez vos looks en r\u00e9alisant des coiffures avec un headband. Nos vous pr\u00e9sentons six fa\u00e7ons de porter le headband tr\u00e8s facilement.","og_url":"https:\/\/www.echoppe-francaise.fr\/blog\/coiffures-avec-un-headband\/","og_site_name":"\u00c9choppe Fran\u00e7aise, le Blog","article_published_time":"2018-05-20T08:30:32+00:00","article_modified_time":"2020-07-20T14:47:38+00:00","og_image":[{"width":897,"height":897,"url":"https:\/\/www.echoppe-francaise.fr\/blog\/wp-content\/uploads\/2018\/05\/headband-champetre-diane-pic3.jpg","type":"image\/jpeg"}],"author":"AntoineR","twitter_card":"summary_large_image","twitter_misc":{"\u00c9crit par":"AntoineR","Dur\u00e9e de lecture estim\u00e9e":"2 minutes"},"schema":{"@context":"https:\/\/schema.org","@graph":[{"@type":"Article","@id":"https:\/\/www.echoppe-francaise.fr\/blog\/coiffures-avec-un-headband\/#article","isPartOf":{"@id":"https:\/\/www.echoppe-francaise.fr\/blog\/coiffures-avec-un-headband\/"},"author":{"name":"AntoineR","@id":"https:\/\/www.echoppe-francaise.fr\/blog\/#\/schema\/person\/eef9eb08fd5394e6899ff8e6c5045b52"},"headline":"6 coiffures avec un headband","datePublished":"2018-05-20T08:30:32+00:00","dateModified":"2020-07-20T14:47:38+00:00","mainEntityOfPage":{"@id":"https:\/\/www.echoppe-francaise.fr\/blog\/coiffures-avec-un-headband\/"},"wordCount":436,"commentCount":0,"publisher":{"@id":"https:\/\/www.echoppe-francaise.fr\/blog\/#organization"},"image":{"@id":"https:\/\/www.echoppe-francaise.fr\/blog\/coiffures-avec-un-headband\/#primaryimage"},"thumbnailUrl":"https:\/\/www.echoppe-francaise.fr\/blog\/wp-content\/uploads\/2018\/05\/headband-champetre-diane-pic3.jpg","keywords":["coiffure bandeau cheveux","coiffure headband"],"articleSection":["NEWS"],"inLanguage":"fr-FR","potentialAction":[{"@type":"CommentAction","name":"Comment","target":["https:\/\/www.echoppe-francaise.fr\/blog\/coiffures-avec-un-headband\/#respond"]}]},{"@type":"WebPage","@id":"https:\/\/www.echoppe-francaise.fr\/blog\/coiffures-avec-un-headband\/","url":"https:\/\/www.echoppe-francaise.fr\/blog\/coiffures-avec-un-headband\/","name":"Id\u00e9es de coiffures avec un headband, l'accessoire r\u00e9tro et tendance","isPartOf":{"@id":"https:\/\/www.echoppe-francaise.fr\/blog\/#website"},"primaryImageOfPage":{"@id":"https:\/\/www.echoppe-francaise.fr\/blog\/coiffures-avec-un-headband\/#primaryimage"},"image":{"@id":"https:\/\/www.echoppe-francaise.fr\/blog\/coiffures-avec-un-headband\/#primaryimage"},"thumbnailUrl":"https:\/\/www.echoppe-francaise.fr\/blog\/wp-content\/uploads\/2018\/05\/headband-champetre-diane-pic3.jpg","datePublished":"2018-05-20T08:30:32+00:00","dateModified":"2020-07-20T14:47:38+00:00","description":"Pimentez vos looks en r\u00e9alisant des coiffures avec un headband. Nos vous pr\u00e9sentons six fa\u00e7ons de porter le headband tr\u00e8s facilement.","breadcrumb":{"@id":"https:\/\/www.echoppe-francaise.fr\/blog\/coiffures-avec-un-headband\/#breadcrumb"},"inLanguage":"fr-FR","potentialAction":[{"@type":"ReadAction","target":["https:\/\/www.echoppe-francaise.fr\/blog\/coiffures-avec-un-headband\/"]}]},{"@type":"ImageObject","inLanguage":"fr-FR","@id":"https:\/\/www.echoppe-francaise.fr\/blog\/coiffures-avec-un-headband\/#primaryimage","url":"https:\/\/www.echoppe-francaise.fr\/blog\/wp-content\/uploads\/2018\/05\/headband-champetre-diane-pic3.jpg","contentUrl":"https:\/\/www.echoppe-francaise.fr\/blog\/wp-content\/uploads\/2018\/05\/headband-champetre-diane-pic3.jpg","width":897,"height":897,"caption":"id\u00e9es de coiffures avec un bandeau pour cheveux"},{"@type":"BreadcrumbList","@id":"https:\/\/www.echoppe-francaise.fr\/blog\/coiffures-avec-un-headband\/#breadcrumb","itemListElement":[{"@type":"ListItem","position":1,"name":"Accueil","item":"https:\/\/www.echoppe-francaise.fr\/blog\/"},{"@type":"ListItem","position":2,"name":"6 coiffures avec un headband"}]},{"@type":"WebSite","@id":"https:\/\/www.echoppe-francaise.fr\/blog\/#website","url":"https:\/\/www.echoppe-francaise.fr\/blog\/","name":"\u00c9choppe Fran\u00e7aise, le Blog","description":"Le blog des Cr\u00e9atrices et Cr\u00e9ateurs fran\u00e7ais","publisher":{"@id":"https:\/\/www.echoppe-francaise.fr\/blog\/#organization"},"potentialAction":[{"@type":"SearchAction","target":{"@type":"EntryPoint","urlTemplate":"https:\/\/www.echoppe-francaise.fr\/blog\/?s={search_term_string}"},"query-input":{"@type":"PropertyValueSpecification","valueRequired":true,"valueName":"search_term_string"}}],"inLanguage":"fr-FR"},{"@type":"Organization","@id":"https:\/\/www.echoppe-francaise.fr\/blog\/#organization","name":"L'\u00e9choppe Fran\u00e7aise","url":"https:\/\/www.echoppe-francaise.fr\/blog\/","logo":{"@type":"ImageObject","inLanguage":"fr-FR","@id":"https:\/\/www.echoppe-francaise.fr\/blog\/#\/schema\/logo\/image\/","url":"https:\/\/www.echoppe-francaise.fr\/blog\/wp-content\/uploads\/2017\/04\/echoppe-francaise-logo-1489412704.png","contentUrl":"https:\/\/www.echoppe-francaise.fr\/blog\/wp-content\/uploads\/2017\/04\/echoppe-francaise-logo-1489412704.png","width":492,"height":270,"caption":"L'\u00e9choppe Fran\u00e7aise"},"image":{"@id":"https:\/\/www.echoppe-francaise.fr\/blog\/#\/schema\/logo\/image\/"}},{"@type":"Person","@id":"https:\/\/www.echoppe-francaise.fr\/blog\/#\/schema\/person\/eef9eb08fd5394e6899ff8e6c5045b52","name":"AntoineR","image":{"@type":"ImageObject","inLanguage":"fr-FR","@id":"https:\/\/secure.gravatar.com\/avatar\/11538476e65f843df3f3d146f6b3798ffda7e7510e46d9566b2379eca1b1cf4d?s=96&d=mm&r=g","url":"https:\/\/secure.gravatar.com\/avatar\/11538476e65f843df3f3d146f6b3798ffda7e7510e46d9566b2379eca1b1cf4d?s=96&d=mm&r=g","contentUrl":"https:\/\/secure.gravatar.com\/avatar\/11538476e65f843df3f3d146f6b3798ffda7e7510e46d9566b2379eca1b1cf4d?s=96&d=mm&r=g","caption":"AntoineR"},"url":"https:\/\/www.echoppe-francaise.fr\/blog\/author\/antoiner\/"}]}},"_links":{"self":[{"href":"https:\/\/www.echoppe-francaise.fr\/blog\/wp-json\/wp\/v2\/posts\/350","targetHints":{"allow":["GET"]}}],"collection":[{"href":"https:\/\/www.echoppe-francaise.fr\/blog\/wp-json\/wp\/v2\/posts"}],"about":[{"href":"https:\/\/www.echoppe-francaise.fr\/blog\/wp-json\/wp\/v2\/types\/post"}],"author":[{"embeddable":true,"href":"https:\/\/www.echoppe-francaise.fr\/blog\/wp-json\/wp\/v2\/users\/6"}],"replies":[{"embeddable":true,"href":"https:\/\/www.echoppe-francaise.fr\/blog\/wp-json\/wp\/v2\/comments?post=350"}],"version-history":[{"count":20,"href":"https:\/\/www.echoppe-francaise.fr\/blog\/wp-json\/wp\/v2\/posts\/350\/revisions"}],"predecessor-version":[{"id":747,"href":"https:\/\/www.echoppe-francaise.fr\/blog\/wp-json\/wp\/v2\/posts\/350\/revisions\/747"}],"wp:featuredmedia":[{"embeddable":true,"href":"https:\/\/www.echoppe-francaise.fr\/blog\/wp-json\/wp\/v2\/media\/367"}],"wp:attachment":[{"href":"https:\/\/www.echoppe-francaise.fr\/blog\/wp-json\/wp\/v2\/media?parent=350"}],"wp:term":[{"taxonomy":"category","embeddable":true,"href":"https:\/\/www.echoppe-francaise.fr\/blog\/wp-json\/wp\/v2\/categories?post=350"},{"taxonomy":"post_tag","embeddable":true,"href":"https:\/\/www.echoppe-francaise.fr\/blog\/wp-json\/wp\/v2\/tags?post=350"}],"curies":[{"name":"wp","href":"https:\/\/api.w.org\/{rel}","templated":true}]}}