{"id":2504,"date":"2026-03-19T15:46:17","date_gmt":"2026-03-19T14:46:17","guid":{"rendered":"https:\/\/www.echoppe-francaise.fr\/blog\/?p=2504"},"modified":"2026-03-23T14:54:42","modified_gmt":"2026-03-23T13:54:42","slug":"guide-bandeau-cheveux","status":"publish","type":"post","link":"https:\/\/www.echoppe-francaise.fr\/blog\/guide-bandeau-cheveux\/","title":{"rendered":"Bandeau cheveux femme : le guide ultime"},"content":{"rendered":"\n<p class=\"has-background wp-block-paragraph\" style=\"background-color:#add8e6\">L&rsquo;essentiel \u00e0 retenir : le <strong>secret d&rsquo;un maintien parfait<\/strong> r\u00e9side dans le choix de mati\u00e8res textur\u00e9es comme le coton bio ou le velours, associ\u00e9es \u00e0 des \u00e9pingles invisibles plac\u00e9es en croix derri\u00e8re les oreilles. Cette astuce garantit un <strong>confort durable sans glisser<\/strong>, tout en sublimant votre morphologie. Un accessoire artisanal fran\u00e7ais reste le meilleur alli\u00e9 pour allier \u00e9thique et \u00e9l\u00e9gance quotidienne.<\/p>\n\n\n\n<p class=\"wp-block-paragraph\">Marre de votre bandeau cheveux qui glisse sans cesse ou \u00e9crase votre volume d\u00e8s le premier mouvement ? Ce guide ultime vous livre toutes les astuces pour <strong>dompter cet accessoire et sublimer votre morphologie<\/strong> gr\u00e2ce \u00e0 des mati\u00e8res naturelles comme le coton bio ou le velours. D\u00e9couvrez comment fixer durablement votre coiffure avec des techniques de pro et choisissez enfin la pi\u00e8ce artisanale qui fera rayonner votre teint en toute occasion.<\/p>\n\n\n\n<ol class=\"wp-block-list\">\n<li><a href=\"#styles-bandeau-cheveux-matieres-naturelles\">Les styles de bandeau cheveux et le choix des textiles naturels<\/a><\/li>\n\n\n\n<li><a href=\"#morphology-et-techniques-de-coiffage\">Adapter le port du bandeau \u00e0 votre morphologie<\/a><\/li>\n\n\n\n<li><a href=\"#solutions-anti-glisse-maintien-bandeau\">3 m\u00e9thodes concr\u00e8tes pour fixer un bandeau glissant<\/a><\/li>\n\n\n\n<li><a href=\"#occasions-speciales-entretien-accessoires-artisanaux\">Accessoiriser une tenue en un instant<\/a><\/li>\n<\/ol>\n\n\n\n<h2 class=\"wp-block-heading\">Les styles de bandeau cheveux et le choix des textiles naturels<\/h2>\n\n\n\n<p class=\"wp-block-paragraph\">Apr\u00e8s avoir explor\u00e9 l&rsquo;univers des accessoires faits main, attardons-nous sur <strong>l&rsquo;importance cruciale des mati\u00e8res premi\u00e8res s\u00e9lectionn\u00e9es<\/strong> par nos cr\u00e9ateurs.<\/p>\n\n\n\n<h3 class=\"wp-block-heading\">Pourquoi privil\u00e9gier le coton bio, la laine ou le velours<\/h3>\n\n\n\n<p class=\"wp-block-paragraph\">Le <strong>coton bio respire merveilleusement bien<\/strong>. \u00c0 l&rsquo;inverse, la laine m\u00e9rinos devient votre meilleure alli\u00e9e pour isoler efficacement votre t\u00eate du froid hivernal.<\/p>\n\n\n\n<p class=\"wp-block-paragraph\">Le velours et la laine sont des <strong>alternatives chics au bonnet classique<\/strong>. Ces fibres nobles conservent la chaleur sans jamais \u00e9touffer votre cuir chevelu ou vos racines.<\/p>\n\n\n\n<p class=\"wp-block-paragraph\">Opter pour des mati\u00e8res naturelles garantit un <strong>confort absolu<\/strong>. Elles respectent votre peau sensible et <a href=\"https:\/\/www.echoppe-francaise.fr\/blog\/comment-choisir-la-bonne-couleur-pour-votre-bandeau\/\">choisir la bonne couleur pour votre bandeau<\/a> devient alors un pur plaisir quotidien.<\/p>\n\n\n\n<h3 class=\"wp-block-heading\">La sup\u00e9riorit\u00e9 des finitions artisanales faites en France<\/h3>\n\n\n\n<p class=\"wp-block-paragraph\">Le travail manuel apporte un suppl\u00e9ment d&rsquo;\u00e2me ind\u00e9niable. Chaque pi\u00e8ce est unique car elle provient de petites s\u00e9ries confectionn\u00e9es avec une immense patience. L&rsquo;artisanat permet de surveiller chaque d\u00e9tail. Cette rigueur <strong>se voit tout de suite sur la qualit\u00e9 finale<\/strong>.<\/p>\n\n\n\n<p class=\"wp-block-paragraph\">La durabilit\u00e9 change la donne. Un accessoire fabriqu\u00e9 localement <strong>encaisse mieux les ann\u00e9es<\/strong>. Il r\u00e9siste aussi parfaitement aux lavages r\u00e9p\u00e9t\u00e9s sans se d\u00e9former.<\/p>\n\n\n\n<p class=\"wp-block-paragraph\">Acheter local est un acte engag\u00e9. Soutenir nos cr\u00e9ateurs fran\u00e7ais aide \u00e0 <strong>prot\u00e9ger des savoir-faire traditionnels<\/strong> qui sont tout simplement pr\u00e9cieux.<\/p>\n\n\n\n<h2 class=\"wp-block-heading\">Adapter le port du bandeau \u00e0 votre morphologie<\/h2>\n\n\n\n<p class=\"wp-block-paragraph\">Une fois la mati\u00e8re id\u00e9ale trouv\u00e9e, il s&rsquo;agit de comprendre comment cet accessoire peut <strong>sublimer les traits de votre visage<\/strong>.<\/p>\n\n\n\n<h3 class=\"wp-block-heading\">Harmoniser l&rsquo;accessoire avec la forme de votre visage<\/h3>\n\n\n\n<p class=\"wp-block-paragraph\">Jouez sur la largeur pour <strong>\u00e9quilibrer vos volumes<\/strong>. Un bandeau large est parfait pour les visages allong\u00e9s. Les mod\u00e8les fins, eux, adoucissent les m\u00e2choires carr\u00e9es.<\/p>\n\n\n\n<p class=\"wp-block-paragraph\">D\u00e9gagez votre regard avec pr\u00e9cision. Placez le tissu juste au-dessus de la naissance des cheveux. <strong>Vos sourcils restent ainsi libres<\/strong> pour exprimer toutes vos \u00e9motions.<\/p>\n\n\n\n<p class=\"wp-block-paragraph\">Pensez aussi \u00e0 votre teint. <strong>Accorder la couleur du textile \u00e0 votre carnation<\/strong> booste l&rsquo;\u00e9clat de votre visage. Trouvez le <a href=\"https:\/\/www.echoppe-francaise.fr\/blog\/comment-choisir-le-headband-parfait-pour-completer-votre-tenue\/\">headband parfait<\/a> pour illuminer votre style.<\/p>\n\n\n\n<h3 class=\"wp-block-heading\">Placer l&rsquo;accessoire sur cheveux l\u00e2ch\u00e9s ou attach\u00e9s<\/h3>\n\n\n\n<p class=\"wp-block-paragraph\"><strong>Domptez vos cheveux courts ou longs sans peine<\/strong>. Ne pas \u00e9craser les racines pr\u00e9serve votre volume naturel. Glissez l&rsquo;accessoire par le haut. Ajustez ensuite les m\u00e8ches vers vos oreilles.<\/p>\n\n\n\n<p class=\"wp-block-paragraph\">Variez les plaisirs selon vos envies. Le chignon haut ou la demi-queue matchent super bien avec un turban crois\u00e9. C&rsquo;est <strong>le duo gagnant pour un look travaill\u00e9<\/strong>.<\/p>\n\n\n\n<p class=\"wp-block-paragraph\">C&rsquo;est l&rsquo;atout des matins press\u00e9s. Le bandeau cheveux <strong>structure votre coiffure en trente secondes chrono<\/strong>. Voici quelques options rapides :<\/p>\n\n\n\n<ul class=\"wp-block-list\">\n<li>Coiffure sur cheveux l\u00e2ch\u00e9s pour un <strong>style boh\u00e8me<\/strong><\/li>\n\n\n\n<li><strong>Chignon flou avec bandeau<\/strong> pour un look romantique<\/li>\n\n\n\n<li><strong>Queue-de-cheval haute accessoiris\u00e9e<\/strong> pour le sport<\/li>\n<\/ul>\n\n\n\n<h2 class=\"wp-block-heading\">3 m\u00e9thodes concr\u00e8tes pour fixer un bandeau glissant<\/h2>\n\n\n\n<p class=\"wp-block-paragraph\">Le style est une chose, mais le <strong>confort passe avant tout par un maintien irr\u00e9prochable<\/strong> tout au long de la journ\u00e9e.<\/p>\n\n\n\n<h3 class=\"wp-block-heading\">Texturiser la fibre capillaire avant la pose<\/h3>\n\n\n\n<p class=\"wp-block-paragraph\">Utilisez imp\u00e9rativement des produits texturants. Le shampoing sec ou un spray salin <strong>cr\u00e9ent l&rsquo;accroche n\u00e9cessaire<\/strong>. Cela emp\u00eache le tissu de glisser sur vos cheveux propres.<\/p>\n\n\n\n<p class=\"wp-block-paragraph\">\u00c9vitez les brushings trop lisses. Les huiles capillaires sont aussi vos ennemies ici. Elles <strong>rendent la fibre beaucoup trop glissante<\/strong> pour l&rsquo;accessoire.<\/p>\n\n\n\n<p class=\"wp-block-paragraph\">Cr\u00eapez l\u00e9g\u00e8rement vos racines \u00e0 l&rsquo;arri\u00e8re. Cette astuce permet de <strong>caler le bandeau durablement<\/strong> sur les cheveux fins.<\/p>\n\n\n\n<h3 class=\"wp-block-heading\">Ma\u00eetriser l&rsquo;usage des \u00e9pingles invisibles<\/h3>\n\n\n\n<p class=\"wp-block-paragraph\">Placez des \u00e9pingles plates derri\u00e8re les oreilles. Croisez-les en X pour verrouiller le textile efficacement. Choisissez une couleur proche de votre chevelure. <strong>Cette astuce change vraiment la donne<\/strong>.<\/p>\n\n\n\n<p class=\"wp-block-paragraph\">Enroulez les m\u00e8ches de devant autour du tissu. Cette technique du twist <strong>stabilise l&rsquo;ensemble tr\u00e8s naturellement<\/strong>.<\/p>\n\n\n\n<p class=\"wp-block-paragraph\">Privil\u00e9giez les mod\u00e8les avec une bande \u00e9lastique souple. Consultez ce <a href=\"https:\/\/www.echoppe-francaise.fr\/blog\/guide-pour-coiffer-vos-cheveux-avec-un-bandeau\/\">guide pour coiffer vos cheveux avec un bandeau<\/a> pour <strong>adapter l&rsquo;accessoire \u00e0 votre tour de t\u00eate<\/strong>.<\/p>\n\n\n\n<h2 class=\"wp-block-heading\">Accessoiriser une tenue en un instant<\/h2>\n\n\n\n<p class=\"wp-block-paragraph\">Au-del\u00e0 de l&rsquo;aspect pratique, le bandeau s&rsquo;impose comme la pi\u00e8ce ma\u00eetresse pour <strong>transformer une tenue ordinaire en un look iconique<\/strong>.<\/p>\n\n\n\n<h3 class=\"wp-block-heading\">Sublimer un look de mariage ou de c\u00e9r\u00e9monie<\/h3>\n\n\n\n<p class=\"wp-block-paragraph\">Le <strong>bandeau s&rsquo;invite comme un bijou de t\u00eate<\/strong> pour vos grands jours. Pour un mariage, pr\u00e9f\u00e9rez des mod\u00e8les orn\u00e9s de perles ou de fils dor\u00e9s. L&rsquo;\u00e9l\u00e9gance r\u00e9side dans la simplicit\u00e9.<\/p>\n\n\n\n<p class=\"wp-block-paragraph\">R\u00e9veillez une robe sobre avec un accessoire color\u00e9. Ce <strong>contraste apporte une modernit\u00e9 imm\u00e9diate<\/strong> \u00e0 votre silhouette. Trouvez votre bonheur parmi notre s\u00e9lection de <a href=\"https:\/\/www.echoppe-francaise.fr\/headband-bandeau-cheveux_46\">bandeaux cheveux<\/a> artisanaux.<\/p>\n\n\n\n<p class=\"wp-block-paragraph\">Offrir un accessoire unique est une attention d\u00e9licate pour une demoiselle d&rsquo;honneur. C&rsquo;est le <strong>cadeau artisanal qui marque les esprits<\/strong>.<\/p>\n\n\n\n<h3 class=\"wp-block-heading\">Routine de soin pour pr\u00e9server les fibres textiles<\/h3>\n\n\n\n<p class=\"wp-block-paragraph\">Un lavage \u00e0 la main est recommand\u00e9 pour vos accessoires. Utilisez de l&rsquo;eau ti\u00e8de et un savon doux pour garder les couleurs. Ne tordez jamais le tissu. <strong>Faites-le s\u00e9cher \u00e0 plat loin du soleil<\/strong>.<\/p>\n\n\n\n<p class=\"wp-block-paragraph\">Prenez soin du stockage de vos tr\u00e9sors. Rangez vos bandeaux \u00e0 plat dans un tiroir. Cela <strong>\u00e9vite de d\u00e9tendre les \u00e9lastiques<\/strong> de nos cr\u00e9ateurs.<\/p>\n\n\n\n<p class=\"wp-block-paragraph\">Le velours demande un brossage l\u00e9ger. C&rsquo;est le secret pour <strong>conserver son aspect soyeux d&rsquo;origine durablement<\/strong>.<\/p>\n\n\n\n<h3 class=\"wp-block-heading\">L&rsquo;histoire du bandeau comme ic\u00f4ne de mode intemporelle<\/h3>\n\n\n\n<p class=\"wp-block-paragraph\">Du bandeau des ann\u00e9es 20 \u00e0 la pi\u00e8ce actuelle, cet accessoire traverse les \u00e9poques. Son charme vintage reste inchang\u00e9. C&rsquo;est un <strong>v\u00e9ritable ind\u00e9modable<\/strong>.<\/p>\n\n\n\n<p class=\"wp-block-paragraph\">Le bandeau est aussi <strong>l&rsquo;alli\u00e9 de votre routine beaut\u00e9<\/strong>. Il prot\u00e8ge vos cheveux des produits cosm\u00e9tiques lors du maquillage. C&rsquo;est l&rsquo;accessoire pratique par excellence.<\/p>\n\n\n\n<p class=\"wp-block-paragraph\">Adopter ce style, c&rsquo;est choisir une <strong>allure affirm\u00e9e<\/strong>. Portez-le pour pimenter votre quotidien avec une touche d&rsquo;originalit\u00e9 artisanale.<\/p>\n\n\n\n<div style=\"overflow:auto;max-width:100%\">\n<table>\n<thead>\n<tr>\n<th>Type de bandeau<\/th>\n<th>Mati\u00e8re id\u00e9ale<\/th>\n<th>Usage recommand\u00e9<\/th>\n<th>Style de coiffure<\/th>\n<\/tr>\n<\/thead>\n<tbody>\n<tr>\n<td>Turban<\/td>\n<td>Coton<\/td>\n<td>Quotidien<\/td>\n<td>Cheveux l\u00e2ch\u00e9s<\/td>\n<\/tr>\n<tr>\n<td>Bandeau crois\u00e9<\/td>\n<td>Coton bio<\/td>\n<td>Sortie<\/td>\n<td>Chignon flou<\/td>\n<\/tr>\n<tr>\n<td>Bandeau bijou<\/td>\n<td>Soie<\/td>\n<td>Soir\u00e9e<\/td>\n<td>Demi-queue<\/td>\n<\/tr>\n<tr>\n<td>Bandeau jersey<\/td>\n<td>Coton<\/td>\n<td>Sport<\/td>\n<td>Queue-de-cheval<\/td>\n<\/tr>\n<tr>\n<td>Bandeau laine<\/td>\n<td>Laine<\/td>\n<td>Hiver<\/td>\n<td>Cheveux l\u00e2ch\u00e9s<\/td>\n<\/tr>\n<tr>\n<td>Bandeau satin<\/td>\n<td>Satin<\/td>\n<td>Chic<\/td>\n<td>Chignon haut<\/td>\n<\/tr>\n<\/tbody>\n<\/table>\n<\/div>\n\n\n\n<p class=\"wp-block-paragraph\">Sublimez votre visage en choisissant des mati\u00e8res naturelles et une fabrication artisanale fran\u00e7aise pour un confort absolu. Adoptez d\u00e8s maintenant les bonnes techniques de fixation pour que votre bandeau cheveux reste parfaitement en place toute la journ\u00e9e. <strong>Rayonnez avec une allure affirm\u00e9e et un style unique<\/strong><\/p>\n\n\n\n<h2 class=\"wp-block-heading\">FAQ<\/h2>\n\n\n\n<h3 class=\"wp-block-heading\">Pourquoi mon bandeau ne tient-il pas en place et finit-il par glisser ?<\/h3>\n\n\n\n<p class=\"wp-block-paragraph\">C&rsquo;est la question que l&rsquo;on se pose toutes ! Souvent, le coupable est la nature m\u00eame de vos cheveux : s&rsquo;ils sont trop fins, tr\u00e8s lisses ou tout simplement trop propres, <strong>ils manquent d&rsquo;adh\u00e9rence<\/strong>. Les mati\u00e8res ultra-lisses comme le satin ou la soie, bien que tr\u00e8s jolies, ont aussi tendance \u00e0 glisser plus facilement que le coton textur\u00e9 ou le velours.<\/p>\n\n\n\n<p class=\"wp-block-paragraph\">L&rsquo;utilisation de produits lissants ou un brushing trop impeccable accentuent ce ph\u00e9nom\u00e8ne. Pour un maintien au top, <strong>privil\u00e9giez des accessoires en fibres naturelles<\/strong> comme ceux de l&rsquo;\u00c9choppe Fran\u00e7aise, qui accrochent mieux la fibre capillaire que les mod\u00e8les industriels synth\u00e9tiques.<\/p>\n\n\n\n<h3 class=\"wp-block-heading\">Comment faire pour qu&rsquo;un bandeau reste bien fix\u00e9 toute la journ\u00e9e ?<\/h3>\n\n\n\n<p class=\"wp-block-paragraph\">Pas de panique, j&rsquo;ai des astuces de pro pour vous ! La r\u00e8gle d&rsquo;or est de <strong>texturiser vos cheveux avant la pose<\/strong> : un pschiit de shampoing sec, un spray salin ou un peu de poudre volumisante cr\u00e9eront l&rsquo;accroche n\u00e9cessaire. Vous pouvez aussi cr\u00eaper l\u00e9g\u00e8rement les racines \u00e0 l&rsquo;arri\u00e8re pour \u00ab\u00a0caler\u00a0\u00bb l&rsquo;\u00e9lastique.<\/p>\n\n\n\n<p class=\"wp-block-paragraph\">Le secret ultime ? Utilisez deux petites \u00e9pingles invisibles plac\u00e9es en croix derri\u00e8re les oreilles. Vous pouvez aussi tester la technique du \u00ab\u00a0twist\u00a0\u00bb en enroulant quelques m\u00e8ches de devant autour du bandeau pour le verrouiller naturellement. Avec \u00e7a, promis, <strong>il ne bougera plus d&rsquo;un poil<\/strong> !<\/p>\n\n\n\n<h3 class=\"wp-block-heading\">Comment porter un bandeau avec style quand on a les cheveux courts ?<\/h3>\n\n\n\n<p class=\"wp-block-paragraph\">Le bandeau est l&rsquo;alli\u00e9 parfait des coupes courtes pour <strong>structurer le visage en un clin d&rsquo;\u0153il<\/strong> ! Pour un look raffin\u00e9, je vous conseille de choisir un mod\u00e8le fin ou un bandeau bijou qui n&rsquo;alourdira pas votre coiffure. Placez-le \u00e0 environ 2 ou 3 cm de la racine des cheveux pour un style classique et \u00e9l\u00e9gant.<\/p>\n\n\n\n<p class=\"wp-block-paragraph\">Envie de volume ? Appliquez une mousse coiffante avant de poser votre accessoire. Un bandeau un peu plus large ou textur\u00e9 peut aussi <strong>cr\u00e9er une illusion de densit\u00e9<\/strong> tr\u00e8s sympa. L&rsquo;id\u00e9e, c&rsquo;est de bien d\u00e9gager vos sourcils pour illuminer votre regard et affirmer votre caract\u00e8re !<\/p>\n\n\n\n<h3 class=\"wp-block-heading\">Quelles sont les meilleures mati\u00e8res pour un bandeau confortable qui respecte le cuir chevelu ?<\/h3>\n\n\n\n<p class=\"wp-block-paragraph\">Pour chouchouter votre t\u00eate, rien ne vaut <strong>les mati\u00e8res naturelles<\/strong> ! Le coton bio et le lin sont des champions de la respirabilit\u00e9, ce qui \u00e9vite les d\u00e9mangeaisons, surtout quand il fait chaud. La laine m\u00e9rinos ou le velours sont, quant \u00e0 eux, parfaits pour rester au chaud l&rsquo;hiver sans \u00e9touffer votre cuir chevelu.<\/p>\n\n\n\n<p class=\"wp-block-paragraph\">En choisissant des cr\u00e9ations artisanales fran\u00e7aises, vous profitez de finitions soign\u00e9es et de textiles souvent certifi\u00e9s (comme le label Oeko-tex), garantissant l&rsquo;absence de substances nocives. C&rsquo;est l&rsquo;assurance d&rsquo;un <strong>accessoire doux, \u00e9thique et durable<\/strong> qui respecte votre peau sensible au quotidien.<\/p>\n\n\n\n<h3 class=\"wp-block-heading\">Comment choisir son bandeau en fonction de la forme de son visage ?<\/h3>\n\n\n\n<p class=\"wp-block-paragraph\"><strong>C&rsquo;est tout un art de l&rsquo;\u00e9quilibre<\/strong> ! Si vous avez un visage rond, portez votre bandeau assez haut sur le cr\u00e2ne pour allonger vos traits. Pour les visages allong\u00e9s, un mod\u00e8le large sera parfait pour harmoniser les volumes. Vous avez une m\u00e2choire un peu carr\u00e9e ? Optez pour des mati\u00e8res souples et des mod\u00e8les fins qui adouciront vos traits.<\/p>\n\n\n\n<p class=\"wp-block-paragraph\">N&rsquo;oubliez pas non plus votre carnation ! Accorder la couleur de votre bandeau \u00e0 votre teint boostera votre \u00e9clat naturel. Un petit tour sur le guide des couleurs de l&rsquo;\u00c9choppe Fran\u00e7aise pourra d&rsquo;ailleurs vous aider \u00e0 d\u00e9nicher la nuance parfaite pour <strong>sublimer votre visage<\/strong>.<\/p>\n","protected":false},"excerpt":{"rendered":"<p>L&rsquo;essentiel \u00e0 retenir : le secret d&rsquo;un maintien parfait r\u00e9side dans le choix de mati\u00e8res textur\u00e9es comme le coton bio ou le velours, associ\u00e9es \u00e0 des \u00e9pingles invisibles plac\u00e9es en croix derri\u00e8re les oreilles. Cette astuce garantit un confort durable sans glisser, tout en sublimant votre morphologie. Un accessoire artisanal fran\u00e7ais reste le meilleur alli\u00e9&hellip;&nbsp;<\/p>\n","protected":false},"author":6,"featured_media":0,"comment_status":"closed","ping_status":"open","sticky":false,"template":"","format":"standard","meta":{"_crdt_document":"","neve_meta_sidebar":"","neve_meta_container":"","neve_meta_enable_content_width":"","neve_meta_content_width":0,"neve_meta_title_alignment":"","neve_meta_author_avatar":"","neve_post_elements_order":"","neve_meta_disable_header":"","neve_meta_disable_footer":"","neve_meta_disable_title":"","footnotes":""},"categories":[131],"tags":[],"class_list":["post-2504","post","type-post","status-publish","format-standard","hentry","category-guide-bandeau"],"yoast_head":"<!-- This site is optimized with the Yoast SEO plugin v27.5 - https:\/\/yoast.com\/product\/yoast-seo-wordpress\/ -->\n<title>Bandeau Cheveux | Guide 2026 : Choisir et bien le Fixer<\/title>\n<meta name=\"description\" content=\"Sublimez votre style avec un bandeau fabriqu\u00e9 en France. D\u00e9couvrez nos conseils pour choisir, fixer et porter cet accessoire en 2026.\" \/>\n<meta name=\"robots\" content=\"index, follow, max-snippet:-1, max-image-preview:large, max-video-preview:-1\" \/>\n<link rel=\"canonical\" href=\"https:\/\/www.echoppe-francaise.fr\/blog\/guide-bandeau-cheveux\/\" \/>\n<meta property=\"og:locale\" content=\"fr_FR\" \/>\n<meta property=\"og:type\" content=\"article\" \/>\n<meta property=\"og:title\" content=\"Bandeau Cheveux | Guide 2026 : Choisir et bien le Fixer\" \/>\n<meta property=\"og:description\" content=\"Sublimez votre style avec un bandeau fabriqu\u00e9 en France. D\u00e9couvrez nos conseils pour choisir, fixer et porter cet accessoire en 2026.\" \/>\n<meta property=\"og:url\" content=\"https:\/\/www.echoppe-francaise.fr\/blog\/guide-bandeau-cheveux\/\" \/>\n<meta property=\"og:site_name\" content=\"\u00c9choppe Fran\u00e7aise, le Blog\" \/>\n<meta property=\"article:published_time\" content=\"2026-03-19T14:46:17+00:00\" \/>\n<meta property=\"article:modified_time\" content=\"2026-03-23T13:54:42+00:00\" \/>\n<meta name=\"author\" content=\"AntoineR\" \/>\n<meta name=\"twitter:card\" content=\"summary_large_image\" \/>\n<meta name=\"twitter:label1\" content=\"\u00c9crit par\" \/>\n\t<meta name=\"twitter:data1\" content=\"AntoineR\" \/>\n\t<meta name=\"twitter:label2\" content=\"Dur\u00e9e de lecture estim\u00e9e\" \/>\n\t<meta name=\"twitter:data2\" content=\"9 minutes\" \/>\n<script type=\"application\/ld+json\" class=\"yoast-schema-graph\">{\"@context\":\"https:\\\/\\\/schema.org\",\"@graph\":[{\"@type\":\"Article\",\"@id\":\"https:\\\/\\\/www.echoppe-francaise.fr\\\/blog\\\/guide-bandeau-cheveux\\\/#article\",\"isPartOf\":{\"@id\":\"https:\\\/\\\/www.echoppe-francaise.fr\\\/blog\\\/guide-bandeau-cheveux\\\/\"},\"author\":{\"name\":\"AntoineR\",\"@id\":\"https:\\\/\\\/www.echoppe-francaise.fr\\\/blog\\\/#\\\/schema\\\/person\\\/eef9eb08fd5394e6899ff8e6c5045b52\"},\"headline\":\"Bandeau cheveux femme : le guide ultime\",\"datePublished\":\"2026-03-19T14:46:17+00:00\",\"dateModified\":\"2026-03-23T13:54:42+00:00\",\"mainEntityOfPage\":{\"@id\":\"https:\\\/\\\/www.echoppe-francaise.fr\\\/blog\\\/guide-bandeau-cheveux\\\/\"},\"wordCount\":1825,\"publisher\":{\"@id\":\"https:\\\/\\\/www.echoppe-francaise.fr\\\/blog\\\/#organization\"},\"articleSection\":[\"Guide Headband \\\/ Bandeau\"],\"inLanguage\":\"fr-FR\"},{\"@type\":\"WebPage\",\"@id\":\"https:\\\/\\\/www.echoppe-francaise.fr\\\/blog\\\/guide-bandeau-cheveux\\\/\",\"url\":\"https:\\\/\\\/www.echoppe-francaise.fr\\\/blog\\\/guide-bandeau-cheveux\\\/\",\"name\":\"Bandeau Cheveux | Guide 2026 : Choisir et bien le Fixer\",\"isPartOf\":{\"@id\":\"https:\\\/\\\/www.echoppe-francaise.fr\\\/blog\\\/#website\"},\"datePublished\":\"2026-03-19T14:46:17+00:00\",\"dateModified\":\"2026-03-23T13:54:42+00:00\",\"description\":\"Sublimez votre style avec un bandeau fabriqu\u00e9 en France. D\u00e9couvrez nos conseils pour choisir, fixer et porter cet accessoire en 2026.\",\"breadcrumb\":{\"@id\":\"https:\\\/\\\/www.echoppe-francaise.fr\\\/blog\\\/guide-bandeau-cheveux\\\/#breadcrumb\"},\"inLanguage\":\"fr-FR\",\"potentialAction\":[{\"@type\":\"ReadAction\",\"target\":[\"https:\\\/\\\/www.echoppe-francaise.fr\\\/blog\\\/guide-bandeau-cheveux\\\/\"]}]},{\"@type\":\"BreadcrumbList\",\"@id\":\"https:\\\/\\\/www.echoppe-francaise.fr\\\/blog\\\/guide-bandeau-cheveux\\\/#breadcrumb\",\"itemListElement\":[{\"@type\":\"ListItem\",\"position\":1,\"name\":\"Accueil\",\"item\":\"https:\\\/\\\/www.echoppe-francaise.fr\\\/blog\\\/\"},{\"@type\":\"ListItem\",\"position\":2,\"name\":\"Bandeau cheveux femme : le guide ultime\"}]},{\"@type\":\"WebSite\",\"@id\":\"https:\\\/\\\/www.echoppe-francaise.fr\\\/blog\\\/#website\",\"url\":\"https:\\\/\\\/www.echoppe-francaise.fr\\\/blog\\\/\",\"name\":\"\u00c9choppe Fran\u00e7aise, le Blog\",\"description\":\"Le blog des Cr\u00e9atrices et Cr\u00e9ateurs fran\u00e7ais\",\"publisher\":{\"@id\":\"https:\\\/\\\/www.echoppe-francaise.fr\\\/blog\\\/#organization\"},\"potentialAction\":[{\"@type\":\"SearchAction\",\"target\":{\"@type\":\"EntryPoint\",\"urlTemplate\":\"https:\\\/\\\/www.echoppe-francaise.fr\\\/blog\\\/?s={search_term_string}\"},\"query-input\":{\"@type\":\"PropertyValueSpecification\",\"valueRequired\":true,\"valueName\":\"search_term_string\"}}],\"inLanguage\":\"fr-FR\"},{\"@type\":\"Organization\",\"@id\":\"https:\\\/\\\/www.echoppe-francaise.fr\\\/blog\\\/#organization\",\"name\":\"L'\u00e9choppe Fran\u00e7aise\",\"url\":\"https:\\\/\\\/www.echoppe-francaise.fr\\\/blog\\\/\",\"logo\":{\"@type\":\"ImageObject\",\"inLanguage\":\"fr-FR\",\"@id\":\"https:\\\/\\\/www.echoppe-francaise.fr\\\/blog\\\/#\\\/schema\\\/logo\\\/image\\\/\",\"url\":\"https:\\\/\\\/www.echoppe-francaise.fr\\\/blog\\\/wp-content\\\/uploads\\\/2017\\\/04\\\/echoppe-francaise-logo-1489412704.png\",\"contentUrl\":\"https:\\\/\\\/www.echoppe-francaise.fr\\\/blog\\\/wp-content\\\/uploads\\\/2017\\\/04\\\/echoppe-francaise-logo-1489412704.png\",\"width\":492,\"height\":270,\"caption\":\"L'\u00e9choppe Fran\u00e7aise\"},\"image\":{\"@id\":\"https:\\\/\\\/www.echoppe-francaise.fr\\\/blog\\\/#\\\/schema\\\/logo\\\/image\\\/\"}},{\"@type\":\"Person\",\"@id\":\"https:\\\/\\\/www.echoppe-francaise.fr\\\/blog\\\/#\\\/schema\\\/person\\\/eef9eb08fd5394e6899ff8e6c5045b52\",\"name\":\"AntoineR\",\"image\":{\"@type\":\"ImageObject\",\"inLanguage\":\"fr-FR\",\"@id\":\"https:\\\/\\\/secure.gravatar.com\\\/avatar\\\/11538476e65f843df3f3d146f6b3798ffda7e7510e46d9566b2379eca1b1cf4d?s=96&d=mm&r=g\",\"url\":\"https:\\\/\\\/secure.gravatar.com\\\/avatar\\\/11538476e65f843df3f3d146f6b3798ffda7e7510e46d9566b2379eca1b1cf4d?s=96&d=mm&r=g\",\"contentUrl\":\"https:\\\/\\\/secure.gravatar.com\\\/avatar\\\/11538476e65f843df3f3d146f6b3798ffda7e7510e46d9566b2379eca1b1cf4d?s=96&d=mm&r=g\",\"caption\":\"AntoineR\"},\"url\":\"https:\\\/\\\/www.echoppe-francaise.fr\\\/blog\\\/author\\\/antoiner\\\/\"}]}<\/script>\n<!-- \/ Yoast SEO plugin. -->","yoast_head_json":{"title":"Bandeau Cheveux | Guide 2026 : Choisir et bien le Fixer","description":"Sublimez votre style avec un bandeau fabriqu\u00e9 en France. D\u00e9couvrez nos conseils pour choisir, fixer et porter cet accessoire en 2026.","robots":{"index":"index","follow":"follow","max-snippet":"max-snippet:-1","max-image-preview":"max-image-preview:large","max-video-preview":"max-video-preview:-1"},"canonical":"https:\/\/www.echoppe-francaise.fr\/blog\/guide-bandeau-cheveux\/","og_locale":"fr_FR","og_type":"article","og_title":"Bandeau Cheveux | Guide 2026 : Choisir et bien le Fixer","og_description":"Sublimez votre style avec un bandeau fabriqu\u00e9 en France. D\u00e9couvrez nos conseils pour choisir, fixer et porter cet accessoire en 2026.","og_url":"https:\/\/www.echoppe-francaise.fr\/blog\/guide-bandeau-cheveux\/","og_site_name":"\u00c9choppe Fran\u00e7aise, le Blog","article_published_time":"2026-03-19T14:46:17+00:00","article_modified_time":"2026-03-23T13:54:42+00:00","author":"AntoineR","twitter_card":"summary_large_image","twitter_misc":{"\u00c9crit par":"AntoineR","Dur\u00e9e de lecture estim\u00e9e":"9 minutes"},"schema":{"@context":"https:\/\/schema.org","@graph":[{"@type":"Article","@id":"https:\/\/www.echoppe-francaise.fr\/blog\/guide-bandeau-cheveux\/#article","isPartOf":{"@id":"https:\/\/www.echoppe-francaise.fr\/blog\/guide-bandeau-cheveux\/"},"author":{"name":"AntoineR","@id":"https:\/\/www.echoppe-francaise.fr\/blog\/#\/schema\/person\/eef9eb08fd5394e6899ff8e6c5045b52"},"headline":"Bandeau cheveux femme : le guide ultime","datePublished":"2026-03-19T14:46:17+00:00","dateModified":"2026-03-23T13:54:42+00:00","mainEntityOfPage":{"@id":"https:\/\/www.echoppe-francaise.fr\/blog\/guide-bandeau-cheveux\/"},"wordCount":1825,"publisher":{"@id":"https:\/\/www.echoppe-francaise.fr\/blog\/#organization"},"articleSection":["Guide Headband \/ Bandeau"],"inLanguage":"fr-FR"},{"@type":"WebPage","@id":"https:\/\/www.echoppe-francaise.fr\/blog\/guide-bandeau-cheveux\/","url":"https:\/\/www.echoppe-francaise.fr\/blog\/guide-bandeau-cheveux\/","name":"Bandeau Cheveux | Guide 2026 : Choisir et bien le Fixer","isPartOf":{"@id":"https:\/\/www.echoppe-francaise.fr\/blog\/#website"},"datePublished":"2026-03-19T14:46:17+00:00","dateModified":"2026-03-23T13:54:42+00:00","description":"Sublimez votre style avec un bandeau fabriqu\u00e9 en France. D\u00e9couvrez nos conseils pour choisir, fixer et porter cet accessoire en 2026.","breadcrumb":{"@id":"https:\/\/www.echoppe-francaise.fr\/blog\/guide-bandeau-cheveux\/#breadcrumb"},"inLanguage":"fr-FR","potentialAction":[{"@type":"ReadAction","target":["https:\/\/www.echoppe-francaise.fr\/blog\/guide-bandeau-cheveux\/"]}]},{"@type":"BreadcrumbList","@id":"https:\/\/www.echoppe-francaise.fr\/blog\/guide-bandeau-cheveux\/#breadcrumb","itemListElement":[{"@type":"ListItem","position":1,"name":"Accueil","item":"https:\/\/www.echoppe-francaise.fr\/blog\/"},{"@type":"ListItem","position":2,"name":"Bandeau cheveux femme : le guide ultime"}]},{"@type":"WebSite","@id":"https:\/\/www.echoppe-francaise.fr\/blog\/#website","url":"https:\/\/www.echoppe-francaise.fr\/blog\/","name":"\u00c9choppe Fran\u00e7aise, le Blog","description":"Le blog des Cr\u00e9atrices et Cr\u00e9ateurs fran\u00e7ais","publisher":{"@id":"https:\/\/www.echoppe-francaise.fr\/blog\/#organization"},"potentialAction":[{"@type":"SearchAction","target":{"@type":"EntryPoint","urlTemplate":"https:\/\/www.echoppe-francaise.fr\/blog\/?s={search_term_string}"},"query-input":{"@type":"PropertyValueSpecification","valueRequired":true,"valueName":"search_term_string"}}],"inLanguage":"fr-FR"},{"@type":"Organization","@id":"https:\/\/www.echoppe-francaise.fr\/blog\/#organization","name":"L'\u00e9choppe Fran\u00e7aise","url":"https:\/\/www.echoppe-francaise.fr\/blog\/","logo":{"@type":"ImageObject","inLanguage":"fr-FR","@id":"https:\/\/www.echoppe-francaise.fr\/blog\/#\/schema\/logo\/image\/","url":"https:\/\/www.echoppe-francaise.fr\/blog\/wp-content\/uploads\/2017\/04\/echoppe-francaise-logo-1489412704.png","contentUrl":"https:\/\/www.echoppe-francaise.fr\/blog\/wp-content\/uploads\/2017\/04\/echoppe-francaise-logo-1489412704.png","width":492,"height":270,"caption":"L'\u00e9choppe Fran\u00e7aise"},"image":{"@id":"https:\/\/www.echoppe-francaise.fr\/blog\/#\/schema\/logo\/image\/"}},{"@type":"Person","@id":"https:\/\/www.echoppe-francaise.fr\/blog\/#\/schema\/person\/eef9eb08fd5394e6899ff8e6c5045b52","name":"AntoineR","image":{"@type":"ImageObject","inLanguage":"fr-FR","@id":"https:\/\/secure.gravatar.com\/avatar\/11538476e65f843df3f3d146f6b3798ffda7e7510e46d9566b2379eca1b1cf4d?s=96&d=mm&r=g","url":"https:\/\/secure.gravatar.com\/avatar\/11538476e65f843df3f3d146f6b3798ffda7e7510e46d9566b2379eca1b1cf4d?s=96&d=mm&r=g","contentUrl":"https:\/\/secure.gravatar.com\/avatar\/11538476e65f843df3f3d146f6b3798ffda7e7510e46d9566b2379eca1b1cf4d?s=96&d=mm&r=g","caption":"AntoineR"},"url":"https:\/\/www.echoppe-francaise.fr\/blog\/author\/antoiner\/"}]}},"_links":{"self":[{"href":"https:\/\/www.echoppe-francaise.fr\/blog\/wp-json\/wp\/v2\/posts\/2504","targetHints":{"allow":["GET"]}}],"collection":[{"href":"https:\/\/www.echoppe-francaise.fr\/blog\/wp-json\/wp\/v2\/posts"}],"about":[{"href":"https:\/\/www.echoppe-francaise.fr\/blog\/wp-json\/wp\/v2\/types\/post"}],"author":[{"embeddable":true,"href":"https:\/\/www.echoppe-francaise.fr\/blog\/wp-json\/wp\/v2\/users\/6"}],"replies":[{"embeddable":true,"href":"https:\/\/www.echoppe-francaise.fr\/blog\/wp-json\/wp\/v2\/comments?post=2504"}],"version-history":[{"count":2,"href":"https:\/\/www.echoppe-francaise.fr\/blog\/wp-json\/wp\/v2\/posts\/2504\/revisions"}],"predecessor-version":[{"id":2508,"href":"https:\/\/www.echoppe-francaise.fr\/blog\/wp-json\/wp\/v2\/posts\/2504\/revisions\/2508"}],"wp:attachment":[{"href":"https:\/\/www.echoppe-francaise.fr\/blog\/wp-json\/wp\/v2\/media?parent=2504"}],"wp:term":[{"taxonomy":"category","embeddable":true,"href":"https:\/\/www.echoppe-francaise.fr\/blog\/wp-json\/wp\/v2\/categories?post=2504"},{"taxonomy":"post_tag","embeddable":true,"href":"https:\/\/www.echoppe-francaise.fr\/blog\/wp-json\/wp\/v2\/tags?post=2504"}],"curies":[{"name":"wp","href":"https:\/\/api.w.org\/{rel}","templated":true}]}}