{"id":2468,"date":"2026-03-16T18:29:41","date_gmt":"2026-03-16T17:29:41","guid":{"rendered":"https:\/\/www.echoppe-francaise.fr\/blog\/?p=2468"},"modified":"2026-03-18T11:09:30","modified_gmt":"2026-03-18T10:09:30","slug":"porter-bandeau-cheveux","status":"publish","type":"post","link":"https:\/\/www.echoppe-francaise.fr\/blog\/porter-bandeau-cheveux\/","title":{"rendered":"Comment porter un bandeau dans les cheveux avec style ?"},"content":{"rendered":"\n<p class=\"has-background wp-block-paragraph\" style=\"background-color:#add8e6\">L&rsquo;essentiel \u00e0 retenir : <strong>le bandeau est l&rsquo;outil ultime pour structurer votre visage<\/strong>, notamment en pla\u00e7ant l&rsquo;accessoire haut pour allonger les traits ronds ou en choisissant des mati\u00e8res souples comme le coton pour adoucir une m\u00e2choire carr\u00e9e. Cette astuce <strong>transforme instantan\u00e9ment votre allure tout en domptant les frisottis<\/strong>. <strong>Le point fort<\/strong> ? Il existe 7 fa\u00e7ons de le porter avec style.<\/p>\n\n\n\n<p class=\"wp-block-paragraph\">Marre de cet accessoire qui glisse sans cesse ou qui \u00e9crase vos racines d\u00e8s le matin ? D\u00e9couvrez enfin comment <strong>porter un bandeau dans les cheveux gr\u00e2ce \u00e0 7 styles<\/strong> irr\u00e9sistibles, du look boh\u00e8me sur le front au volume r\u00e9tro du bandeau retourn\u00e9. Adoptez ces astuces de pro pour sublimer votre visage et profitez d&rsquo;un maintien impeccable toute la journ\u00e9e avec les bonnes mati\u00e8res naturelles.<\/p>\n\n\n\n<ol class=\"wp-block-list\">\n<li><a href=\"#comment-porter-un-bandeau-dans-les-cheveux-selon-votre-visage\">Comment porter un bandeau dans les cheveux selon votre visage ?<\/a><\/li>\n\n\n\n<li><a href=\"#quatre-astuces-pour-sublimer-vos-cheveux-laches-au-quotidien\">Quatre astuces pour sublimer vos cheveux l\u00e2ch\u00e9s au quotidien<\/a><\/li>\n\n\n\n<li><a href=\"#trois-methodes-pour-integrer-le-bandeau-a-vos-attaches\">Trois m\u00e9thodes pour int\u00e9grer le bandeau \u00e0 vos attaches<\/a><\/li>\n\n\n\n<li><a href=\"#astuces-pour-fixer-votre-coiffure-et-choisir-l-artisanat-local\">Astuces pour fixer votre coiffure et choisir l&rsquo;artisanat local<\/a><\/li>\n<\/ol>\n\n\n\n<h2 class=\"wp-block-heading\">Comment porter un bandeau dans les cheveux selon votre visage ?<\/h2>\n\n\n\n<p class=\"wp-block-paragraph\">Apr\u00e8s avoir choisi un accessoire qui vous pla\u00eet, il faut encore savoir comment l&rsquo;<strong>accorder \u00e0 la morphologie de votre visage<\/strong> pour un rendu harmonieux.<\/p>\n\n\n\n<figure class=\"wp-block-image\"><img decoding=\"async\" src=\"https:\/\/www.echoppe-francaise.fr\/blog\/wp-content\/uploads\/2026\/03\/lart-du-bandeau-visages-and-styles.jpg\" alt=\"Femme portant un bandeau artisanal pour sublimer la forme de son visage\"\/><\/figure>\n\n\n\n<p class=\"wp-block-paragraph\"><\/p>\n\n\n\n<h3 class=\"wp-block-heading\">S\u00e9lectionner la pi\u00e8ce id\u00e9ale pour les visages ronds ou carr\u00e9s<\/h3>\n\n\n\n<p class=\"wp-block-paragraph\">Placer le bandeau haut sur le cr\u00e2ne pour <strong>allonger un visage rond<\/strong>. Privil\u00e9gier des mati\u00e8res souples pour les visages carr\u00e9s.<\/p>\n\n\n\n<p class=\"wp-block-paragraph\">Les bandeaux larges sont parfaits pour casser l&rsquo;arrondi des traits. Ils cr\u00e9ent un effet d&rsquo;optique qui <strong>affine les joues<\/strong>. C&rsquo;est une astuce visuelle simple et efficace.<\/p>\n\n\n\n<p class=\"wp-block-paragraph\">Pour les m\u00e2choires anguleuses, misez sur des tissus fluides comme la soie. Le coton fin fonctionne aussi tr\u00e8s bien. Ces mati\u00e8res <strong>adoucissent les lignes instantan\u00e9ment<\/strong>. C&rsquo;est une astuce simple mais redoutable.<\/p>\n\n\n\n<p class=\"wp-block-paragraph\">Pensez d&rsquo;ailleurs \u00e0 bien <a href=\"https:\/\/www.echoppe-francaise.fr\/blog\/comment-choisir-le-headband-parfait-pour-completer-votre-tenue\/?srsltid=AfmBOop20gAa9Q_0vQAHYR6yIQAQAy_D8evo3Tk5pVGe6V55GJeSFqpa\"><strong>choisir le headband parfait pour compl\u00e9ter votre tenue<\/strong><\/a>.<\/p>\n\n\n\n<h3 class=\"wp-block-heading\">Ma\u00eetriser le placement sur le front ou en arri\u00e8re de la ligne des cheveux<\/h3>\n\n\n\n<p class=\"wp-block-paragraph\">Le style \u00ab\u00a0sixties\u00a0\u00bb sur le front donne un air boh\u00e8me imm\u00e9diat. Le port classique, plus haut, reste plus conventionnel. <strong>\u00c0 vous de choisir<\/strong>.<\/p>\n\n\n\n<p class=\"wp-block-paragraph\">Pour ne pas aplatir vos racines, glissez l&rsquo;accessoire doucement sans tirer. Gardez du volume sur le sommet du cr\u00e2ne. Vos cheveux garderont ainsi <strong>tout leur ressort<\/strong>.<\/p>\n\n\n\n<p class=\"wp-block-paragraph\">Le positionnement doit imp\u00e9rativement lib\u00e9rer les sourcils pour d\u00e9gager le regard. Cela ouvre le visage. Votre <strong>expression naturelle sera ainsi mieux illumin\u00e9e<\/strong>.<\/p>\n\n\n\n<p class=\"wp-block-paragraph\">Vous pouvez aussi apprendre \u00e0 <a href=\"https:\/\/www.echoppe-francaise.fr\/blog\/tuto-headband-coiffures\/?srsltid=AfmBOoqClVD0iC2kssP7qu7-vPTr6sTSFw3qP_awRwI5DrE7L1i-74cE\">porter un headband avec des coiffures faciles<\/a>.<\/p>\n\n\n\n<h2 class=\"wp-block-heading\">Quatre astuces pour sublimer vos cheveux l\u00e2ch\u00e9s au quotidien<\/h2>\n\n\n\n<p class=\"wp-block-paragraph\">Une fois la forme dompt\u00e9e, passons \u00e0 la <strong>pratique sur des cheveux d\u00e9tach\u00e9s<\/strong>, que ce soit pour aller travailler ou sortir.<\/p>\n\n\n\n<h3 class=\"wp-block-heading\">Le port classique et la variante boh\u00e8me sur le front<\/h3>\n\n\n\n<p class=\"wp-block-paragraph\">Positionnez simplement votre accessoire derri\u00e8re les oreilles, juste au-dessus de la ligne du front. C&rsquo;est la m\u00e9thode la plus rapide le matin. Elle assure un <strong>maintien impeccable toute la journ\u00e9e<\/strong>. C&rsquo;est vraiment id\u00e9al pour un look sobre.<\/p>\n\n\n\n<p class=\"wp-block-paragraph\">Tentez aussi la version artistique avec un n\u0153ud bas. Cela cr\u00e9e une <strong>allure d\u00e9contract\u00e9e et cr\u00e9ative<\/strong>. C&rsquo;est parfait avec une robe longue ou un style vintage. Vous allez adorer ce c\u00f4t\u00e9 po\u00e9tique !<\/p>\n\n\n\n<h3 class=\"wp-block-heading\">Gagner du volume avec la m\u00e9thode du bandeau retourn\u00e9<\/h3>\n\n\n\n<p class=\"wp-block-paragraph\">Connaissez-vous la technique de bascule vers l&rsquo;arri\u00e8re ? On pose le bandeau puis on le recule l\u00e9g\u00e8rement. Cela soul\u00e8ve les racines sans aucun effort. <strong>Effet \u00ab\u00a0waouh\u00a0\u00bb garanti pour vos cheveux fins !<\/strong><\/p>\n\n\n\n<p class=\"wp-block-paragraph\">Ici, pas besoin de laque ou de gel collant. Le tissu suffit amplement \u00e0 structurer la masse capillaire. C&rsquo;est une <strong>solution naturelle et super efficace<\/strong>.<\/p>\n\n\n\n<p class=\"wp-block-paragraph\">Vous obtenez un <strong>effet r\u00e9tro imm\u00e9diat<\/strong>. Cette petite astuce transforme votre silhouette en un clin d&rsquo;\u0153il. C&rsquo;est fou comme un simple geste change tout, non ?<\/p>\n\n\n\n<h3 class=\"wp-block-heading\">Tricher sur le coiffage avec l&rsquo;astuce des cheveux mouill\u00e9s<\/h3>\n\n\n\n<p class=\"wp-block-paragraph\">Utilisez l&rsquo;accessoire sur cheveux humides pour <strong>dompter les frisottis<\/strong>. C&rsquo;est le sauveur des matins press\u00e9s ! Le bandeau plaque les m\u00e8ches rebelles avec \u00e9l\u00e9gance. On gagne un temps pr\u00e9cieux avant de filer.<\/p>\n\n\n\n<p class=\"wp-block-paragraph\">N&rsquo;oubliez pas les ondulations naturelles obtenues apr\u00e8s le s\u00e9chage. Le tissu agit comme un tuteur doux. Enlevez-le pour d\u00e9couvrir <strong>de jolies boucles souples<\/strong>. Vos cheveux vous remercieront d&rsquo;\u00e9viter la chaleur !<\/p>\n\n\n\n<h2 class=\"wp-block-heading\">Trois m\u00e9thodes pour int\u00e9grer le bandeau \u00e0 vos attaches<\/h2>\n\n\n\n<p class=\"wp-block-paragraph\">Mais le bandeau ne se limite pas aux cheveux l\u00e2ch\u00e9s, il devient un v\u00e9ritable <strong>alli\u00e9 pour structurer vos coiffures attach\u00e9es<\/strong>.<\/p>\n\n\n\n<h3 class=\"wp-block-heading\">Sublimer un chignon ou une queue de cheval haute<\/h3>\n\n\n\n<p class=\"wp-block-paragraph\">Mariez cet accessoire avec un chignon haut perch\u00e9 pour un style affirm\u00e9. Cela \u00e9quilibre parfaitement les volumes de votre t\u00eate. <strong>Votre silhouette para\u00eet alors plus \u00e9lanc\u00e9e<\/strong>.<\/p>\n\n\n\n<p class=\"wp-block-paragraph\">Le bandeau permet de g\u00e9rer les petites m\u00e8ches rebelles qui s&rsquo;\u00e9chappent souvent dans la nuque. Il les maintient proprement sans avoir \u00e0 multiplier les pinces. Le <strong>r\u00e9sultat final reste tr\u00e8s net<\/strong>.<\/p>\n\n\n\n<figure class=\"wp-block-image size-large\"><img loading=\"lazy\" decoding=\"async\" width=\"1024\" height=\"1024\" src=\"https:\/\/www.echoppe-francaise.fr\/blog\/wp-content\/uploads\/2026\/03\/headband-avec-chignon-1024x1024.jpg\" alt=\"comment porter un headband avec un chignon\" class=\"wp-image-2500\" srcset=\"https:\/\/www.echoppe-francaise.fr\/blog\/wp-content\/uploads\/2026\/03\/headband-avec-chignon-1024x1024.jpg 1024w, https:\/\/www.echoppe-francaise.fr\/blog\/wp-content\/uploads\/2026\/03\/headband-avec-chignon-300x300.jpg 300w, https:\/\/www.echoppe-francaise.fr\/blog\/wp-content\/uploads\/2026\/03\/headband-avec-chignon-150x150.jpg 150w, https:\/\/www.echoppe-francaise.fr\/blog\/wp-content\/uploads\/2026\/03\/headband-avec-chignon-768x768.jpg 768w, https:\/\/www.echoppe-francaise.fr\/blog\/wp-content\/uploads\/2026\/03\/headband-avec-chignon.jpg 1080w\" sizes=\"auto, (max-width: 1024px) 100vw, 1024px\" \/><\/figure>\n\n\n\n<p class=\"wp-block-paragraph\">Voici quelques <strong>variantes pour varier les plaisirs<\/strong> selon votre humeur :<\/p>\n\n\n\n<ul class=\"wp-block-list\">\n<li><strong>Chignon flou pour un look romantique<\/strong><\/li>\n\n\n\n<li><strong>Queue de cheval haute<\/strong> pour le dynamisme<\/li>\n\n\n\n<li><strong>Chignon danseuse<\/strong> pour l&rsquo;\u00e9l\u00e9gance<\/li>\n<\/ul>\n\n\n\n<h3 class=\"wp-block-heading\">Structurer une demi-queue avec un accessoire ornement\u00e9<\/h3>\n\n\n\n<p class=\"wp-block-paragraph\">Valorisez les cr\u00e9ations artisanales uniques pour sortir du lot. Un mod\u00e8le iris\u00e9 ou \u00e0 motifs originaux change absolument tout. Il <strong>transforme instantan\u00e9ment une attache basique en un v\u00e9ritable bijou<\/strong>.<\/p>\n\n\n\n<p class=\"wp-block-paragraph\">Fixez d&rsquo;abord votre demi-queue normalement avec un petit \u00e9lastique discret. Placez ensuite l&rsquo;accessoire par-dessus le point d&rsquo;attache pour le recouvrir. L&rsquo;illusion est totale, offrant un <strong>rendu visuel parfait et tr\u00e8s chic<\/strong>.<\/p>\n\n\n\n<p class=\"wp-block-paragraph\">Misez sur le savoir-faire fran\u00e7ais pour souligner la qualit\u00e9 de votre parure. Ces pi\u00e8ces durent longtemps et <strong>conservent tout leur \u00e9clat<\/strong> au fil des saisons.<\/p>\n\n\n\n<h2 class=\"wp-block-heading\">Astuces pour fixer votre coiffure et choisir l&rsquo;artisanat local<\/h2>\n\n\n\n<p class=\"wp-block-paragraph\">Pour que votre <strong>style tienne jusqu&rsquo;au soir<\/strong>, quelques secrets de pro et un bon choix de mati\u00e8re font toute la diff\u00e9rence.<\/p>\n\n\n\n<h3 class=\"wp-block-heading\">Emp\u00eacher le glissement du tissu sur les cheveux lisses ou courts<\/h3>\n\n\n\n<p class=\"wp-block-paragraph\">Placez deux pinces invisibles en croix juste derri\u00e8re vos oreilles. C&rsquo;est l&rsquo;astuce imparable pour ancrer solidement le tissu. <strong>Votre accessoire ne bougera plus d&rsquo;un millim\u00e8tre<\/strong>, m\u00eame en plein mouvement.<\/p>\n\n\n\n<p class=\"wp-block-paragraph\"><strong>Privil\u00e9giez absolument des mati\u00e8res comme le coton textur\u00e9<\/strong>. Le lin offre aussi une adh\u00e9rence naturelle tr\u00e8s efficace. Par contre, fuyez le satin qui glisse trop vite sur les cheveux fins.<\/p>\n\n\n\n<div style=\"overflow:auto;max-width:100%\">\n<table>\n<thead>\n<tr>\n<th>Mati\u00e8re<\/th>\n<th>Adh\u00e9rence<\/th>\n<th>Style<\/th>\n<th>Saison id\u00e9ale<\/th>\n<\/tr>\n<\/thead>\n<tbody>\n<tr>\n<td>Coton<\/td>\n<td>4\/5<\/td>\n<td>D\u00e9contract\u00e9 et mat<\/td>\n<td>Toutes saisons<\/td>\n<\/tr>\n<tr>\n<td>Soie<\/td>\n<td>2\/5<\/td>\n<td>Chic et brillant<\/td>\n<td>\u00c9t\u00e9 \/ Soir\u00e9e<\/td>\n<\/tr>\n<tr>\n<td>Lin<\/td>\n<td>5\/5<\/td>\n<td>Boh\u00e8me et brut<\/td>\n<td>\u00c9t\u00e9<\/td>\n<\/tr>\n<tr>\n<td>Laine<\/td>\n<td>4\/5<\/td>\n<td>Chaleureux et cosy<\/td>\n<td>Hiver<\/td>\n<\/tr>\n<\/tbody>\n<\/table>\n<\/div>\n\n\n\n<h3 class=\"wp-block-heading\">Pr\u00e9f\u00e9rer les mati\u00e8res naturelles pour le confort du cuir chevelu<\/h3>\n\n\n\n<p class=\"wp-block-paragraph\">Misez sur les <strong>fibres nobles pour votre bien-\u00eatre<\/strong>. La soie et le coton bio respectent votre peau sensible. Ils \u00e9vitent les d\u00e9mangeaisons irritantes en fin de journ\u00e9e. L&rsquo;artisanat fran\u00e7ais garantit d&rsquo;ailleurs une exigence de qualit\u00e9 sup\u00e9rieure.<\/p>\n\n\n\n<p class=\"wp-block-paragraph\">Les mod\u00e8les industriels serrent souvent beaucoup trop le cr\u00e2ne. \u00c0 l&rsquo;inverse, les cr\u00e9ateurs ajustent l&rsquo;\u00e9lasticit\u00e9 avec une pr\u00e9cision artisanale. <strong>Vous oublierez les maux de t\u00eate apr\u00e8s seulement deux heures de port<\/strong>.<\/p>\n\n\n\n<p class=\"wp-block-paragraph\">D\u00e9couvrez comment <a href=\"https:\/\/www.echoppe-francaise.fr\/blog\/donnez-du-style-grace-au-bandeau\/?srsltid=AfmBOopyxIxjoBvOKr1pnETYBHeAcB2Ei5sUw46plQFQ2I3LJ5RrsYui\"><strong>donner du style avec un bandeau artisanal<\/strong><\/a> et durable.<\/p>\n\n\n\n<p class=\"wp-block-paragraph\">Sublimez votre visage et gagnez un volume incroyable en adoptant d\u00e8s maintenant ces sept techniques artisanales. Que vous choisissiez le style boh\u00e8me ou le port classique, savoir comment porter un bandeau dans les cheveux <strong>transforme instantan\u00e9ment votre allure<\/strong>. Rayonnez chaque jour avec une coiffure impeccable et un confort naturel in\u00e9gal\u00e9 !<\/p>\n","protected":false},"excerpt":{"rendered":"<p>L&rsquo;essentiel \u00e0 retenir : le bandeau est l&rsquo;outil ultime pour structurer votre visage, notamment en pla\u00e7ant l&rsquo;accessoire haut pour allonger les traits ronds ou en choisissant des mati\u00e8res souples comme le coton pour adoucir une m\u00e2choire carr\u00e9e. Cette astuce transforme instantan\u00e9ment votre allure tout en domptant les frisottis. Le point fort ? Il existe 7&hellip;&nbsp;<\/p>\n","protected":false},"author":6,"featured_media":2469,"comment_status":"closed","ping_status":"open","sticky":false,"template":"","format":"standard","meta":{"_crdt_document":"","neve_meta_sidebar":"","neve_meta_container":"","neve_meta_enable_content_width":"","neve_meta_content_width":0,"neve_meta_title_alignment":"","neve_meta_author_avatar":"","neve_post_elements_order":"","neve_meta_disable_header":"","neve_meta_disable_footer":"","neve_meta_disable_title":"","footnotes":""},"categories":[131],"tags":[],"class_list":["post-2468","post","type-post","status-publish","format-standard","has-post-thumbnail","hentry","category-guide-bandeau"],"yoast_head":"<!-- This site is optimized with the Yoast SEO plugin v27.5 - https:\/\/yoast.com\/product\/yoast-seo-wordpress\/ -->\n<title>Comment porter un bandeau dans les cheveux | Guide 2026<\/title>\n<meta name=\"description\" content=\"D\u00e9couvrez comment porter un bandeau dans les cheveux selon votre visage. Adoptez un style boh\u00e8me ou chic avec nos astuces.\" \/>\n<meta name=\"robots\" content=\"index, follow, max-snippet:-1, max-image-preview:large, max-video-preview:-1\" \/>\n<link rel=\"canonical\" href=\"https:\/\/www.echoppe-francaise.fr\/blog\/porter-bandeau-cheveux\/\" \/>\n<meta property=\"og:locale\" content=\"fr_FR\" \/>\n<meta property=\"og:type\" content=\"article\" \/>\n<meta property=\"og:title\" content=\"Comment porter un bandeau dans les cheveux | Guide 2026\" \/>\n<meta property=\"og:description\" content=\"D\u00e9couvrez comment porter un bandeau dans les cheveux selon votre visage. Adoptez un style boh\u00e8me ou chic avec nos astuces.\" \/>\n<meta property=\"og:url\" content=\"https:\/\/www.echoppe-francaise.fr\/blog\/porter-bandeau-cheveux\/\" \/>\n<meta property=\"og:site_name\" content=\"\u00c9choppe Fran\u00e7aise, le Blog\" \/>\n<meta property=\"article:published_time\" content=\"2026-03-16T17:29:41+00:00\" \/>\n<meta property=\"article:modified_time\" content=\"2026-03-18T10:09:30+00:00\" \/>\n<meta property=\"og:image\" content=\"https:\/\/www.echoppe-francaise.fr\/blog\/wp-content\/uploads\/2026\/03\/jeune-femme-souriante-avec-bandeau-rose-poudre.jpg\" \/>\n\t<meta property=\"og:image:width\" content=\"1376\" \/>\n\t<meta property=\"og:image:height\" content=\"768\" \/>\n\t<meta property=\"og:image:type\" content=\"image\/jpeg\" \/>\n<meta name=\"author\" content=\"AntoineR\" \/>\n<meta name=\"twitter:card\" content=\"summary_large_image\" \/>\n<meta name=\"twitter:label1\" content=\"\u00c9crit par\" \/>\n\t<meta name=\"twitter:data1\" content=\"AntoineR\" \/>\n\t<meta name=\"twitter:label2\" content=\"Dur\u00e9e de lecture estim\u00e9e\" \/>\n\t<meta name=\"twitter:data2\" content=\"6 minutes\" \/>\n<script type=\"application\/ld+json\" class=\"yoast-schema-graph\">{\"@context\":\"https:\\\/\\\/schema.org\",\"@graph\":[{\"@type\":\"Article\",\"@id\":\"https:\\\/\\\/www.echoppe-francaise.fr\\\/blog\\\/porter-bandeau-cheveux\\\/#article\",\"isPartOf\":{\"@id\":\"https:\\\/\\\/www.echoppe-francaise.fr\\\/blog\\\/porter-bandeau-cheveux\\\/\"},\"author\":{\"name\":\"AntoineR\",\"@id\":\"https:\\\/\\\/www.echoppe-francaise.fr\\\/blog\\\/#\\\/schema\\\/person\\\/eef9eb08fd5394e6899ff8e6c5045b52\"},\"headline\":\"Comment porter un bandeau dans les cheveux avec style ?\",\"datePublished\":\"2026-03-16T17:29:41+00:00\",\"dateModified\":\"2026-03-18T10:09:30+00:00\",\"mainEntityOfPage\":{\"@id\":\"https:\\\/\\\/www.echoppe-francaise.fr\\\/blog\\\/porter-bandeau-cheveux\\\/\"},\"wordCount\":1267,\"publisher\":{\"@id\":\"https:\\\/\\\/www.echoppe-francaise.fr\\\/blog\\\/#organization\"},\"image\":{\"@id\":\"https:\\\/\\\/www.echoppe-francaise.fr\\\/blog\\\/porter-bandeau-cheveux\\\/#primaryimage\"},\"thumbnailUrl\":\"https:\\\/\\\/www.echoppe-francaise.fr\\\/blog\\\/wp-content\\\/uploads\\\/2026\\\/03\\\/jeune-femme-souriante-avec-bandeau-rose-poudre.jpg\",\"articleSection\":[\"Guide Headband \\\/ Bandeau\"],\"inLanguage\":\"fr-FR\"},{\"@type\":\"WebPage\",\"@id\":\"https:\\\/\\\/www.echoppe-francaise.fr\\\/blog\\\/porter-bandeau-cheveux\\\/\",\"url\":\"https:\\\/\\\/www.echoppe-francaise.fr\\\/blog\\\/porter-bandeau-cheveux\\\/\",\"name\":\"Comment porter un bandeau dans les cheveux | Guide 2026\",\"isPartOf\":{\"@id\":\"https:\\\/\\\/www.echoppe-francaise.fr\\\/blog\\\/#website\"},\"primaryImageOfPage\":{\"@id\":\"https:\\\/\\\/www.echoppe-francaise.fr\\\/blog\\\/porter-bandeau-cheveux\\\/#primaryimage\"},\"image\":{\"@id\":\"https:\\\/\\\/www.echoppe-francaise.fr\\\/blog\\\/porter-bandeau-cheveux\\\/#primaryimage\"},\"thumbnailUrl\":\"https:\\\/\\\/www.echoppe-francaise.fr\\\/blog\\\/wp-content\\\/uploads\\\/2026\\\/03\\\/jeune-femme-souriante-avec-bandeau-rose-poudre.jpg\",\"datePublished\":\"2026-03-16T17:29:41+00:00\",\"dateModified\":\"2026-03-18T10:09:30+00:00\",\"description\":\"D\u00e9couvrez comment porter un bandeau dans les cheveux selon votre visage. Adoptez un style boh\u00e8me ou chic avec nos astuces.\",\"breadcrumb\":{\"@id\":\"https:\\\/\\\/www.echoppe-francaise.fr\\\/blog\\\/porter-bandeau-cheveux\\\/#breadcrumb\"},\"inLanguage\":\"fr-FR\",\"potentialAction\":[{\"@type\":\"ReadAction\",\"target\":[\"https:\\\/\\\/www.echoppe-francaise.fr\\\/blog\\\/porter-bandeau-cheveux\\\/\"]}]},{\"@type\":\"ImageObject\",\"inLanguage\":\"fr-FR\",\"@id\":\"https:\\\/\\\/www.echoppe-francaise.fr\\\/blog\\\/porter-bandeau-cheveux\\\/#primaryimage\",\"url\":\"https:\\\/\\\/www.echoppe-francaise.fr\\\/blog\\\/wp-content\\\/uploads\\\/2026\\\/03\\\/jeune-femme-souriante-avec-bandeau-rose-poudre.jpg\",\"contentUrl\":\"https:\\\/\\\/www.echoppe-francaise.fr\\\/blog\\\/wp-content\\\/uploads\\\/2026\\\/03\\\/jeune-femme-souriante-avec-bandeau-rose-poudre.jpg\",\"width\":1376,\"height\":768,\"caption\":\"Adoptez le bandeau pour une touche de style d\u00e9contract\u00e9 et \u00e9l\u00e9gant. Parfait pour rehausser votre look quotidien en toute simplicit\u00e9 et luminosit\u00e9 !\"},{\"@type\":\"BreadcrumbList\",\"@id\":\"https:\\\/\\\/www.echoppe-francaise.fr\\\/blog\\\/porter-bandeau-cheveux\\\/#breadcrumb\",\"itemListElement\":[{\"@type\":\"ListItem\",\"position\":1,\"name\":\"Accueil\",\"item\":\"https:\\\/\\\/www.echoppe-francaise.fr\\\/blog\\\/\"},{\"@type\":\"ListItem\",\"position\":2,\"name\":\"Comment porter un bandeau dans les cheveux avec style ?\"}]},{\"@type\":\"WebSite\",\"@id\":\"https:\\\/\\\/www.echoppe-francaise.fr\\\/blog\\\/#website\",\"url\":\"https:\\\/\\\/www.echoppe-francaise.fr\\\/blog\\\/\",\"name\":\"\u00c9choppe Fran\u00e7aise, le Blog\",\"description\":\"Le blog des Cr\u00e9atrices et Cr\u00e9ateurs fran\u00e7ais\",\"publisher\":{\"@id\":\"https:\\\/\\\/www.echoppe-francaise.fr\\\/blog\\\/#organization\"},\"potentialAction\":[{\"@type\":\"SearchAction\",\"target\":{\"@type\":\"EntryPoint\",\"urlTemplate\":\"https:\\\/\\\/www.echoppe-francaise.fr\\\/blog\\\/?s={search_term_string}\"},\"query-input\":{\"@type\":\"PropertyValueSpecification\",\"valueRequired\":true,\"valueName\":\"search_term_string\"}}],\"inLanguage\":\"fr-FR\"},{\"@type\":\"Organization\",\"@id\":\"https:\\\/\\\/www.echoppe-francaise.fr\\\/blog\\\/#organization\",\"name\":\"L'\u00e9choppe Fran\u00e7aise\",\"url\":\"https:\\\/\\\/www.echoppe-francaise.fr\\\/blog\\\/\",\"logo\":{\"@type\":\"ImageObject\",\"inLanguage\":\"fr-FR\",\"@id\":\"https:\\\/\\\/www.echoppe-francaise.fr\\\/blog\\\/#\\\/schema\\\/logo\\\/image\\\/\",\"url\":\"https:\\\/\\\/www.echoppe-francaise.fr\\\/blog\\\/wp-content\\\/uploads\\\/2017\\\/04\\\/echoppe-francaise-logo-1489412704.png\",\"contentUrl\":\"https:\\\/\\\/www.echoppe-francaise.fr\\\/blog\\\/wp-content\\\/uploads\\\/2017\\\/04\\\/echoppe-francaise-logo-1489412704.png\",\"width\":492,\"height\":270,\"caption\":\"L'\u00e9choppe Fran\u00e7aise\"},\"image\":{\"@id\":\"https:\\\/\\\/www.echoppe-francaise.fr\\\/blog\\\/#\\\/schema\\\/logo\\\/image\\\/\"}},{\"@type\":\"Person\",\"@id\":\"https:\\\/\\\/www.echoppe-francaise.fr\\\/blog\\\/#\\\/schema\\\/person\\\/eef9eb08fd5394e6899ff8e6c5045b52\",\"name\":\"AntoineR\",\"image\":{\"@type\":\"ImageObject\",\"inLanguage\":\"fr-FR\",\"@id\":\"https:\\\/\\\/secure.gravatar.com\\\/avatar\\\/11538476e65f843df3f3d146f6b3798ffda7e7510e46d9566b2379eca1b1cf4d?s=96&d=mm&r=g\",\"url\":\"https:\\\/\\\/secure.gravatar.com\\\/avatar\\\/11538476e65f843df3f3d146f6b3798ffda7e7510e46d9566b2379eca1b1cf4d?s=96&d=mm&r=g\",\"contentUrl\":\"https:\\\/\\\/secure.gravatar.com\\\/avatar\\\/11538476e65f843df3f3d146f6b3798ffda7e7510e46d9566b2379eca1b1cf4d?s=96&d=mm&r=g\",\"caption\":\"AntoineR\"},\"url\":\"https:\\\/\\\/www.echoppe-francaise.fr\\\/blog\\\/author\\\/antoiner\\\/\"}]}<\/script>\n<!-- \/ Yoast SEO plugin. -->","yoast_head_json":{"title":"Comment porter un bandeau dans les cheveux | Guide 2026","description":"D\u00e9couvrez comment porter un bandeau dans les cheveux selon votre visage. Adoptez un style boh\u00e8me ou chic avec nos astuces.","robots":{"index":"index","follow":"follow","max-snippet":"max-snippet:-1","max-image-preview":"max-image-preview:large","max-video-preview":"max-video-preview:-1"},"canonical":"https:\/\/www.echoppe-francaise.fr\/blog\/porter-bandeau-cheveux\/","og_locale":"fr_FR","og_type":"article","og_title":"Comment porter un bandeau dans les cheveux | Guide 2026","og_description":"D\u00e9couvrez comment porter un bandeau dans les cheveux selon votre visage. Adoptez un style boh\u00e8me ou chic avec nos astuces.","og_url":"https:\/\/www.echoppe-francaise.fr\/blog\/porter-bandeau-cheveux\/","og_site_name":"\u00c9choppe Fran\u00e7aise, le Blog","article_published_time":"2026-03-16T17:29:41+00:00","article_modified_time":"2026-03-18T10:09:30+00:00","og_image":[{"width":1376,"height":768,"url":"https:\/\/www.echoppe-francaise.fr\/blog\/wp-content\/uploads\/2026\/03\/jeune-femme-souriante-avec-bandeau-rose-poudre.jpg","type":"image\/jpeg"}],"author":"AntoineR","twitter_card":"summary_large_image","twitter_misc":{"\u00c9crit par":"AntoineR","Dur\u00e9e de lecture estim\u00e9e":"6 minutes"},"schema":{"@context":"https:\/\/schema.org","@graph":[{"@type":"Article","@id":"https:\/\/www.echoppe-francaise.fr\/blog\/porter-bandeau-cheveux\/#article","isPartOf":{"@id":"https:\/\/www.echoppe-francaise.fr\/blog\/porter-bandeau-cheveux\/"},"author":{"name":"AntoineR","@id":"https:\/\/www.echoppe-francaise.fr\/blog\/#\/schema\/person\/eef9eb08fd5394e6899ff8e6c5045b52"},"headline":"Comment porter un bandeau dans les cheveux avec style ?","datePublished":"2026-03-16T17:29:41+00:00","dateModified":"2026-03-18T10:09:30+00:00","mainEntityOfPage":{"@id":"https:\/\/www.echoppe-francaise.fr\/blog\/porter-bandeau-cheveux\/"},"wordCount":1267,"publisher":{"@id":"https:\/\/www.echoppe-francaise.fr\/blog\/#organization"},"image":{"@id":"https:\/\/www.echoppe-francaise.fr\/blog\/porter-bandeau-cheveux\/#primaryimage"},"thumbnailUrl":"https:\/\/www.echoppe-francaise.fr\/blog\/wp-content\/uploads\/2026\/03\/jeune-femme-souriante-avec-bandeau-rose-poudre.jpg","articleSection":["Guide Headband \/ Bandeau"],"inLanguage":"fr-FR"},{"@type":"WebPage","@id":"https:\/\/www.echoppe-francaise.fr\/blog\/porter-bandeau-cheveux\/","url":"https:\/\/www.echoppe-francaise.fr\/blog\/porter-bandeau-cheveux\/","name":"Comment porter un bandeau dans les cheveux | Guide 2026","isPartOf":{"@id":"https:\/\/www.echoppe-francaise.fr\/blog\/#website"},"primaryImageOfPage":{"@id":"https:\/\/www.echoppe-francaise.fr\/blog\/porter-bandeau-cheveux\/#primaryimage"},"image":{"@id":"https:\/\/www.echoppe-francaise.fr\/blog\/porter-bandeau-cheveux\/#primaryimage"},"thumbnailUrl":"https:\/\/www.echoppe-francaise.fr\/blog\/wp-content\/uploads\/2026\/03\/jeune-femme-souriante-avec-bandeau-rose-poudre.jpg","datePublished":"2026-03-16T17:29:41+00:00","dateModified":"2026-03-18T10:09:30+00:00","description":"D\u00e9couvrez comment porter un bandeau dans les cheveux selon votre visage. Adoptez un style boh\u00e8me ou chic avec nos astuces.","breadcrumb":{"@id":"https:\/\/www.echoppe-francaise.fr\/blog\/porter-bandeau-cheveux\/#breadcrumb"},"inLanguage":"fr-FR","potentialAction":[{"@type":"ReadAction","target":["https:\/\/www.echoppe-francaise.fr\/blog\/porter-bandeau-cheveux\/"]}]},{"@type":"ImageObject","inLanguage":"fr-FR","@id":"https:\/\/www.echoppe-francaise.fr\/blog\/porter-bandeau-cheveux\/#primaryimage","url":"https:\/\/www.echoppe-francaise.fr\/blog\/wp-content\/uploads\/2026\/03\/jeune-femme-souriante-avec-bandeau-rose-poudre.jpg","contentUrl":"https:\/\/www.echoppe-francaise.fr\/blog\/wp-content\/uploads\/2026\/03\/jeune-femme-souriante-avec-bandeau-rose-poudre.jpg","width":1376,"height":768,"caption":"Adoptez le bandeau pour une touche de style d\u00e9contract\u00e9 et \u00e9l\u00e9gant. Parfait pour rehausser votre look quotidien en toute simplicit\u00e9 et luminosit\u00e9 !"},{"@type":"BreadcrumbList","@id":"https:\/\/www.echoppe-francaise.fr\/blog\/porter-bandeau-cheveux\/#breadcrumb","itemListElement":[{"@type":"ListItem","position":1,"name":"Accueil","item":"https:\/\/www.echoppe-francaise.fr\/blog\/"},{"@type":"ListItem","position":2,"name":"Comment porter un bandeau dans les cheveux avec style ?"}]},{"@type":"WebSite","@id":"https:\/\/www.echoppe-francaise.fr\/blog\/#website","url":"https:\/\/www.echoppe-francaise.fr\/blog\/","name":"\u00c9choppe Fran\u00e7aise, le Blog","description":"Le blog des Cr\u00e9atrices et Cr\u00e9ateurs fran\u00e7ais","publisher":{"@id":"https:\/\/www.echoppe-francaise.fr\/blog\/#organization"},"potentialAction":[{"@type":"SearchAction","target":{"@type":"EntryPoint","urlTemplate":"https:\/\/www.echoppe-francaise.fr\/blog\/?s={search_term_string}"},"query-input":{"@type":"PropertyValueSpecification","valueRequired":true,"valueName":"search_term_string"}}],"inLanguage":"fr-FR"},{"@type":"Organization","@id":"https:\/\/www.echoppe-francaise.fr\/blog\/#organization","name":"L'\u00e9choppe Fran\u00e7aise","url":"https:\/\/www.echoppe-francaise.fr\/blog\/","logo":{"@type":"ImageObject","inLanguage":"fr-FR","@id":"https:\/\/www.echoppe-francaise.fr\/blog\/#\/schema\/logo\/image\/","url":"https:\/\/www.echoppe-francaise.fr\/blog\/wp-content\/uploads\/2017\/04\/echoppe-francaise-logo-1489412704.png","contentUrl":"https:\/\/www.echoppe-francaise.fr\/blog\/wp-content\/uploads\/2017\/04\/echoppe-francaise-logo-1489412704.png","width":492,"height":270,"caption":"L'\u00e9choppe Fran\u00e7aise"},"image":{"@id":"https:\/\/www.echoppe-francaise.fr\/blog\/#\/schema\/logo\/image\/"}},{"@type":"Person","@id":"https:\/\/www.echoppe-francaise.fr\/blog\/#\/schema\/person\/eef9eb08fd5394e6899ff8e6c5045b52","name":"AntoineR","image":{"@type":"ImageObject","inLanguage":"fr-FR","@id":"https:\/\/secure.gravatar.com\/avatar\/11538476e65f843df3f3d146f6b3798ffda7e7510e46d9566b2379eca1b1cf4d?s=96&d=mm&r=g","url":"https:\/\/secure.gravatar.com\/avatar\/11538476e65f843df3f3d146f6b3798ffda7e7510e46d9566b2379eca1b1cf4d?s=96&d=mm&r=g","contentUrl":"https:\/\/secure.gravatar.com\/avatar\/11538476e65f843df3f3d146f6b3798ffda7e7510e46d9566b2379eca1b1cf4d?s=96&d=mm&r=g","caption":"AntoineR"},"url":"https:\/\/www.echoppe-francaise.fr\/blog\/author\/antoiner\/"}]}},"_links":{"self":[{"href":"https:\/\/www.echoppe-francaise.fr\/blog\/wp-json\/wp\/v2\/posts\/2468","targetHints":{"allow":["GET"]}}],"collection":[{"href":"https:\/\/www.echoppe-francaise.fr\/blog\/wp-json\/wp\/v2\/posts"}],"about":[{"href":"https:\/\/www.echoppe-francaise.fr\/blog\/wp-json\/wp\/v2\/types\/post"}],"author":[{"embeddable":true,"href":"https:\/\/www.echoppe-francaise.fr\/blog\/wp-json\/wp\/v2\/users\/6"}],"replies":[{"embeddable":true,"href":"https:\/\/www.echoppe-francaise.fr\/blog\/wp-json\/wp\/v2\/comments?post=2468"}],"version-history":[{"count":5,"href":"https:\/\/www.echoppe-francaise.fr\/blog\/wp-json\/wp\/v2\/posts\/2468\/revisions"}],"predecessor-version":[{"id":2501,"href":"https:\/\/www.echoppe-francaise.fr\/blog\/wp-json\/wp\/v2\/posts\/2468\/revisions\/2501"}],"wp:featuredmedia":[{"embeddable":true,"href":"https:\/\/www.echoppe-francaise.fr\/blog\/wp-json\/wp\/v2\/media\/2469"}],"wp:attachment":[{"href":"https:\/\/www.echoppe-francaise.fr\/blog\/wp-json\/wp\/v2\/media?parent=2468"}],"wp:term":[{"taxonomy":"category","embeddable":true,"href":"https:\/\/www.echoppe-francaise.fr\/blog\/wp-json\/wp\/v2\/categories?post=2468"},{"taxonomy":"post_tag","embeddable":true,"href":"https:\/\/www.echoppe-francaise.fr\/blog\/wp-json\/wp\/v2\/tags?post=2468"}],"curies":[{"name":"wp","href":"https:\/\/api.w.org\/{rel}","templated":true}]}}