{"id":2462,"date":"2026-03-16T18:25:40","date_gmt":"2026-03-16T17:25:40","guid":{"rendered":"https:\/\/www.echoppe-francaise.fr\/blog\/?p=2462"},"modified":"2026-03-18T11:11:56","modified_gmt":"2026-03-18T10:11:56","slug":"choisir-bandeau-cheveux-courts","status":"publish","type":"post","link":"https:\/\/www.echoppe-francaise.fr\/blog\/choisir-bandeau-cheveux-courts\/","title":{"rendered":"Quel bandeau pour cheveux courts choisir ?"},"content":{"rendered":"\n<p class=\"has-background wp-block-paragraph\" style=\"background-color:#add8e6\">Ce qu&rsquo;il faut retenir : l&rsquo;accessoirisation des cheveux courts repose sur <strong>l&rsquo;\u00e9quilibre entre la largeur du bandeau et la morphologie du visage<\/strong>. Choisir des mati\u00e8res naturelles comme le coton ou le velours <strong>garantit un maintien optimal sans glisser<\/strong>, tout en structurant les coupes pixie ou les carr\u00e9s. Ce choix artisanal sublime chaque silhouette, offrant une solution \u00e9l\u00e9gante pour dompter les repousses ou rayonner apr\u00e8s 50 ans.<\/p>\n\n\n\n<p class=\"wp-block-paragraph\">Marre de voir votre accessoire glisser sans cesse ou tasser votre coupe pixie ? Savoir quel bandeau pour cheveux courts choisir ? est un v\u00e9ritable d\u00e9fi pour structurer votre visage sans l&rsquo;\u00e9craser sous une masse de tissu. Ce guide vous d\u00e9voile <strong>comment dompter vos m\u00e8ches rebelles<\/strong> avec des mati\u00e8res nobles comme le coton ou le velours artisanal. D\u00e9couvrez vite nos astuces de pro pour ancrer votre headband durablement et harmoniser votre style selon votre morphologie unique.<\/p>\n\n\n\n<ol class=\"wp-block-list\">\n<li><a href=\"#quel-bandeau-cheveux-courts-choisir-selon-coupe\">Quel bandeau pour cheveux courts choisir selon votre coupe ?<\/a><\/li>\n\n\n\n<li><a href=\"#matieres-naturelles-savoir-faire-francais\">Pourquoi les mati\u00e8res naturelles et l&rsquo;artisanat fran\u00e7ais changent tout ?<\/a><\/li>\n\n\n\n<li><a href=\"#techniques-maintien-sans-glisser\">3 techniques pour faire tenir un bandeau sans qu&rsquo;il ne glisse<\/a><\/li>\n\n\n\n<li><a href=\"#style-accessoirisation-selon-morphologie\">Comment harmoniser votre bandeau avec votre visage et vos bijoux ?<\/a><\/li>\n<\/ol>\n\n\n\n<h2 class=\"wp-block-heading\">Quel bandeau pour cheveux courts choisir selon votre coupe ?<\/h2>\n\n\n\n<p class=\"wp-block-paragraph\">Apr\u00e8s avoir compris que le cheveu court n&rsquo;est pas une limite mais un terrain de jeu, voyons comment <strong>adapter l&rsquo;accessoire \u00e0 votre morphologie capillaire pr\u00e9cise<\/strong>.<\/p>\n\n\n\n<h3 class=\"wp-block-heading\">Adapter l&rsquo;accessoire aux coupes pixie et garconne<\/h3>\n\n\n\n<p class=\"wp-block-paragraph\">Les coupes ultra courtes, comme la pixie, demandent des bandeaux fins. Ces mod\u00e8les discrets \u00e9vitent de masquer votre chevelure. L&rsquo;id\u00e9e est de <strong>souligner votre nuque d\u00e9gag\u00e9e sans alourdir le visage<\/strong>.<\/p>\n\n\n\n<p class=\"wp-block-paragraph\">Pour booster le volume, placez l&rsquo;accessoire juste derri\u00e8re l&rsquo;implantation. Ce geste pr\u00e9serve le mouvement naturel sur le dessus de t\u00eate. Vous gardez ainsi une <strong>hauteur \u00e9l\u00e9gante en structurant<\/strong> votre coiffure.<\/p>\n\n\n\n<p class=\"wp-block-paragraph\">Pensez aussi \u00e0 <a href=\"https:\/\/www.echoppe-francaise.fr\/blog\/quelles-boucles-doreilles-pour-quelles-coupes\/\">choisir vos boucles d&rsquo;oreilles selon votre coupe<\/a> pour parfaire ce style. Une belle harmonie entre bijoux et bandeau <strong>cr\u00e9e un look coh\u00e9rent<\/strong>.<\/p>\n\n\n\n<figure class=\"wp-block-image\"><img decoding=\"async\" src=\"https:\/\/www.echoppe-francaise.fr\/blog\/wp-content\/uploads\/2026\/03\/style-parisien-bandeaux-pour-coupes-courtes.jpg\" alt=\"Femme avec une coupe courte portant un bandeau \u00e9l\u00e9gant de cr\u00e9ateur fran\u00e7ais\"\/><\/figure>\n\n\n\n<p class=\"wp-block-paragraph\"><\/p>\n\n\n\n<h3 class=\"wp-block-heading\">Sublimer un carr\u00e9 court ou une coupe au bol<\/h3>\n\n\n\n<p class=\"wp-block-paragraph\">Pour un carr\u00e9, pr\u00e9f\u00e9rez les bandeaux plus larges. Ces pi\u00e8ces aident \u00e0 <strong>structurer la masse capillaire<\/strong>. Ils emp\u00eachent vos m\u00e8ches de s&rsquo;\u00e9parpiller tout en apportant du caract\u00e8re.<\/p>\n\n\n\n<p class=\"wp-block-paragraph\">Positionnez vos m\u00e8ches derri\u00e8re les oreilles pour d\u00e9gager le visage. Cela \u00e9vite l&rsquo;effet de tassement horizontal propre au carr\u00e9. C&rsquo;est l&rsquo;astuce id\u00e9ale pour <strong>allonger votre silhouette imm\u00e9diatement<\/strong>.<\/p>\n\n\n\n<p class=\"wp-block-paragraph\">\u00c9vitez pourtant de trop serrer votre accessoire. Un mod\u00e8le rigide \u00e9craserait le volume de votre carr\u00e9. Cherchez une <strong>tenue souple pour rester \u00e9l\u00e9gante et confortable<\/strong> toute la journ\u00e9e.<\/p>\n\n\n\n<h2 class=\"wp-block-heading\">Pourquoi les mati\u00e8res naturelles et l&rsquo;artisanat fran\u00e7ais changent tout ?<\/h2>\n\n\n\n<p class=\"wp-block-paragraph\">Au-del\u00e0 de la forme, la substance m\u00eame de l&rsquo;objet <strong>d\u00e9finit votre confort et l&rsquo;allure de votre coiffure<\/strong> au quotidien.<\/p>\n\n\n\n<h3 class=\"wp-block-heading\">Opter pour le coton, le velours ou le satin selon la saison<\/h3>\n\n\n\n<p class=\"wp-block-paragraph\"><strong>Le coton est le roi de la respirabilit\u00e9<\/strong>. C&rsquo;est la mati\u00e8re parfaite pour vos sorties quotidiennes. Sa fibre offre une adh\u00e9rence naturelle id\u00e9ale sur les coupes courtes.<\/p>\n\n\n\n<p class=\"wp-block-paragraph\"><strong>Le velours r\u00e9chauffe vos hivers sans jamais glisser de votre t\u00eate. \u00c0 l&rsquo;inverse, le satin apporte ce luxe indispensable pour vos soir\u00e9es.<\/strong> Il glisse plus mais brille intens\u00e9ment.<\/p>\n\n\n\n<p class=\"wp-block-paragraph\">D\u00e9couvrez aussi <a href=\"https:\/\/www.echoppe-francaise.fr\/blog\/comment-choisir-la-bonne-couleur-pour-votre-bandeau\/\"><strong>quelle couleur choisir pour mon headband<\/strong><\/a> selon vos envies. Notez que la texture du tissu transforme radicalement le rendu visuel de chaque teinte.<\/p>\n\n\n\n<h3 class=\"wp-block-heading\">Soutenir la cr\u00e9ation locale et les finitions faites main<\/h3>\n\n\n\n<p class=\"wp-block-paragraph\">Les cr\u00e9atrices de l&rsquo;\u00c9choppe Fran\u00e7aise r\u00e9alisent un travail d&rsquo;orf\u00e8vre. Leurs finitions main <strong>assurent une solidit\u00e9 \u00e0 toute \u00e9preuve<\/strong>. Les doublures sp\u00e9cifiques prot\u00e8gent votre cuir chevelu des irritations.<\/p>\n\n\n\n<p class=\"wp-block-paragraph\">Choisir ces petites s\u00e9ries, c&rsquo;est <strong>r\u00e9duire votre empreinte carbone concr\u00e8tement<\/strong>. Utiliser des mat\u00e9riaux sourc\u00e9s localement reste un geste \u00e9thique. C&rsquo;est un investissement durable pour votre garde-robe.<\/p>\n\n\n\n<div style=\"overflow:auto;max-width:100%\">\n<table>\n<thead>\n<tr>\n<th>Mati\u00e8re<\/th>\n<th>Saison id\u00e9ale<\/th>\n<th>Avantage principal<\/th>\n<th>Tenue sur cheveux courts<\/th>\n<\/tr>\n<\/thead>\n<tbody>\n<tr>\n<td>Coton<\/td>\n<td>Toutes saisons<\/td>\n<td>Respirant<\/td>\n<td>Excellente<\/td>\n<\/tr>\n<tr>\n<td>Velours<\/td>\n<td>Hiver<\/td>\n<td>Chaleur<\/td>\n<td>Maximale<\/td>\n<\/tr>\n<tr>\n<td>Satin<\/td>\n<td>Festif<\/td>\n<td>Brillance<\/td>\n<td>Mod\u00e9r\u00e9e<\/td>\n<\/tr>\n<tr>\n<td>Lin<\/td>\n<td>\u00c9t\u00e9<\/td>\n<td>Fra\u00eecheur<\/td>\n<td>Bonne<\/td>\n<\/tr>\n<\/tbody>\n<\/table>\n<\/div>\n\n\n\n<figure class=\"wp-block-image\"><img decoding=\"async\" src=\"https:\/\/www.echoppe-francaise.fr\/blog\/wp-content\/uploads\/2026\/03\/elegance-parisienne-and-savoir-faire-francais.jpg\" alt=\"Bandeau artisanal fran\u00e7ais \u00e9l\u00e9gant pour femme aux cheveux courts\"\/><\/figure>\n\n\n\n<p class=\"wp-block-paragraph\"><\/p>\n\n\n\n<h2 class=\"wp-block-heading\">3 techniques pour faire tenir un bandeau sans qu&rsquo;il ne glisse<\/h2>\n\n\n\n<p class=\"wp-block-paragraph\">Une belle mati\u00e8re ne sert \u00e0 rien si <strong>l&rsquo;accessoire finit sur vos yeux ou dans votre nuque<\/strong> apr\u00e8s dix minutes.<\/p>\n\n\n\n<h3 class=\"wp-block-heading\">Pr\u00e9parer la texture du cheveu pour une adh\u00e9rence maximale<\/h3>\n\n\n\n<p class=\"wp-block-paragraph\">Sur des cheveux fins, le bandeau glisse par manque de relief. Vaporisez un spray texturant l\u00e9ger pour <strong>cr\u00e9er une accroche imm\u00e9diate<\/strong>. Surtout, fuyez les huiles ou soins trop gras juste avant la pose de votre accessoire.<\/p>\n\n\n\n<p class=\"wp-block-paragraph\">L&rsquo;id\u00e9al reste souvent le cheveu du \u00ab\u00a0deuxi\u00e8me jour\u00a0\u00bb. La friction naturelle de la fibre capillaire <strong>stabilise mieux l&rsquo;\u00e9lastique<\/strong>. Le tissu accroche alors bien plus facilement que sur une chevelure qui sort tout juste du shampoing.<\/p>\n\n\n\n<p class=\"wp-block-paragraph\">Observez bien la forme de votre cr\u00e2ne. Posez votre bandeau l\u00e0 o\u00f9 la t\u00eate commence doucement \u00e0 s&rsquo;arrondir. C&rsquo;est pr\u00e9cis\u00e9ment ce point d&rsquo;ancrage qui <strong>garantit un \u00e9quilibre parfait<\/strong>.<\/p>\n\n\n\n<h3 class=\"wp-block-heading\">\u00c9viter l&rsquo;effet casque et g\u00e9rer les m\u00e8ches rebelles<\/h3>\n\n\n\n<p class=\"wp-block-paragraph\">Pour bannir cette vilaine bosse \u00e0 l&rsquo;arri\u00e8re, une astuce simple existe. Soulevez d\u00e9licatement les m\u00e8ches situ\u00e9es au-dessus de l&rsquo;\u00e9lastique une fois le bandeau plac\u00e9. Ce petit geste <strong>redonne imm\u00e9diatement du volume et du naturel<\/strong>.<\/p>\n\n\n\n<p class=\"wp-block-paragraph\">Ne cherchez pas la perfection rigide avec votre frange. Laissez plut\u00f4t quelques m\u00e8ches s&rsquo;\u00e9chapper librement vers vos oreilles. Cela permet d&rsquo;<strong>adoucir votre visage tout en \u00e9vitant un look qui manquerait de souplesse<\/strong>.<\/p>\n\n\n\n<p class=\"wp-block-paragraph\">Consultez aussi notre guide pour <a href=\"https:\/\/www.echoppe-francaise.fr\/blog\/guide-pour-coiffer-vos-cheveux-avec-un-bandeau\/\">coiffer vos cheveux avec un bandeau<\/a>. Ces conseils techniques compl\u00e8tent parfaitement nos astuces de maintien pour obtenir un <strong>r\u00e9sultat vraiment impeccable<\/strong>.<\/p>\n\n\n\n<h2 class=\"wp-block-heading\">Comment harmoniser votre bandeau avec votre visage et vos bijoux ?<\/h2>\n\n\n\n<p class=\"wp-block-paragraph\">Maintenant que la technique est ma\u00eetris\u00e9e, penchons-nous sur l&rsquo;aspect purement esth\u00e9tique pour <strong>sublimer votre visage<\/strong>.<\/p>\n\n\n\n<h3 class=\"wp-block-heading\">Choisir la largeur id\u00e9ale selon la forme de votre visage<\/h3>\n\n\n\n<p class=\"wp-block-paragraph\">Pour un visage rond, la finesse est votre meilleure alli\u00e9e. Un bandeau trop large risque d&rsquo;accentuer la rondeur de vos traits. <strong>Privil\u00e9giez donc un mod\u00e8le \u00e9troit pour allonger visuellement<\/strong>.<\/p>\n\n\n\n<p class=\"wp-block-paragraph\">Si vous avez un visage allong\u00e9, jouez sur le positionnement frontal. En pla\u00e7ant l&rsquo;accessoire plus bas sur le front, vous <strong>r\u00e9duisez la hauteur per\u00e7ue<\/strong>. C&rsquo;est une astuce de visagiste redoutable pour \u00e9quilibrer les proportions.<\/p>\n\n\n\n<p class=\"wp-block-paragraph\">Pensez aussi \u00e0 accorder votre accessoire avec une paire de <a href=\"https:\/\/www.echoppe-francaise.fr\/blog\/quelle-boucle-doreille-pour-quel-visage\/\">quelle boucle d&rsquo;oreille pour quel visage<\/a>. Ce duo cr\u00e9e un cadre parfait. Il <strong>met ainsi votre regard imm\u00e9diatement en valeur<\/strong>.<\/p>\n\n\n\n<h3 class=\"wp-block-heading\">Porter le bandeau avec \u00e9l\u00e9gance en repousse<\/h3>\n\n\n\n<p class=\"wp-block-paragraph\">En p\u00e9riode de repousse, misez sur des mati\u00e8res nobles comme la gaze de coton ou le satin. Le bandeau structure votre coupe courte avec une maturit\u00e9 certaine. Il apporte une <strong>modernit\u00e9 instantan\u00e9e sans aucun effort<\/strong>.<\/p>\n\n\n\n<p class=\"wp-block-paragraph\">L&rsquo;accessoire est un sauveur durant la phase de repousse capillaire. Il camoufle habilement les m\u00e8ches rebelles et les longueurs in\u00e9gales. C&rsquo;est l&rsquo;outil parfait pour <strong>g\u00e9rer cette transition avec style et s\u00e9r\u00e9nit\u00e9<\/strong>.<\/p>\n\n\n\n<p class=\"wp-block-paragraph\">Enfin, n&rsquo;oubliez pas la polyvalence d&rsquo;une cr\u00e9ation artisanale fran\u00e7aise. Elle <strong>transforme une coiffure banale en une v\u00e9ritable tenue de f\u00eate<\/strong>. C&rsquo;est l&rsquo;indispensable pour briller lors de toutes vos grandes occasions.<\/p>\n\n\n\n<p class=\"wp-block-paragraph\">Sublimez votre coupe avec un accessoire adapt\u00e9 : misez sur la finesse pour une pixie ou sur la largeur pour structurer un carr\u00e9. Privil\u00e9giez les mati\u00e8res naturelles artisanales pour un confort durable. Adoptez vite ces astuces de maintien pour <strong>rayonner avec style et assurance<\/strong> d\u00e8s demain. R\u00e9v\u00e9lez enfin la beaut\u00e9 de vos cheveux courts !<\/p>\n","protected":false},"excerpt":{"rendered":"<p>Ce qu&rsquo;il faut retenir : l&rsquo;accessoirisation des cheveux courts repose sur l&rsquo;\u00e9quilibre entre la largeur du bandeau et la morphologie du visage. Choisir des mati\u00e8res naturelles comme le coton ou le velours garantit un maintien optimal sans glisser, tout en structurant les coupes pixie ou les carr\u00e9s. Ce choix artisanal sublime chaque silhouette, offrant une&hellip;&nbsp;<\/p>\n","protected":false},"author":6,"featured_media":2463,"comment_status":"closed","ping_status":"open","sticky":false,"template":"","format":"standard","meta":{"_crdt_document":"","neve_meta_sidebar":"","neve_meta_container":"","neve_meta_enable_content_width":"","neve_meta_content_width":0,"neve_meta_title_alignment":"","neve_meta_author_avatar":"","neve_post_elements_order":"","neve_meta_disable_header":"","neve_meta_disable_footer":"","neve_meta_disable_title":"","footnotes":""},"categories":[131],"tags":[],"class_list":["post-2462","post","type-post","status-publish","format-standard","has-post-thumbnail","hentry","category-guide-bandeau"],"yoast_head":"<!-- This site is optimized with the Yoast SEO plugin v27.5 - https:\/\/yoast.com\/product\/yoast-seo-wordpress\/ -->\n<title>Quel bandeau porter avec des cheveux courts ?<\/title>\n<meta name=\"description\" content=\"D\u00e9couvrez nos conseils pour choisir votre bandeau avec des cheveux courts. Diff\u00e9rentes fa\u00e7ons de porter un headband pour les coupes courtes.\" \/>\n<meta name=\"robots\" content=\"index, follow, max-snippet:-1, max-image-preview:large, max-video-preview:-1\" \/>\n<link rel=\"canonical\" href=\"https:\/\/www.echoppe-francaise.fr\/blog\/choisir-bandeau-cheveux-courts\/\" \/>\n<meta property=\"og:locale\" content=\"fr_FR\" \/>\n<meta property=\"og:type\" content=\"article\" \/>\n<meta property=\"og:title\" content=\"Quel bandeau porter avec des cheveux courts ?\" \/>\n<meta property=\"og:description\" content=\"D\u00e9couvrez nos conseils pour choisir votre bandeau avec des cheveux courts. Diff\u00e9rentes fa\u00e7ons de porter un headband pour les coupes courtes.\" \/>\n<meta property=\"og:url\" content=\"https:\/\/www.echoppe-francaise.fr\/blog\/choisir-bandeau-cheveux-courts\/\" \/>\n<meta property=\"og:site_name\" content=\"\u00c9choppe Fran\u00e7aise, le Blog\" \/>\n<meta property=\"article:published_time\" content=\"2026-03-16T17:25:40+00:00\" \/>\n<meta property=\"article:modified_time\" content=\"2026-03-18T10:11:56+00:00\" \/>\n<meta property=\"og:image\" content=\"https:\/\/www.echoppe-francaise.fr\/blog\/wp-content\/uploads\/2026\/03\/une-jeune-femme-choisit-un-serre-tete.jpg\" \/>\n\t<meta property=\"og:image:width\" content=\"1376\" \/>\n\t<meta property=\"og:image:height\" content=\"768\" \/>\n\t<meta property=\"og:image:type\" content=\"image\/jpeg\" \/>\n<meta name=\"author\" content=\"AntoineR\" \/>\n<meta name=\"twitter:card\" content=\"summary_large_image\" \/>\n<meta name=\"twitter:label1\" content=\"\u00c9crit par\" \/>\n\t<meta name=\"twitter:data1\" content=\"AntoineR\" \/>\n\t<meta name=\"twitter:label2\" content=\"Dur\u00e9e de lecture estim\u00e9e\" \/>\n\t<meta name=\"twitter:data2\" content=\"6 minutes\" \/>\n<script type=\"application\/ld+json\" class=\"yoast-schema-graph\">{\"@context\":\"https:\\\/\\\/schema.org\",\"@graph\":[{\"@type\":\"Article\",\"@id\":\"https:\\\/\\\/www.echoppe-francaise.fr\\\/blog\\\/choisir-bandeau-cheveux-courts\\\/#article\",\"isPartOf\":{\"@id\":\"https:\\\/\\\/www.echoppe-francaise.fr\\\/blog\\\/choisir-bandeau-cheveux-courts\\\/\"},\"author\":{\"name\":\"AntoineR\",\"@id\":\"https:\\\/\\\/www.echoppe-francaise.fr\\\/blog\\\/#\\\/schema\\\/person\\\/eef9eb08fd5394e6899ff8e6c5045b52\"},\"headline\":\"Quel bandeau pour cheveux courts choisir ?\",\"datePublished\":\"2026-03-16T17:25:40+00:00\",\"dateModified\":\"2026-03-18T10:11:56+00:00\",\"mainEntityOfPage\":{\"@id\":\"https:\\\/\\\/www.echoppe-francaise.fr\\\/blog\\\/choisir-bandeau-cheveux-courts\\\/\"},\"wordCount\":1248,\"publisher\":{\"@id\":\"https:\\\/\\\/www.echoppe-francaise.fr\\\/blog\\\/#organization\"},\"image\":{\"@id\":\"https:\\\/\\\/www.echoppe-francaise.fr\\\/blog\\\/choisir-bandeau-cheveux-courts\\\/#primaryimage\"},\"thumbnailUrl\":\"https:\\\/\\\/www.echoppe-francaise.fr\\\/blog\\\/wp-content\\\/uploads\\\/2026\\\/03\\\/une-jeune-femme-choisit-un-serre-tete.jpg\",\"articleSection\":[\"Guide Headband \\\/ Bandeau\"],\"inLanguage\":\"fr-FR\"},{\"@type\":\"WebPage\",\"@id\":\"https:\\\/\\\/www.echoppe-francaise.fr\\\/blog\\\/choisir-bandeau-cheveux-courts\\\/\",\"url\":\"https:\\\/\\\/www.echoppe-francaise.fr\\\/blog\\\/choisir-bandeau-cheveux-courts\\\/\",\"name\":\"Quel bandeau porter avec des cheveux courts ?\",\"isPartOf\":{\"@id\":\"https:\\\/\\\/www.echoppe-francaise.fr\\\/blog\\\/#website\"},\"primaryImageOfPage\":{\"@id\":\"https:\\\/\\\/www.echoppe-francaise.fr\\\/blog\\\/choisir-bandeau-cheveux-courts\\\/#primaryimage\"},\"image\":{\"@id\":\"https:\\\/\\\/www.echoppe-francaise.fr\\\/blog\\\/choisir-bandeau-cheveux-courts\\\/#primaryimage\"},\"thumbnailUrl\":\"https:\\\/\\\/www.echoppe-francaise.fr\\\/blog\\\/wp-content\\\/uploads\\\/2026\\\/03\\\/une-jeune-femme-choisit-un-serre-tete.jpg\",\"datePublished\":\"2026-03-16T17:25:40+00:00\",\"dateModified\":\"2026-03-18T10:11:56+00:00\",\"description\":\"D\u00e9couvrez nos conseils pour choisir votre bandeau avec des cheveux courts. Diff\u00e9rentes fa\u00e7ons de porter un headband pour les coupes courtes.\",\"breadcrumb\":{\"@id\":\"https:\\\/\\\/www.echoppe-francaise.fr\\\/blog\\\/choisir-bandeau-cheveux-courts\\\/#breadcrumb\"},\"inLanguage\":\"fr-FR\",\"potentialAction\":[{\"@type\":\"ReadAction\",\"target\":[\"https:\\\/\\\/www.echoppe-francaise.fr\\\/blog\\\/choisir-bandeau-cheveux-courts\\\/\"]}]},{\"@type\":\"ImageObject\",\"inLanguage\":\"fr-FR\",\"@id\":\"https:\\\/\\\/www.echoppe-francaise.fr\\\/blog\\\/choisir-bandeau-cheveux-courts\\\/#primaryimage\",\"url\":\"https:\\\/\\\/www.echoppe-francaise.fr\\\/blog\\\/wp-content\\\/uploads\\\/2026\\\/03\\\/une-jeune-femme-choisit-un-serre-tete.jpg\",\"contentUrl\":\"https:\\\/\\\/www.echoppe-francaise.fr\\\/blog\\\/wp-content\\\/uploads\\\/2026\\\/03\\\/une-jeune-femme-choisit-un-serre-tete.jpg\",\"width\":1376,\"height\":768,\"caption\":\"Quel bandeau choisir pour sublimer vos cheveux courts ? Cette femme exp\u00e9rimente avec un bandeau beige, entour\u00e9e d'autres options \u00e9l\u00e9gantes sur sa coiffeuse.\"},{\"@type\":\"BreadcrumbList\",\"@id\":\"https:\\\/\\\/www.echoppe-francaise.fr\\\/blog\\\/choisir-bandeau-cheveux-courts\\\/#breadcrumb\",\"itemListElement\":[{\"@type\":\"ListItem\",\"position\":1,\"name\":\"Accueil\",\"item\":\"https:\\\/\\\/www.echoppe-francaise.fr\\\/blog\\\/\"},{\"@type\":\"ListItem\",\"position\":2,\"name\":\"Quel bandeau pour cheveux courts choisir ?\"}]},{\"@type\":\"WebSite\",\"@id\":\"https:\\\/\\\/www.echoppe-francaise.fr\\\/blog\\\/#website\",\"url\":\"https:\\\/\\\/www.echoppe-francaise.fr\\\/blog\\\/\",\"name\":\"\u00c9choppe Fran\u00e7aise, le Blog\",\"description\":\"Le blog des Cr\u00e9atrices et Cr\u00e9ateurs fran\u00e7ais\",\"publisher\":{\"@id\":\"https:\\\/\\\/www.echoppe-francaise.fr\\\/blog\\\/#organization\"},\"potentialAction\":[{\"@type\":\"SearchAction\",\"target\":{\"@type\":\"EntryPoint\",\"urlTemplate\":\"https:\\\/\\\/www.echoppe-francaise.fr\\\/blog\\\/?s={search_term_string}\"},\"query-input\":{\"@type\":\"PropertyValueSpecification\",\"valueRequired\":true,\"valueName\":\"search_term_string\"}}],\"inLanguage\":\"fr-FR\"},{\"@type\":\"Organization\",\"@id\":\"https:\\\/\\\/www.echoppe-francaise.fr\\\/blog\\\/#organization\",\"name\":\"L'\u00e9choppe Fran\u00e7aise\",\"url\":\"https:\\\/\\\/www.echoppe-francaise.fr\\\/blog\\\/\",\"logo\":{\"@type\":\"ImageObject\",\"inLanguage\":\"fr-FR\",\"@id\":\"https:\\\/\\\/www.echoppe-francaise.fr\\\/blog\\\/#\\\/schema\\\/logo\\\/image\\\/\",\"url\":\"https:\\\/\\\/www.echoppe-francaise.fr\\\/blog\\\/wp-content\\\/uploads\\\/2017\\\/04\\\/echoppe-francaise-logo-1489412704.png\",\"contentUrl\":\"https:\\\/\\\/www.echoppe-francaise.fr\\\/blog\\\/wp-content\\\/uploads\\\/2017\\\/04\\\/echoppe-francaise-logo-1489412704.png\",\"width\":492,\"height\":270,\"caption\":\"L'\u00e9choppe Fran\u00e7aise\"},\"image\":{\"@id\":\"https:\\\/\\\/www.echoppe-francaise.fr\\\/blog\\\/#\\\/schema\\\/logo\\\/image\\\/\"}},{\"@type\":\"Person\",\"@id\":\"https:\\\/\\\/www.echoppe-francaise.fr\\\/blog\\\/#\\\/schema\\\/person\\\/eef9eb08fd5394e6899ff8e6c5045b52\",\"name\":\"AntoineR\",\"image\":{\"@type\":\"ImageObject\",\"inLanguage\":\"fr-FR\",\"@id\":\"https:\\\/\\\/secure.gravatar.com\\\/avatar\\\/11538476e65f843df3f3d146f6b3798ffda7e7510e46d9566b2379eca1b1cf4d?s=96&d=mm&r=g\",\"url\":\"https:\\\/\\\/secure.gravatar.com\\\/avatar\\\/11538476e65f843df3f3d146f6b3798ffda7e7510e46d9566b2379eca1b1cf4d?s=96&d=mm&r=g\",\"contentUrl\":\"https:\\\/\\\/secure.gravatar.com\\\/avatar\\\/11538476e65f843df3f3d146f6b3798ffda7e7510e46d9566b2379eca1b1cf4d?s=96&d=mm&r=g\",\"caption\":\"AntoineR\"},\"url\":\"https:\\\/\\\/www.echoppe-francaise.fr\\\/blog\\\/author\\\/antoiner\\\/\"}]}<\/script>\n<!-- \/ Yoast SEO plugin. -->","yoast_head_json":{"title":"Quel bandeau porter avec des cheveux courts ?","description":"D\u00e9couvrez nos conseils pour choisir votre bandeau avec des cheveux courts. Diff\u00e9rentes fa\u00e7ons de porter un headband pour les coupes courtes.","robots":{"index":"index","follow":"follow","max-snippet":"max-snippet:-1","max-image-preview":"max-image-preview:large","max-video-preview":"max-video-preview:-1"},"canonical":"https:\/\/www.echoppe-francaise.fr\/blog\/choisir-bandeau-cheveux-courts\/","og_locale":"fr_FR","og_type":"article","og_title":"Quel bandeau porter avec des cheveux courts ?","og_description":"D\u00e9couvrez nos conseils pour choisir votre bandeau avec des cheveux courts. Diff\u00e9rentes fa\u00e7ons de porter un headband pour les coupes courtes.","og_url":"https:\/\/www.echoppe-francaise.fr\/blog\/choisir-bandeau-cheveux-courts\/","og_site_name":"\u00c9choppe Fran\u00e7aise, le Blog","article_published_time":"2026-03-16T17:25:40+00:00","article_modified_time":"2026-03-18T10:11:56+00:00","og_image":[{"width":1376,"height":768,"url":"https:\/\/www.echoppe-francaise.fr\/blog\/wp-content\/uploads\/2026\/03\/une-jeune-femme-choisit-un-serre-tete.jpg","type":"image\/jpeg"}],"author":"AntoineR","twitter_card":"summary_large_image","twitter_misc":{"\u00c9crit par":"AntoineR","Dur\u00e9e de lecture estim\u00e9e":"6 minutes"},"schema":{"@context":"https:\/\/schema.org","@graph":[{"@type":"Article","@id":"https:\/\/www.echoppe-francaise.fr\/blog\/choisir-bandeau-cheveux-courts\/#article","isPartOf":{"@id":"https:\/\/www.echoppe-francaise.fr\/blog\/choisir-bandeau-cheveux-courts\/"},"author":{"name":"AntoineR","@id":"https:\/\/www.echoppe-francaise.fr\/blog\/#\/schema\/person\/eef9eb08fd5394e6899ff8e6c5045b52"},"headline":"Quel bandeau pour cheveux courts choisir ?","datePublished":"2026-03-16T17:25:40+00:00","dateModified":"2026-03-18T10:11:56+00:00","mainEntityOfPage":{"@id":"https:\/\/www.echoppe-francaise.fr\/blog\/choisir-bandeau-cheveux-courts\/"},"wordCount":1248,"publisher":{"@id":"https:\/\/www.echoppe-francaise.fr\/blog\/#organization"},"image":{"@id":"https:\/\/www.echoppe-francaise.fr\/blog\/choisir-bandeau-cheveux-courts\/#primaryimage"},"thumbnailUrl":"https:\/\/www.echoppe-francaise.fr\/blog\/wp-content\/uploads\/2026\/03\/une-jeune-femme-choisit-un-serre-tete.jpg","articleSection":["Guide Headband \/ Bandeau"],"inLanguage":"fr-FR"},{"@type":"WebPage","@id":"https:\/\/www.echoppe-francaise.fr\/blog\/choisir-bandeau-cheveux-courts\/","url":"https:\/\/www.echoppe-francaise.fr\/blog\/choisir-bandeau-cheveux-courts\/","name":"Quel bandeau porter avec des cheveux courts ?","isPartOf":{"@id":"https:\/\/www.echoppe-francaise.fr\/blog\/#website"},"primaryImageOfPage":{"@id":"https:\/\/www.echoppe-francaise.fr\/blog\/choisir-bandeau-cheveux-courts\/#primaryimage"},"image":{"@id":"https:\/\/www.echoppe-francaise.fr\/blog\/choisir-bandeau-cheveux-courts\/#primaryimage"},"thumbnailUrl":"https:\/\/www.echoppe-francaise.fr\/blog\/wp-content\/uploads\/2026\/03\/une-jeune-femme-choisit-un-serre-tete.jpg","datePublished":"2026-03-16T17:25:40+00:00","dateModified":"2026-03-18T10:11:56+00:00","description":"D\u00e9couvrez nos conseils pour choisir votre bandeau avec des cheveux courts. Diff\u00e9rentes fa\u00e7ons de porter un headband pour les coupes courtes.","breadcrumb":{"@id":"https:\/\/www.echoppe-francaise.fr\/blog\/choisir-bandeau-cheveux-courts\/#breadcrumb"},"inLanguage":"fr-FR","potentialAction":[{"@type":"ReadAction","target":["https:\/\/www.echoppe-francaise.fr\/blog\/choisir-bandeau-cheveux-courts\/"]}]},{"@type":"ImageObject","inLanguage":"fr-FR","@id":"https:\/\/www.echoppe-francaise.fr\/blog\/choisir-bandeau-cheveux-courts\/#primaryimage","url":"https:\/\/www.echoppe-francaise.fr\/blog\/wp-content\/uploads\/2026\/03\/une-jeune-femme-choisit-un-serre-tete.jpg","contentUrl":"https:\/\/www.echoppe-francaise.fr\/blog\/wp-content\/uploads\/2026\/03\/une-jeune-femme-choisit-un-serre-tete.jpg","width":1376,"height":768,"caption":"Quel bandeau choisir pour sublimer vos cheveux courts ? Cette femme exp\u00e9rimente avec un bandeau beige, entour\u00e9e d'autres options \u00e9l\u00e9gantes sur sa coiffeuse."},{"@type":"BreadcrumbList","@id":"https:\/\/www.echoppe-francaise.fr\/blog\/choisir-bandeau-cheveux-courts\/#breadcrumb","itemListElement":[{"@type":"ListItem","position":1,"name":"Accueil","item":"https:\/\/www.echoppe-francaise.fr\/blog\/"},{"@type":"ListItem","position":2,"name":"Quel bandeau pour cheveux courts choisir ?"}]},{"@type":"WebSite","@id":"https:\/\/www.echoppe-francaise.fr\/blog\/#website","url":"https:\/\/www.echoppe-francaise.fr\/blog\/","name":"\u00c9choppe Fran\u00e7aise, le Blog","description":"Le blog des Cr\u00e9atrices et Cr\u00e9ateurs fran\u00e7ais","publisher":{"@id":"https:\/\/www.echoppe-francaise.fr\/blog\/#organization"},"potentialAction":[{"@type":"SearchAction","target":{"@type":"EntryPoint","urlTemplate":"https:\/\/www.echoppe-francaise.fr\/blog\/?s={search_term_string}"},"query-input":{"@type":"PropertyValueSpecification","valueRequired":true,"valueName":"search_term_string"}}],"inLanguage":"fr-FR"},{"@type":"Organization","@id":"https:\/\/www.echoppe-francaise.fr\/blog\/#organization","name":"L'\u00e9choppe Fran\u00e7aise","url":"https:\/\/www.echoppe-francaise.fr\/blog\/","logo":{"@type":"ImageObject","inLanguage":"fr-FR","@id":"https:\/\/www.echoppe-francaise.fr\/blog\/#\/schema\/logo\/image\/","url":"https:\/\/www.echoppe-francaise.fr\/blog\/wp-content\/uploads\/2017\/04\/echoppe-francaise-logo-1489412704.png","contentUrl":"https:\/\/www.echoppe-francaise.fr\/blog\/wp-content\/uploads\/2017\/04\/echoppe-francaise-logo-1489412704.png","width":492,"height":270,"caption":"L'\u00e9choppe Fran\u00e7aise"},"image":{"@id":"https:\/\/www.echoppe-francaise.fr\/blog\/#\/schema\/logo\/image\/"}},{"@type":"Person","@id":"https:\/\/www.echoppe-francaise.fr\/blog\/#\/schema\/person\/eef9eb08fd5394e6899ff8e6c5045b52","name":"AntoineR","image":{"@type":"ImageObject","inLanguage":"fr-FR","@id":"https:\/\/secure.gravatar.com\/avatar\/11538476e65f843df3f3d146f6b3798ffda7e7510e46d9566b2379eca1b1cf4d?s=96&d=mm&r=g","url":"https:\/\/secure.gravatar.com\/avatar\/11538476e65f843df3f3d146f6b3798ffda7e7510e46d9566b2379eca1b1cf4d?s=96&d=mm&r=g","contentUrl":"https:\/\/secure.gravatar.com\/avatar\/11538476e65f843df3f3d146f6b3798ffda7e7510e46d9566b2379eca1b1cf4d?s=96&d=mm&r=g","caption":"AntoineR"},"url":"https:\/\/www.echoppe-francaise.fr\/blog\/author\/antoiner\/"}]}},"_links":{"self":[{"href":"https:\/\/www.echoppe-francaise.fr\/blog\/wp-json\/wp\/v2\/posts\/2462","targetHints":{"allow":["GET"]}}],"collection":[{"href":"https:\/\/www.echoppe-francaise.fr\/blog\/wp-json\/wp\/v2\/posts"}],"about":[{"href":"https:\/\/www.echoppe-francaise.fr\/blog\/wp-json\/wp\/v2\/types\/post"}],"author":[{"embeddable":true,"href":"https:\/\/www.echoppe-francaise.fr\/blog\/wp-json\/wp\/v2\/users\/6"}],"replies":[{"embeddable":true,"href":"https:\/\/www.echoppe-francaise.fr\/blog\/wp-json\/wp\/v2\/comments?post=2462"}],"version-history":[{"count":4,"href":"https:\/\/www.echoppe-francaise.fr\/blog\/wp-json\/wp\/v2\/posts\/2462\/revisions"}],"predecessor-version":[{"id":2499,"href":"https:\/\/www.echoppe-francaise.fr\/blog\/wp-json\/wp\/v2\/posts\/2462\/revisions\/2499"}],"wp:featuredmedia":[{"embeddable":true,"href":"https:\/\/www.echoppe-francaise.fr\/blog\/wp-json\/wp\/v2\/media\/2463"}],"wp:attachment":[{"href":"https:\/\/www.echoppe-francaise.fr\/blog\/wp-json\/wp\/v2\/media?parent=2462"}],"wp:term":[{"taxonomy":"category","embeddable":true,"href":"https:\/\/www.echoppe-francaise.fr\/blog\/wp-json\/wp\/v2\/categories?post=2462"},{"taxonomy":"post_tag","embeddable":true,"href":"https:\/\/www.echoppe-francaise.fr\/blog\/wp-json\/wp\/v2\/tags?post=2462"}],"curies":[{"name":"wp","href":"https:\/\/api.w.org\/{rel}","templated":true}]}}