{"id":2421,"date":"2026-03-12T15:47:35","date_gmt":"2026-03-12T14:47:35","guid":{"rendered":"https:\/\/www.echoppe-francaise.fr\/blog\/?p=2421"},"modified":"2026-03-16T17:51:50","modified_gmt":"2026-03-16T16:51:50","slug":"lumens-eclairage-froid","status":"publish","type":"post","link":"https:\/\/www.echoppe-francaise.fr\/blog\/lumens-eclairage-froid\/","title":{"rendered":"Combien de lumens pour un \u00e9clairage froid ?"},"content":{"rendered":"\n<p class=\"has-background wp-block-paragraph\" style=\"background-color:#add8e6\">L&rsquo;essentiel \u00e0 retenir : Pour un \u00e9clairage froid r\u00e9ussi, visez une <strong>temp\u00e9rature sup\u00e9rieure \u00e0 4000 Kelvin et une intensit\u00e9 de 300 lumens par m\u00e8tre carr\u00e9<\/strong>. Cette configuration <strong>booste la concentration et agrandit visuellement l&rsquo;espace<\/strong>, \u00e0 condition de mixer ces sources avec des lampes d&rsquo;appoint plus chaudes. Le chiffre cl\u00e9 : 6000 lumens sont n\u00e9cessaires pour \u00e9clairer efficacement un atelier de 20 m2.<\/p>\n\n\n\n<p class=\"wp-block-paragraph\">Vous en avez assez de plisser les yeux dans un bureau trop sombre ou une cuisine aux tons jaun\u00e2tres qui fatigue votre vue ? Cet article vous explique pr\u00e9cis\u00e9ment <strong>Combien de lumens pour un \u00e9clairage froid<\/strong> ? afin de transformer vos espaces de travail en v\u00e9ritables zones de haute performance visuelle. Vous d\u00e9couvrirez comment calculer l&rsquo;intensit\u00e9 id\u00e9ale au m\u00e8tre carr\u00e9, les secrets pour atteindre 4000 Kelvins sans transformer votre salon en h\u00f4pital, et nos astuces de pro pour booster votre concentration gr\u00e2ce aux LED bleut\u00e9es.<\/p>\n\n\n\n<ol class=\"wp-block-list\">\n<li><a href=\"#lumens-kelvins-confusion-puissance-couleur\">Lumens et Kelvins : stop \u00e0 la confusion entre puissance et couleur<\/a><\/li>\n\n\n\n<li><a href=\"#calcul-lumens-m2-eclairage-froid-efficace\">Combien de lumens par m2 pour un \u00e9clairage froid efficace ?<\/a><\/li>\n\n\n\n<li><a href=\"#astuces-eviter-ambiance-clinique-chez-soi\">3 secrets pour \u00e9viter l&rsquo;ambiance clinique chez soi<\/a><\/li>\n\n\n\n<li><a href=\"#pourquoi-blanc-froid-booste-productivite-bureau\">Pourquoi le blanc froid booste votre productivit\u00e9 au bureau ?<\/a><\/li>\n<\/ol>\n\n\n\n<h2 class=\"wp-block-heading\">Lumens et Kelvins : stop \u00e0 la confusion entre puissance et couleur<\/h2>\n\n\n\n<p class=\"wp-block-paragraph\">Apr\u00e8s avoir longtemps choisi nos ampoules par leur consommation, il est temps de comprendre les <strong>vrais indicateurs de performance<\/strong> pour un \u00e9clairage froid r\u00e9ussi.<\/p>\n\n\n\n<h3 class=\"wp-block-heading\">Le lumen, l&rsquo;unit\u00e9 de mesure de la luminosit\u00e9 pure<\/h3>\n\n\n\n<p class=\"wp-block-paragraph\">Le <strong>lumen mesure le flux lumineux r\u00e9el per\u00e7u par votre \u0153il<\/strong>. C&rsquo;est l&rsquo;unique indicateur de la quantit\u00e9 de lumi\u00e8re produite par une source. Pour bien comprendre, consultez la <a href=\"https:\/\/agirpourlatransition.ademe.fr\/particuliers\/amenager-maison\/meubler-equiper\/bien-choisir-eclairage\" target=\"_blank\">d\u00e9finition du lumen par l&rsquo;ADEME<\/a>.<\/p>\n\n\n\n<p class=\"wp-block-paragraph\">Oubliez les anciens Watts qui indiquaient seulement la consommation \u00e9lectrique. Aujourd&rsquo;hui, <strong>l&rsquo;intensit\u00e9 lumineuse prime sur l&rsquo;\u00e9nergie utilis\u00e9e<\/strong>. Les LED consomment peu mais elles \u00e9clairent tr\u00e8s fort.<\/p>\n\n\n\n<p class=\"wp-block-paragraph\">Les LED ont totalement boulevers\u00e9 nos habitudes d&rsquo;achat en rayon. On ne cherche plus une puissance \u00e9lectrique brute. On vise d\u00e9sormais un <strong>rendement visuel pr\u00e9cis et efficace<\/strong>.<\/p>\n\n\n\n<p class=\"wp-block-paragraph\">Regardez toujours attentivement l&#8217;emballage de vos ampoules. Le <strong>chiffre des lumens reste votre seul rep\u00e8re fiable de brillance<\/strong>.<\/p>\n\n\n\n<figure class=\"wp-block-image\"><img decoding=\"async\" src=\"https:\/\/www.echoppe-francaise.fr\/blog\/wp-content\/uploads\/2026\/03\/infographie-lumen-et-kelvin-expliques.jpg\" alt=\"Infographie comparative entre lumens pour la luminosit\u00e9 et Kelvins pour la temp\u00e9rature de couleur\"\/><\/figure>\n\n\n\n<p class=\"wp-block-paragraph\"><\/p>\n\n\n\n<h3 class=\"wp-block-heading\">Le Kelvin, le curseur de la chaleur visuelle<\/h3>\n\n\n\n<p class=\"wp-block-paragraph\">Les Kelvins d\u00e9finissent la temp\u00e9rature de couleur de votre lampe. <strong>Le blanc froid d\u00e9bute officiellement au-del\u00e0 de 4000 K<\/strong>. V\u00e9rifiez les <a href=\"https:\/\/agirpourlatransition.ademe.fr\/particuliers\/amenager-maison\/meubler-equiper\/bien-choisir-eclairage\" target=\"_blank\">caract\u00e9ristiques de l&rsquo;\u00e9clairage froid<\/a> pour ne pas vous tromper.<\/p>\n\n\n\n<p class=\"wp-block-paragraph\">Cette lumi\u00e8re poss\u00e8de un aspect bleut\u00e9 et dynamique tr\u00e8s marqu\u00e9. Elle \u00e9voque la clart\u00e9 parfaite d&rsquo;un ciel de plein midi. C&rsquo;est une <strong>ambiance stimulante, nette et vivifiante<\/strong>.<\/p>\n\n\n\n<p class=\"wp-block-paragraph\">Le rendu diff\u00e8re radicalement du blanc chaud traditionnel. Le froid \u00e9limine totalement les teintes jaun\u00e2tres habituelles. Il offre une <strong>vision plus crue mais bien plus fid\u00e8le<\/strong>.<\/p>\n\n\n\n<p class=\"wp-block-paragraph\">Notez que le Kelvin <strong>ne change absolument pas la puissance<\/strong>. Il modifie simplement l&rsquo;atmosph\u00e8re visuelle de votre pi\u00e8ce de vie.<\/p>\n\n\n\n<h2 class=\"wp-block-heading\">Combien de lumens par m2 pour un \u00e9clairage froid efficace ?<\/h2>\n\n\n\n<p class=\"wp-block-paragraph\">Une fois ces notions techniques ma\u00eetris\u00e9es, passons aux <strong>calculs concrets pour \u00e9quiper vos diff\u00e9rentes pi\u00e8ces de vie<\/strong>.<\/p>\n\n\n\n<h3 class=\"wp-block-heading\">La r\u00e8gle d&rsquo;or des 300 lumens pour vos espaces actifs<\/h3>\n\n\n\n<p class=\"wp-block-paragraph\">Pour vos zones de forte activit\u00e9, visez un ratio de 300 lumens par m\u00e8tre carr\u00e9. C&rsquo;est la norme id\u00e9ale pour obtenir une <strong>clart\u00e9 impeccable<\/strong>. Vous \u00e9vitez ainsi les zones d&rsquo;ombre g\u00eanantes. La visibilit\u00e9 devient alors totale et parfaitement homog\u00e8ne.<\/p>\n\n\n\n<p class=\"wp-block-paragraph\">Imaginons un atelier artisanal de 20 m2. Le calcul est simple : il vous faut <strong>6000 lumens au total<\/strong>. Cette puissance est indispensable pour le travail de pr\u00e9cision. Vos yeux vous remercieront lors des t\u00e2ches minutieuses.<\/p>\n\n\n\n<p class=\"wp-block-paragraph\">Pourquoi une telle intensit\u00e9 ? C&rsquo;est une question de concentration. Une lumi\u00e8re forte <strong>r\u00e9duit drastiquement l&rsquo;effort visuel quotidien<\/strong>. Elle vous permet de d\u00e9celer les moindres d\u00e9tails techniques sans fatiguer. C&rsquo;est un vrai confort.<\/p>\n\n\n\n<p class=\"wp-block-paragraph\">N&rsquo;h\u00e9sitez pas \u00e0 consulter notre guide pour bien <a href=\"https:\/\/www.echoppe-francaise.fr\/blog\/trouver-votre-luminaire-comment-choisir-le-nombre-de-lumen\/\"><strong>choisir le nombre de lumens pour son luminaire<\/strong><\/a>. Vous y trouverez des astuces pr\u00e9cieuses pour votre int\u00e9rieur.<\/p>\n\n\n\n<h3 class=\"wp-block-heading\">Adapter l&rsquo;intensit\u00e9 selon la configuration de votre pi\u00e8ce<\/h3>\n\n\n\n<p class=\"wp-block-paragraph\">Attention \u00e0 la couleur de vos murs ! Des parois sombres absorbent litt\u00e9ralement la lumi\u00e8re froide. Pour compenser ce ph\u00e9nom\u00e8ne, <strong>augmentez le nombre total de lumens<\/strong>. Ne laissez pas l&rsquo;obscurit\u00e9 grignoter votre confort visuel habituel.<\/p>\n\n\n\n<p class=\"wp-block-paragraph\">Pensez aussi \u00e0 votre hauteur sous plafond. Plus le luminaire est haut, plus la lumi\u00e8re se diffuse largement. Multipliez les points lumineux pour r\u00e9duire cette distance. C&rsquo;est le <strong>secret d&rsquo;un \u00e9clairage qui ne se perd pas<\/strong>.<\/p>\n\n\n\n<p class=\"wp-block-paragraph\">Ciblez prioritairement vos zones strat\u00e9giques. Le plan de travail en cuisine ou le miroir de la salle de bain sont cruciaux. C&rsquo;est pr\u00e9cis\u00e9ment l\u00e0 que <strong>le blanc froid excelle<\/strong>. Il rend chaque geste plus s\u00fbr et pr\u00e9cis.<\/p>\n\n\n\n<div style=\"overflow:auto;max-width:100%\">\n<table>\n<thead>\n<tr>\n<th>Pi\u00e8ce<\/th>\n<th>Lumens\/m2 conseill\u00e9s<\/th>\n<th>Temp\u00e9rature id\u00e9ale<\/th>\n<th>Usage principal<\/th>\n<\/tr>\n<\/thead>\n<tbody>\n<tr>\n<td>Bureau<\/td>\n<td>400 lumens<\/td>\n<td>4200K<\/td>\n<td>Travail et concentration<\/td>\n<\/tr>\n<tr>\n<td>Cuisine<\/td>\n<td>350 lumens<\/td>\n<td>4000K<\/td>\n<td>Pr\u00e9paration culinaire<\/td>\n<\/tr>\n<tr>\n<td>Salle de bain<\/td>\n<td>500 lumens<\/td>\n<td>5000K<\/td>\n<td>Pr\u00e9cision et soin<\/td>\n<\/tr>\n<tr>\n<td>Atelier<\/td>\n<td>500 lumens<\/td>\n<td>6000K<\/td>\n<td>Travaux de pr\u00e9cision<\/td>\n<\/tr>\n<\/tbody>\n<\/table>\n<\/div>\n\n\n\n<h2 class=\"wp-block-heading\">3 secrets pour \u00e9viter l&rsquo;ambiance clinique chez soi<\/h2>\n\n\n\n<p class=\"wp-block-paragraph\">Si la puissance est l\u00e0, il faut maintenant veiller \u00e0 ce que votre int\u00e9rieur <strong>ne ressemble pas \u00e0 un bloc op\u00e9ratoire<\/strong>.<\/p>\n\n\n\n<h3 class=\"wp-block-heading\">Mixer les temp\u00e9ratures pour un relief naturel<\/h3>\n\n\n\n<p class=\"wp-block-paragraph\">Mariez un \u00e9clairage principal froid avec des lampes d&rsquo;appoint. Utilisez le froid au plafond pour la clart\u00e9. Gardez le chaud pour vos lampes de table. Cette <strong>alternance \u00e9vite l&rsquo;aspect monotone d&rsquo;un laboratoire<\/strong>.<\/p>\n\n\n\n<p class=\"wp-block-paragraph\">Cr\u00e9ez des contrastes pour donner de la profondeur. Une lumi\u00e8re trop uniforme aplatit les volumes de votre mobilier. <strong>Le m\u00e9lange des teintes redonne vie \u00e0 la pi\u00e8ce<\/strong>. C&rsquo;est le secret des d\u00e9corateurs avertis.<\/p>\n\n\n\n<p class=\"wp-block-paragraph\">Utilisez la lumi\u00e8re froide pour agrandir l&rsquo;espace. Elle repousse visuellement les murs trop \u00e9troits. C&rsquo;est une astuce parfaite pour les petits studios urbains. Vous gagnez en sensation d&rsquo;ouverture sans pousser les cloisons.<\/p>\n\n\n\n<p class=\"wp-block-paragraph\">Pensez aussi \u00e0 bien <a href=\"https:\/\/www.echoppe-francaise.fr\/blog\/combien-de-lumens-pour-un-eclairage-chaud\/\"><strong>choisir le nombre de lumens pour un \u00e9clairage chaud<\/strong><\/a> en compl\u00e9ment.<\/p>\n\n\n\n<h3 class=\"wp-block-heading\">Choisir des luminaires artisanaux pour r\u00e9chauffer le style<\/h3>\n\n\n\n<p class=\"wp-block-paragraph\">Valorisez l&rsquo;artisanat fran\u00e7ais pour casser la froideur LED. Une suspension en bois ou en c\u00e9ramique change tout. <strong>Le fait main apporte une \u00e2me n\u00e9cessaire<\/strong>. Chaque pi\u00e8ce raconte une histoire humaine unique.<\/p>\n\n\n\n<p class=\"wp-block-paragraph\">Privil\u00e9giez les mati\u00e8res naturelles locales. Elles absorbent le surplus de bleu visuel des ampoules froides. <strong>Le design compense alors la temp\u00e9rature de couleur technique<\/strong>. Le rotin ou le lin adoucissent l&rsquo;atmosph\u00e8re instantan\u00e9ment.<\/p>\n\n\n\n<p class=\"wp-block-paragraph\">S\u00e9lectionnez des pi\u00e8ces originales qui habillent le vide. Un bel objet d\u00e9tourne l&rsquo;attention de la lumi\u00e8re crue. C&rsquo;est l&rsquo;\u00e9quilibre parfait entre fonction et esth\u00e9tique. Votre d\u00e9coration devient alors le <strong>centre d&rsquo;int\u00e9r\u00eat principal<\/strong>.<\/p>\n\n\n\n<p class=\"wp-block-paragraph\">Consultez notre <a href=\"https:\/\/www.echoppe-francaise.fr\/blog\/guide-fabrication-francaise\/\"><strong>guide d&rsquo;achat du made in France<\/strong><\/a> pour vos futurs luminaires.<\/p>\n\n\n\n<h2 class=\"wp-block-heading\">Pourquoi le blanc froid booste votre productivit\u00e9 au bureau ?<\/h2>\n\n\n\n<p class=\"wp-block-paragraph\">Au-del\u00e0 du style, l&rsquo;\u00e9clairage froid poss\u00e8de des <strong>vertus physiologiques insoup\u00e7onn\u00e9es<\/strong> pour votre espace de travail.<\/p>\n\n\n\n<h3 class=\"wp-block-heading\">L&rsquo;impact de la lumi\u00e8re bleue sur la concentration<\/h3>\n\n\n\n<p class=\"wp-block-paragraph\">La lumi\u00e8re froide booste votre vigilance. Elle stimule le cycle circadien durant la journ\u00e9e. C&rsquo;est un vrai signal de r\u00e9veil. Votre cerveau reste ainsi <strong>bien alerte<\/strong>.<\/p>\n\n\n\n<p class=\"wp-block-paragraph\">Elle <strong>r\u00e9duit aussi la fatigue oculaire<\/strong>. Un contraste net facilite la lecture. Vos yeux forcent beaucoup moins. Les longues sessions deviennent plus supportables.<\/p>\n\n\n\n<p class=\"wp-block-paragraph\">Je recommande le <strong>blanc neutre aux cr\u00e9atifs<\/strong>. Il respecte mieux les couleurs r\u00e9elles. C&rsquo;est l&rsquo;id\u00e9al pour la couture. Le graphisme en profite \u00e9galement.<\/p>\n\n\n\n<p class=\"wp-block-paragraph\">Consultez les <a href=\"https:\/\/www.inrs.fr\/risques\/rayonnements-optiques\/eclairage-led.html\" target=\"_blank\">normes de confort pour un bureau<\/a>. L&rsquo;INRS pr\u00e9conise souvent <strong>500 lux minimum<\/strong>.<\/p>\n\n\n\n<h3 class=\"wp-block-heading\">Installer des points lumineux strat\u00e9giques pour \u00e9viter la fatigue<\/h3>\n\n\n\n<p class=\"wp-block-paragraph\">L&rsquo;Indice de Rendu des Couleurs est capital. Un IRC \u00e9lev\u00e9 garantit des <strong>teintes naturelles<\/strong>. Vos objets ne sont pas d\u00e9natur\u00e9s. C&rsquo;est vital pour l&rsquo;esth\u00e9tique.<\/p>\n\n\n\n<p class=\"wp-block-paragraph\">Utilisez des variateurs d&rsquo;intensit\u00e9 chez vous. Ils adoucissent le froid le soir. On module selon sa fatigue. <strong>L&rsquo;ambiance devient alors plus souple<\/strong>.<\/p>\n\n\n\n<p class=\"wp-block-paragraph\">V\u00e9rifiez toujours les <strong>indices de protection (IP)<\/strong>. C&rsquo;est crucial pour les zones humides. La s\u00e9curit\u00e9 doit accompagner la performance. Ne n\u00e9gligez jamais ce point.<\/p>\n\n\n\n<p class=\"wp-block-paragraph\"><strong>Prot\u00e9gez votre r\u00e9tine<\/strong> avec des diffuseurs. Ils limitent la luminance directe des LED. C&rsquo;est un conseil sant\u00e9 majeur. Votre confort visuel en d\u00e9pend.<\/p>\n\n\n\n<p class=\"wp-block-paragraph\">Ma\u00eetriser combien de lumens pour un \u00e9clairage froid est la cl\u00e9 pour transformer votre int\u00e9rieur en un espace dynamique et ultra-performant. En visant 300 lumens par m\u00b2 et plus de 4000 Kelvins, vous boostez instantan\u00e9ment votre concentration et agrandissez vos volumes. \u00c9quipez-vous d\u00e8s maintenant pour redonner vie \u00e0 vos pi\u00e8ces actives !<\/p>\n","protected":false},"excerpt":{"rendered":"<p>L&rsquo;essentiel \u00e0 retenir : Pour un \u00e9clairage froid r\u00e9ussi, visez une temp\u00e9rature sup\u00e9rieure \u00e0 4000 Kelvin et une intensit\u00e9 de 300 lumens par m\u00e8tre carr\u00e9. Cette configuration booste la concentration et agrandit visuellement l&rsquo;espace, \u00e0 condition de mixer ces sources avec des lampes d&rsquo;appoint plus chaudes. Le chiffre cl\u00e9 : 6000 lumens sont n\u00e9cessaires pour&hellip;&nbsp;<\/p>\n","protected":false},"author":6,"featured_media":2422,"comment_status":"closed","ping_status":"open","sticky":false,"template":"","format":"standard","meta":{"_crdt_document":"","neve_meta_sidebar":"","neve_meta_container":"","neve_meta_enable_content_width":"","neve_meta_content_width":0,"neve_meta_title_alignment":"","neve_meta_author_avatar":"","neve_post_elements_order":"","neve_meta_disable_header":"","neve_meta_disable_footer":"","neve_meta_disable_title":"","footnotes":""},"categories":[130],"tags":[],"class_list":["post-2421","post","type-post","status-publish","format-standard","has-post-thumbnail","hentry","category-guide-eclairage"],"yoast_head":"<!-- This site is optimized with the Yoast SEO plugin v27.5 - https:\/\/yoast.com\/product\/yoast-seo-wordpress\/ -->\n<title>\u00c9clairage Froid : Combien de Lumens \/ kelvins choisir ?<\/title>\n<meta name=\"description\" content=\"Envie d&#039;un \u00e9clairage froid pour travailler ? D\u00e9couvrez comment choisir vos ampoules pour des environnements de travail.\" \/>\n<meta name=\"robots\" content=\"index, follow, max-snippet:-1, max-image-preview:large, max-video-preview:-1\" \/>\n<link rel=\"canonical\" href=\"https:\/\/www.echoppe-francaise.fr\/blog\/lumens-eclairage-froid\/\" \/>\n<meta property=\"og:locale\" content=\"fr_FR\" \/>\n<meta property=\"og:type\" content=\"article\" \/>\n<meta property=\"og:title\" content=\"\u00c9clairage Froid : Combien de Lumens \/ kelvins choisir ?\" \/>\n<meta property=\"og:description\" content=\"Envie d&#039;un \u00e9clairage froid pour travailler ? D\u00e9couvrez comment choisir vos ampoules pour des environnements de travail.\" \/>\n<meta property=\"og:url\" content=\"https:\/\/www.echoppe-francaise.fr\/blog\/lumens-eclairage-froid\/\" \/>\n<meta property=\"og:site_name\" content=\"\u00c9choppe Fran\u00e7aise, le Blog\" \/>\n<meta property=\"article:published_time\" content=\"2026-03-12T14:47:35+00:00\" \/>\n<meta property=\"article:modified_time\" content=\"2026-03-16T16:51:50+00:00\" \/>\n<meta property=\"og:image\" content=\"https:\/\/www.echoppe-francaise.fr\/blog\/wp-content\/uploads\/2026\/03\/bureau-moderne-et-lumineux.jpg\" \/>\n\t<meta property=\"og:image:width\" content=\"1376\" \/>\n\t<meta property=\"og:image:height\" content=\"768\" \/>\n\t<meta property=\"og:image:type\" content=\"image\/jpeg\" \/>\n<meta name=\"author\" content=\"AntoineR\" \/>\n<meta name=\"twitter:card\" content=\"summary_large_image\" \/>\n<meta name=\"twitter:label1\" content=\"\u00c9crit par\" \/>\n\t<meta name=\"twitter:data1\" content=\"AntoineR\" \/>\n\t<meta name=\"twitter:label2\" content=\"Dur\u00e9e de lecture estim\u00e9e\" \/>\n\t<meta name=\"twitter:data2\" content=\"8 minutes\" \/>\n<script type=\"application\/ld+json\" class=\"yoast-schema-graph\">{\"@context\":\"https:\\\/\\\/schema.org\",\"@graph\":[{\"@type\":\"Article\",\"@id\":\"https:\\\/\\\/www.echoppe-francaise.fr\\\/blog\\\/lumens-eclairage-froid\\\/#article\",\"isPartOf\":{\"@id\":\"https:\\\/\\\/www.echoppe-francaise.fr\\\/blog\\\/lumens-eclairage-froid\\\/\"},\"author\":{\"name\":\"AntoineR\",\"@id\":\"https:\\\/\\\/www.echoppe-francaise.fr\\\/blog\\\/#\\\/schema\\\/person\\\/eef9eb08fd5394e6899ff8e6c5045b52\"},\"headline\":\"Combien de lumens pour un \u00e9clairage froid ?\",\"datePublished\":\"2026-03-12T14:47:35+00:00\",\"dateModified\":\"2026-03-16T16:51:50+00:00\",\"mainEntityOfPage\":{\"@id\":\"https:\\\/\\\/www.echoppe-francaise.fr\\\/blog\\\/lumens-eclairage-froid\\\/\"},\"wordCount\":1404,\"publisher\":{\"@id\":\"https:\\\/\\\/www.echoppe-francaise.fr\\\/blog\\\/#organization\"},\"image\":{\"@id\":\"https:\\\/\\\/www.echoppe-francaise.fr\\\/blog\\\/lumens-eclairage-froid\\\/#primaryimage\"},\"thumbnailUrl\":\"https:\\\/\\\/www.echoppe-francaise.fr\\\/blog\\\/wp-content\\\/uploads\\\/2026\\\/03\\\/bureau-moderne-et-lumineux.jpg\",\"articleSection\":[\"Guide Lampes et Luminaires\"],\"inLanguage\":\"fr-FR\"},{\"@type\":\"WebPage\",\"@id\":\"https:\\\/\\\/www.echoppe-francaise.fr\\\/blog\\\/lumens-eclairage-froid\\\/\",\"url\":\"https:\\\/\\\/www.echoppe-francaise.fr\\\/blog\\\/lumens-eclairage-froid\\\/\",\"name\":\"\u00c9clairage Froid : Combien de Lumens \\\/ kelvins choisir ?\",\"isPartOf\":{\"@id\":\"https:\\\/\\\/www.echoppe-francaise.fr\\\/blog\\\/#website\"},\"primaryImageOfPage\":{\"@id\":\"https:\\\/\\\/www.echoppe-francaise.fr\\\/blog\\\/lumens-eclairage-froid\\\/#primaryimage\"},\"image\":{\"@id\":\"https:\\\/\\\/www.echoppe-francaise.fr\\\/blog\\\/lumens-eclairage-froid\\\/#primaryimage\"},\"thumbnailUrl\":\"https:\\\/\\\/www.echoppe-francaise.fr\\\/blog\\\/wp-content\\\/uploads\\\/2026\\\/03\\\/bureau-moderne-et-lumineux.jpg\",\"datePublished\":\"2026-03-12T14:47:35+00:00\",\"dateModified\":\"2026-03-16T16:51:50+00:00\",\"description\":\"Envie d'un \u00e9clairage froid pour travailler ? D\u00e9couvrez comment choisir vos ampoules pour des environnements de travail.\",\"breadcrumb\":{\"@id\":\"https:\\\/\\\/www.echoppe-francaise.fr\\\/blog\\\/lumens-eclairage-froid\\\/#breadcrumb\"},\"inLanguage\":\"fr-FR\",\"potentialAction\":[{\"@type\":\"ReadAction\",\"target\":[\"https:\\\/\\\/www.echoppe-francaise.fr\\\/blog\\\/lumens-eclairage-froid\\\/\"]}]},{\"@type\":\"ImageObject\",\"inLanguage\":\"fr-FR\",\"@id\":\"https:\\\/\\\/www.echoppe-francaise.fr\\\/blog\\\/lumens-eclairage-froid\\\/#primaryimage\",\"url\":\"https:\\\/\\\/www.echoppe-francaise.fr\\\/blog\\\/wp-content\\\/uploads\\\/2026\\\/03\\\/bureau-moderne-et-lumineux.jpg\",\"contentUrl\":\"https:\\\/\\\/www.echoppe-francaise.fr\\\/blog\\\/wp-content\\\/uploads\\\/2026\\\/03\\\/bureau-moderne-et-lumineux.jpg\",\"width\":1376,\"height\":768,\"caption\":\"Un environnement de travail optimal o\u00f9 l'\u00e9clairage froid, combin\u00e9 \u00e0 une lampe de bureau, favorise la concentration et la productivit\u00e9.\"},{\"@type\":\"BreadcrumbList\",\"@id\":\"https:\\\/\\\/www.echoppe-francaise.fr\\\/blog\\\/lumens-eclairage-froid\\\/#breadcrumb\",\"itemListElement\":[{\"@type\":\"ListItem\",\"position\":1,\"name\":\"Accueil\",\"item\":\"https:\\\/\\\/www.echoppe-francaise.fr\\\/blog\\\/\"},{\"@type\":\"ListItem\",\"position\":2,\"name\":\"Combien de lumens pour un \u00e9clairage froid ?\"}]},{\"@type\":\"WebSite\",\"@id\":\"https:\\\/\\\/www.echoppe-francaise.fr\\\/blog\\\/#website\",\"url\":\"https:\\\/\\\/www.echoppe-francaise.fr\\\/blog\\\/\",\"name\":\"\u00c9choppe Fran\u00e7aise, le Blog\",\"description\":\"Le blog des Cr\u00e9atrices et Cr\u00e9ateurs fran\u00e7ais\",\"publisher\":{\"@id\":\"https:\\\/\\\/www.echoppe-francaise.fr\\\/blog\\\/#organization\"},\"potentialAction\":[{\"@type\":\"SearchAction\",\"target\":{\"@type\":\"EntryPoint\",\"urlTemplate\":\"https:\\\/\\\/www.echoppe-francaise.fr\\\/blog\\\/?s={search_term_string}\"},\"query-input\":{\"@type\":\"PropertyValueSpecification\",\"valueRequired\":true,\"valueName\":\"search_term_string\"}}],\"inLanguage\":\"fr-FR\"},{\"@type\":\"Organization\",\"@id\":\"https:\\\/\\\/www.echoppe-francaise.fr\\\/blog\\\/#organization\",\"name\":\"L'\u00e9choppe Fran\u00e7aise\",\"url\":\"https:\\\/\\\/www.echoppe-francaise.fr\\\/blog\\\/\",\"logo\":{\"@type\":\"ImageObject\",\"inLanguage\":\"fr-FR\",\"@id\":\"https:\\\/\\\/www.echoppe-francaise.fr\\\/blog\\\/#\\\/schema\\\/logo\\\/image\\\/\",\"url\":\"https:\\\/\\\/www.echoppe-francaise.fr\\\/blog\\\/wp-content\\\/uploads\\\/2017\\\/04\\\/echoppe-francaise-logo-1489412704.png\",\"contentUrl\":\"https:\\\/\\\/www.echoppe-francaise.fr\\\/blog\\\/wp-content\\\/uploads\\\/2017\\\/04\\\/echoppe-francaise-logo-1489412704.png\",\"width\":492,\"height\":270,\"caption\":\"L'\u00e9choppe Fran\u00e7aise\"},\"image\":{\"@id\":\"https:\\\/\\\/www.echoppe-francaise.fr\\\/blog\\\/#\\\/schema\\\/logo\\\/image\\\/\"}},{\"@type\":\"Person\",\"@id\":\"https:\\\/\\\/www.echoppe-francaise.fr\\\/blog\\\/#\\\/schema\\\/person\\\/eef9eb08fd5394e6899ff8e6c5045b52\",\"name\":\"AntoineR\",\"image\":{\"@type\":\"ImageObject\",\"inLanguage\":\"fr-FR\",\"@id\":\"https:\\\/\\\/secure.gravatar.com\\\/avatar\\\/11538476e65f843df3f3d146f6b3798ffda7e7510e46d9566b2379eca1b1cf4d?s=96&d=mm&r=g\",\"url\":\"https:\\\/\\\/secure.gravatar.com\\\/avatar\\\/11538476e65f843df3f3d146f6b3798ffda7e7510e46d9566b2379eca1b1cf4d?s=96&d=mm&r=g\",\"contentUrl\":\"https:\\\/\\\/secure.gravatar.com\\\/avatar\\\/11538476e65f843df3f3d146f6b3798ffda7e7510e46d9566b2379eca1b1cf4d?s=96&d=mm&r=g\",\"caption\":\"AntoineR\"},\"url\":\"https:\\\/\\\/www.echoppe-francaise.fr\\\/blog\\\/author\\\/antoiner\\\/\"}]}<\/script>\n<!-- \/ Yoast SEO plugin. -->","yoast_head_json":{"title":"\u00c9clairage Froid : Combien de Lumens \/ kelvins choisir ?","description":"Envie d'un \u00e9clairage froid pour travailler ? D\u00e9couvrez comment choisir vos ampoules pour des environnements de travail.","robots":{"index":"index","follow":"follow","max-snippet":"max-snippet:-1","max-image-preview":"max-image-preview:large","max-video-preview":"max-video-preview:-1"},"canonical":"https:\/\/www.echoppe-francaise.fr\/blog\/lumens-eclairage-froid\/","og_locale":"fr_FR","og_type":"article","og_title":"\u00c9clairage Froid : Combien de Lumens \/ kelvins choisir ?","og_description":"Envie d'un \u00e9clairage froid pour travailler ? D\u00e9couvrez comment choisir vos ampoules pour des environnements de travail.","og_url":"https:\/\/www.echoppe-francaise.fr\/blog\/lumens-eclairage-froid\/","og_site_name":"\u00c9choppe Fran\u00e7aise, le Blog","article_published_time":"2026-03-12T14:47:35+00:00","article_modified_time":"2026-03-16T16:51:50+00:00","og_image":[{"width":1376,"height":768,"url":"https:\/\/www.echoppe-francaise.fr\/blog\/wp-content\/uploads\/2026\/03\/bureau-moderne-et-lumineux.jpg","type":"image\/jpeg"}],"author":"AntoineR","twitter_card":"summary_large_image","twitter_misc":{"\u00c9crit par":"AntoineR","Dur\u00e9e de lecture estim\u00e9e":"8 minutes"},"schema":{"@context":"https:\/\/schema.org","@graph":[{"@type":"Article","@id":"https:\/\/www.echoppe-francaise.fr\/blog\/lumens-eclairage-froid\/#article","isPartOf":{"@id":"https:\/\/www.echoppe-francaise.fr\/blog\/lumens-eclairage-froid\/"},"author":{"name":"AntoineR","@id":"https:\/\/www.echoppe-francaise.fr\/blog\/#\/schema\/person\/eef9eb08fd5394e6899ff8e6c5045b52"},"headline":"Combien de lumens pour un \u00e9clairage froid ?","datePublished":"2026-03-12T14:47:35+00:00","dateModified":"2026-03-16T16:51:50+00:00","mainEntityOfPage":{"@id":"https:\/\/www.echoppe-francaise.fr\/blog\/lumens-eclairage-froid\/"},"wordCount":1404,"publisher":{"@id":"https:\/\/www.echoppe-francaise.fr\/blog\/#organization"},"image":{"@id":"https:\/\/www.echoppe-francaise.fr\/blog\/lumens-eclairage-froid\/#primaryimage"},"thumbnailUrl":"https:\/\/www.echoppe-francaise.fr\/blog\/wp-content\/uploads\/2026\/03\/bureau-moderne-et-lumineux.jpg","articleSection":["Guide Lampes et Luminaires"],"inLanguage":"fr-FR"},{"@type":"WebPage","@id":"https:\/\/www.echoppe-francaise.fr\/blog\/lumens-eclairage-froid\/","url":"https:\/\/www.echoppe-francaise.fr\/blog\/lumens-eclairage-froid\/","name":"\u00c9clairage Froid : Combien de Lumens \/ kelvins choisir ?","isPartOf":{"@id":"https:\/\/www.echoppe-francaise.fr\/blog\/#website"},"primaryImageOfPage":{"@id":"https:\/\/www.echoppe-francaise.fr\/blog\/lumens-eclairage-froid\/#primaryimage"},"image":{"@id":"https:\/\/www.echoppe-francaise.fr\/blog\/lumens-eclairage-froid\/#primaryimage"},"thumbnailUrl":"https:\/\/www.echoppe-francaise.fr\/blog\/wp-content\/uploads\/2026\/03\/bureau-moderne-et-lumineux.jpg","datePublished":"2026-03-12T14:47:35+00:00","dateModified":"2026-03-16T16:51:50+00:00","description":"Envie d'un \u00e9clairage froid pour travailler ? D\u00e9couvrez comment choisir vos ampoules pour des environnements de travail.","breadcrumb":{"@id":"https:\/\/www.echoppe-francaise.fr\/blog\/lumens-eclairage-froid\/#breadcrumb"},"inLanguage":"fr-FR","potentialAction":[{"@type":"ReadAction","target":["https:\/\/www.echoppe-francaise.fr\/blog\/lumens-eclairage-froid\/"]}]},{"@type":"ImageObject","inLanguage":"fr-FR","@id":"https:\/\/www.echoppe-francaise.fr\/blog\/lumens-eclairage-froid\/#primaryimage","url":"https:\/\/www.echoppe-francaise.fr\/blog\/wp-content\/uploads\/2026\/03\/bureau-moderne-et-lumineux.jpg","contentUrl":"https:\/\/www.echoppe-francaise.fr\/blog\/wp-content\/uploads\/2026\/03\/bureau-moderne-et-lumineux.jpg","width":1376,"height":768,"caption":"Un environnement de travail optimal o\u00f9 l'\u00e9clairage froid, combin\u00e9 \u00e0 une lampe de bureau, favorise la concentration et la productivit\u00e9."},{"@type":"BreadcrumbList","@id":"https:\/\/www.echoppe-francaise.fr\/blog\/lumens-eclairage-froid\/#breadcrumb","itemListElement":[{"@type":"ListItem","position":1,"name":"Accueil","item":"https:\/\/www.echoppe-francaise.fr\/blog\/"},{"@type":"ListItem","position":2,"name":"Combien de lumens pour un \u00e9clairage froid ?"}]},{"@type":"WebSite","@id":"https:\/\/www.echoppe-francaise.fr\/blog\/#website","url":"https:\/\/www.echoppe-francaise.fr\/blog\/","name":"\u00c9choppe Fran\u00e7aise, le Blog","description":"Le blog des Cr\u00e9atrices et Cr\u00e9ateurs fran\u00e7ais","publisher":{"@id":"https:\/\/www.echoppe-francaise.fr\/blog\/#organization"},"potentialAction":[{"@type":"SearchAction","target":{"@type":"EntryPoint","urlTemplate":"https:\/\/www.echoppe-francaise.fr\/blog\/?s={search_term_string}"},"query-input":{"@type":"PropertyValueSpecification","valueRequired":true,"valueName":"search_term_string"}}],"inLanguage":"fr-FR"},{"@type":"Organization","@id":"https:\/\/www.echoppe-francaise.fr\/blog\/#organization","name":"L'\u00e9choppe Fran\u00e7aise","url":"https:\/\/www.echoppe-francaise.fr\/blog\/","logo":{"@type":"ImageObject","inLanguage":"fr-FR","@id":"https:\/\/www.echoppe-francaise.fr\/blog\/#\/schema\/logo\/image\/","url":"https:\/\/www.echoppe-francaise.fr\/blog\/wp-content\/uploads\/2017\/04\/echoppe-francaise-logo-1489412704.png","contentUrl":"https:\/\/www.echoppe-francaise.fr\/blog\/wp-content\/uploads\/2017\/04\/echoppe-francaise-logo-1489412704.png","width":492,"height":270,"caption":"L'\u00e9choppe Fran\u00e7aise"},"image":{"@id":"https:\/\/www.echoppe-francaise.fr\/blog\/#\/schema\/logo\/image\/"}},{"@type":"Person","@id":"https:\/\/www.echoppe-francaise.fr\/blog\/#\/schema\/person\/eef9eb08fd5394e6899ff8e6c5045b52","name":"AntoineR","image":{"@type":"ImageObject","inLanguage":"fr-FR","@id":"https:\/\/secure.gravatar.com\/avatar\/11538476e65f843df3f3d146f6b3798ffda7e7510e46d9566b2379eca1b1cf4d?s=96&d=mm&r=g","url":"https:\/\/secure.gravatar.com\/avatar\/11538476e65f843df3f3d146f6b3798ffda7e7510e46d9566b2379eca1b1cf4d?s=96&d=mm&r=g","contentUrl":"https:\/\/secure.gravatar.com\/avatar\/11538476e65f843df3f3d146f6b3798ffda7e7510e46d9566b2379eca1b1cf4d?s=96&d=mm&r=g","caption":"AntoineR"},"url":"https:\/\/www.echoppe-francaise.fr\/blog\/author\/antoiner\/"}]}},"_links":{"self":[{"href":"https:\/\/www.echoppe-francaise.fr\/blog\/wp-json\/wp\/v2\/posts\/2421","targetHints":{"allow":["GET"]}}],"collection":[{"href":"https:\/\/www.echoppe-francaise.fr\/blog\/wp-json\/wp\/v2\/posts"}],"about":[{"href":"https:\/\/www.echoppe-francaise.fr\/blog\/wp-json\/wp\/v2\/types\/post"}],"author":[{"embeddable":true,"href":"https:\/\/www.echoppe-francaise.fr\/blog\/wp-json\/wp\/v2\/users\/6"}],"replies":[{"embeddable":true,"href":"https:\/\/www.echoppe-francaise.fr\/blog\/wp-json\/wp\/v2\/comments?post=2421"}],"version-history":[{"count":4,"href":"https:\/\/www.echoppe-francaise.fr\/blog\/wp-json\/wp\/v2\/posts\/2421\/revisions"}],"predecessor-version":[{"id":2450,"href":"https:\/\/www.echoppe-francaise.fr\/blog\/wp-json\/wp\/v2\/posts\/2421\/revisions\/2450"}],"wp:featuredmedia":[{"embeddable":true,"href":"https:\/\/www.echoppe-francaise.fr\/blog\/wp-json\/wp\/v2\/media\/2422"}],"wp:attachment":[{"href":"https:\/\/www.echoppe-francaise.fr\/blog\/wp-json\/wp\/v2\/media?parent=2421"}],"wp:term":[{"taxonomy":"category","embeddable":true,"href":"https:\/\/www.echoppe-francaise.fr\/blog\/wp-json\/wp\/v2\/categories?post=2421"},{"taxonomy":"post_tag","embeddable":true,"href":"https:\/\/www.echoppe-francaise.fr\/blog\/wp-json\/wp\/v2\/tags?post=2421"}],"curies":[{"name":"wp","href":"https:\/\/api.w.org\/{rel}","templated":true}]}}